{"id":169231,"date":"2025-04-16T09:38:02","date_gmt":"2025-04-16T12:38:02","guid":{"rendered":"https:\/\/cdnoticias.com\/?p=169231"},"modified":"2025-04-16T11:58:11","modified_gmt":"2025-04-16T14:58:11","slug":"el-smn-alerto-por-el-ingreso-de-un-frente-frio-el-pronostico-extendido-para-olavarria","status":"publish","type":"post","link":"https:\/\/cdnoticias.com\/index.php\/2025\/04\/16\/el-smn-alerto-por-el-ingreso-de-un-frente-frio-el-pronostico-extendido-para-olavarria\/","title":{"rendered":"El SMN alert\u00f3 por el ingreso de un frente fr\u00edo: el pron\u00f3stico extendido para Olavarr\u00eda"},"content":{"rendered":"<p>El organismo nacional anticip\u00f3 bajas temperaturas en gran parte del pa\u00eds, con m\u00ednimas de hasta 5\u202f\u00b0C en algunas regiones durante las celebraciones por Semana Santa.<!--more--><\/p>\n<hr \/>\n<p>El<strong> Servicio Meteorol\u00f3gico Nacional (SMN)<\/strong> alert\u00f3 sobre el <strong>ingreso de una masa de aire polar<\/strong> que provocar\u00e1 un <strong>marcado descenso de temperatura en gran parte del pa\u00eds<\/strong>. Seg\u00fan el organismo oficial, el ingreso de este frente fr\u00edo comenz\u00f3 a sentirse con la llegada del oto\u00f1o, pero su impacto m\u00e1s severo<strong> se har\u00e1 visible hacia el fin de semana largo de Semana Santa<\/strong>, cuando se prev\u00e9n<strong> las temperaturas m\u00e1s bajas del mes<\/strong>.<\/p>\n<blockquote><p>El SMN indic\u00f3 que Olavarr\u00eda experimentar\u00e1 m\u00ednimas de entre 5\u00ba y 9\u00ba y m\u00e1ximas que no superar\u00e1n los 20\u202f\u00b0C a partir del s\u00e1bado 19 de abril.<\/p><\/blockquote>\n<p>La zona <strong>centro bonaerense<\/strong> estar\u00e1 alcanzada por esas condiciones y se prev\u00e9 incluso que <strong>la sensaci\u00f3n t\u00e9rmica podr\u00eda descender hasta los 5\u202f\u00b0C el domingo<\/strong>, convirti\u00e9ndose en<strong> una de las jornadas m\u00e1s fr\u00edas del a\u00f1o<\/strong> hasta el momento.<\/p>\n<p>El pron\u00f3stico para los d\u00edas del 17 al 20 de abril, que incluye el feriado de Semana Santa, anticipa un per\u00edodo con<strong> condiciones estables<\/strong> pero con un progresivo descenso t\u00e9rmico.<\/p>\n<p>En cuanto a los <strong>principales destinos tur\u00edsticos, Tandil, Mar del Plata, Villa Gesell, Pinamar y La Costa<\/strong> tambi\u00e9n experimentar\u00e1n<strong> temperaturas fr\u00edas<\/strong> pero sin precipitaciones. Las m\u00ednimas rondar\u00e1n los 5\u00ba grados en Tandil y 11\u202f\u00b0C en las restantes ciudades. Las m\u00e1ximas oscilar\u00e1n entre los 17 y 21\u202f\u00b0C, siendo el viernes 18 la jornada m\u00e1s agradable en la regi\u00f3n, con cielo despejado y una m\u00e1xima prevista de 21\u202f\u00b0C.<\/p>\n<figure id=\"attachment_169232\" aria-describedby=\"caption-attachment-169232\" style=\"width: 1000px\" class=\"wp-caption aligncenter\"><img data-recalc-dims=\"1\" loading=\"lazy\" decoding=\"async\" class=\"wp-image-169232 size-full\" src=\"https:\/\/i0.wp.com\/cdnoticias.com\/wp-content\/uploads\/2025\/04\/pronostico-domingo-semana-santa-provincia.jpg?resize=800%2C445&#038;ssl=1\" alt=\"\" width=\"800\" height=\"445\" srcset=\"https:\/\/i0.wp.com\/cdnoticias.com\/wp-content\/uploads\/2025\/04\/pronostico-domingo-semana-santa-provincia.jpg?w=1000&amp;ssl=1 1000w, https:\/\/i0.wp.com\/cdnoticias.com\/wp-content\/uploads\/2025\/04\/pronostico-domingo-semana-santa-provincia.jpg?resize=300%2C167&amp;ssl=1 300w, https:\/\/i0.wp.com\/cdnoticias.com\/wp-content\/uploads\/2025\/04\/pronostico-domingo-semana-santa-provincia.jpg?resize=768%2C427&amp;ssl=1 768w, https:\/\/i0.wp.com\/cdnoticias.com\/wp-content\/uploads\/2025\/04\/pronostico-domingo-semana-santa-provincia.jpg?resize=800%2C445&amp;ssl=1 800w\" sizes=\"auto, (max-width: 800px) 100vw, 800px\" \/><figcaption id=\"caption-attachment-169232\" class=\"wp-caption-text\">El pron\u00f3stico para el domingo en la provincia de Buenos Aires: el d\u00eda m\u00e1s fr\u00edo hasta ahora.<\/figcaption><\/figure>\n<h3>El pron\u00f3stico para Olavarr\u00eda<\/h3>\n<p>EL SMN<strong> no prev\u00e9 lluvias para Olavarr\u00eda entre el jueves y el martes<\/strong>, aunque el sector estar\u00e1 alcanzado por el<strong> ingreso del frente fr\u00edo<\/strong> con lo que las marcas t\u00e9rmicas ser\u00e1n descendentes. Qu\u00e9 dice el <strong>pron\u00f3stico extendido<\/strong> para el fin de semana largo:<\/p>\n<p><strong>Jueves 17 de abril (Jueves Santo)<\/strong>: el cielo estar\u00e1 mayormente nublado. <em>La m\u00ednima ser\u00e1 de 10\u00ba y la m\u00e1xima de 21\u00ba<\/em>. El viento predominante ser\u00e1 del noroeste entre 7 y 12 km\/h, aunque por la ma\u00f1ana aumentar\u00e1 esa velocidad y virar\u00e1 el oeste.<\/p>\n<p><strong>Viernes 18 de abril (Viernes Santo)<\/strong>: el cielo estar\u00e1 algo nublado y el viento ser\u00e1 protagonista. <em>La m\u00ednima prevista es de 9\u00ba y la m\u00e1xima, 20\u00ba<\/em>. El viento ser\u00e1 protagonista: por la ma\u00f1ana ser\u00e1 del sudoeste y desde la tarde, del sudeste. Todo el d\u00eda soplar\u00e1 entre 13 y 22 km\/h aunque con r\u00e1fagas que superar\u00e1n los 40 km\/h.<\/p>\n<p><strong>S\u00e1bado 19<\/strong>: el cielo se mostrar\u00e1 mayormente nublado. <em>La m\u00ednima ser\u00e1 de 6\u00ba y la m\u00e1xima, de 17\u00ba<\/em>. Al igual que el d\u00eda anterior, todo el d\u00eda el viento soplar\u00e1 entre 13 y 22 km\/h del sudoeste y del sur.<\/p>\n<p><strong>Domingo 20 (Pascua)<\/strong>: el feriado de Pascuas ser\u00e1 la jornada m\u00e1s fr\u00eda ya que <em>la m\u00ednima descender\u00e1 a 5\u00ba y la m\u00e1xima apenas llegar\u00e1 a 16\u00ba<\/em>. El viento estar\u00e1 calmo.<\/p>\n<figure id=\"attachment_169233\" aria-describedby=\"caption-attachment-169233\" style=\"width: 1000px\" class=\"wp-caption aligncenter\"><img data-recalc-dims=\"1\" loading=\"lazy\" decoding=\"async\" class=\"wp-image-169233 size-full\" src=\"https:\/\/i0.wp.com\/cdnoticias.com\/wp-content\/uploads\/2025\/04\/pronostico-extendido-semana-santa.jpg?resize=800%2C446&#038;ssl=1\" alt=\"\" width=\"800\" height=\"446\" srcset=\"https:\/\/i0.wp.com\/cdnoticias.com\/wp-content\/uploads\/2025\/04\/pronostico-extendido-semana-santa.jpg?w=1000&amp;ssl=1 1000w, https:\/\/i0.wp.com\/cdnoticias.com\/wp-content\/uploads\/2025\/04\/pronostico-extendido-semana-santa.jpg?resize=300%2C167&amp;ssl=1 300w, https:\/\/i0.wp.com\/cdnoticias.com\/wp-content\/uploads\/2025\/04\/pronostico-extendido-semana-santa.jpg?resize=768%2C428&amp;ssl=1 768w, https:\/\/i0.wp.com\/cdnoticias.com\/wp-content\/uploads\/2025\/04\/pronostico-extendido-semana-santa.jpg?resize=800%2C445&amp;ssl=1 800w\" sizes=\"auto, (max-width: 800px) 100vw, 800px\" \/><figcaption id=\"caption-attachment-169233\" class=\"wp-caption-text\">El pron\u00f3stico extendido para Olavarr\u00eda.<\/figcaption><\/figure>\n<h3><\/h3>\n<h3>Sin alertas<\/h3>\n<p>Hasta este mi\u00e9rcoles 16 de abril, <strong>el Servicio Meteorol\u00f3gico Nacional no ha emitido alertas<\/strong> de nivel amarillo, naranja o rojo para la provincia de Buenos Aires.<\/p>\n<p>Tampoco se registran alertas activas en los principales corredores tur\u00edsticos del pa\u00eds, lo que indica que no se esperan fen\u00f3menos clim\u00e1ticos severos que puedan afectar el tr\u00e1nsito o las actividades al aire libre durante el feriado.<\/p>\n<p>A pesar de la baja de temperaturas, <strong>no se prev\u00e9n lluvias ni tormentas en la regi\u00f3n central del pa\u00eds<\/strong>, y el clima se mantendr\u00e1 seco y estable, con nubosidad variable. No obstante, el SMN recomend\u00f3 mantenerse informado mediante sus canales oficiales y consultar el pron\u00f3stico actualizado cada 12 horas, ya que las condiciones pueden cambiar en funci\u00f3n del comportamiento de los sistemas frontales.<\/p>\n<p>En regiones como el <strong>norte argentino<\/strong>, se esperan condiciones m\u00e1s c\u00e1lidas, con temperaturas superiores a los 30\u202f\u00b0C en provincias como Salta, Tucum\u00e1n, Formosa y Misiones, aunque con posibles lluvias aisladas hacia el domingo. En la<strong> Patagonia<\/strong>, el tiempo ser\u00e1 estable en la mayor\u00eda de las zonas, pero en \u00e1reas cordilleranas podr\u00edan registrarse vientos fuertes y nevadas dispersas, por lo que se aconseja a quienes viajen hacia el sur revisar con frecuencia los avisos emitidos por el SMN.<\/p>\n<p>El ingreso del frente fr\u00edo coincide con un <em>aumento en la movilidad nacional debido al fin de semana extralargo<\/em>. Por eso, autoridades y especialistas reiteran la importancia de consultar el pron\u00f3stico oficial, especialmente en zonas rurales o de tr\u00e1nsito frecuente, para evitar imprevistos ante posibles condiciones adversas como heladas o visibilidad reducida en rutas.<\/p>\n<p>Fuentes:<em> Infobae y SMN.<\/em><\/p>\n","protected":false},"excerpt":{"rendered":"<p>El organismo nacional anticip\u00f3 bajas temperaturas en gran parte del pa\u00eds, con m\u00ednimas de hasta 5\u202f\u00b0C en algunas regiones durante<\/p>\n","protected":false},"author":4,"featured_media":121661,"comment_status":"closed","ping_status":"closed","sticky":false,"template":"","format":"standard","meta":{"_jetpack_memberships_contains_paid_content":false,"footnotes":""},"categories":[5,1],"tags":[],"class_list":["post-169231","post","type-post","status-publish","format-standard","has-post-thumbnail","hentry","category-informacion-general","category-portada"],"jetpack_featured_media_url":"https:\/\/i0.wp.com\/cdnoticias.com\/wp-content\/uploads\/2024\/07\/clima-frio-invierno-despejado-sol-parque-03.jpg?fit=1000%2C556&ssl=1","jetpack_sharing_enabled":true,"_links":{"self":[{"href":"https:\/\/cdnoticias.com\/index.php\/wp-json\/wp\/v2\/posts\/169231","targetHints":{"allow":["GET"]}}],"collection":[{"href":"https:\/\/cdnoticias.com\/index.php\/wp-json\/wp\/v2\/posts"}],"about":[{"href":"https:\/\/cdnoticias.com\/index.php\/wp-json\/wp\/v2\/types\/post"}],"author":[{"embeddable":true,"href":"https:\/\/cdnoticias.com\/index.php\/wp-json\/wp\/v2\/users\/4"}],"replies":[{"embeddable":true,"href":"https:\/\/cdnoticias.com\/index.php\/wp-json\/wp\/v2\/comments?post=169231"}],"version-history":[{"count":0,"href":"https:\/\/cdnoticias.com\/index.php\/wp-json\/wp\/v2\/posts\/169231\/revisions"}],"wp:featuredmedia":[{"embeddable":true,"href":"https:\/\/cdnoticias.com\/index.php\/wp-json\/wp\/v2\/media\/121661"}],"wp:attachment":[{"href":"https:\/\/cdnoticias.com\/index.php\/wp-json\/wp\/v2\/media?parent=169231"}],"wp:term":[{"taxonomy":"category","embeddable":true,"href":"https:\/\/cdnoticias.com\/index.php\/wp-json\/wp\/v2\/categories?post=169231"},{"taxonomy":"post_tag","embeddable":true,"href":"https:\/\/cdnoticias.com\/index.php\/wp-json\/wp\/v2\/tags?post=169231"}],"curies":[{"name":"wp","href":"https:\/\/api.w.org\/{rel}","templated":true}]}}