{"id":169219,"date":"2025-04-15T20:17:43","date_gmt":"2025-04-15T23:17:43","guid":{"rendered":"https:\/\/cdnoticias.com\/?p=169219"},"modified":"2025-04-16T10:13:24","modified_gmt":"2025-04-16T13:13:24","slug":"tragedia-en-canuelas-una-mujer-y-once-caballos-murieron-tras-un-choque-multiple-en-la-ruta-6","status":"publish","type":"post","link":"https:\/\/cdnoticias.com\/index.php\/2025\/04\/15\/tragedia-en-canuelas-una-mujer-y-once-caballos-murieron-tras-un-choque-multiple-en-la-ruta-6\/","title":{"rendered":"Tragedia en Ca\u00f1uelas: una mujer y once caballos murieron tras un choque m\u00faltiple en la Ruta 6"},"content":{"rendered":"\n<p>El accidente ocurri\u00f3 el domingo por la noche e involucr\u00f3 a tres veh\u00edculos que impactaron contra una tropilla suelta. La v\u00edctima fatal era docente y vecina de San Vicente.<\/p>\n\n\n\n<hr class=\"wp-block-separator aligncenter has-alpha-channel-opacity\"\/>\n\n\n\n<p>Un grave siniestro vial ocurrido el domingo por la noche en <strong>la Ruta 6, a la altura del kil\u00f3metro 82<\/strong>, en jurisdicci\u00f3n de <strong>Ca\u00f1uelas<\/strong>, dej\u00f3 como saldo la muerte de una <strong>mujer<\/strong> y <strong>once caballos<\/strong>, adem\u00e1s de un <strong>hombre gravemente herido<\/strong>. El accidente se produjo cerca de las 21 horas, frente al campo de polo <strong>Puesto Viejo<\/strong>, cuando una <strong>tropilla de equinos sueltos<\/strong> fue embestida por tres veh\u00edculos que circulaban en ambas manos.<\/p>\n\n\n\n<p>La secuencia se inici\u00f3 cuando una <strong>Ford Ranger<\/strong>, en la que viajaban <strong>Jes\u00fas Navarro y Mar\u00eda Andrea Billones<\/strong>, choc\u00f3 contra un grupo de caballos. Ambos resultaron ilesos. Luego, una <strong>Toyota Hilux<\/strong> conducida por <strong>Luis Alves<\/strong>, tambi\u00e9n impact\u00f3 contra animales de la tropilla.<\/p>\n\n\n\n<p>El hecho deriv\u00f3 en una estampida que provoc\u00f3 que parte de los caballos cruzaran de mano y fueran embestidos por un <strong>Seat Toledo<\/strong> que circulaba en sentido opuesto. En este \u00faltimo veh\u00edculo viajaban <strong>Fernando Legname<\/strong>, quien fue hospitalizado con heridas de gravedad, y <strong>Ver\u00f3nica Fejula<\/strong>, docente oriunda de <strong>San Vicente<\/strong>, quien falleci\u00f3 en el acto.<\/p>\n\n\n\n<p>La v\u00edctima ense\u00f1aba en la <strong>Escuela Cristiana Evang\u00e9lica Argentina (ECEA)<\/strong> de <strong>Brandsen<\/strong>, instituci\u00f3n que este lunes suspendi\u00f3 las clases y expres\u00f3 su dolor por la p\u00e9rdida. Sus restos fueron inhumados este martes en el cementerio de San Vicente.<\/p>\n\n\n\n<p>La <strong>Unidad Fiscal N\u00b0 2 de Ca\u00f1uelas<\/strong> tom\u00f3 intervenci\u00f3n en el hecho, caratulado como <strong>\u201clesiones culposas y homicidio culposo\u201d<\/strong>. El tr\u00e1nsito en la zona fue interrumpido por varias horas mientras trabajaban <strong>bomberos voluntarios y personal policial<\/strong>.<\/p>\n\n\n\n<p>En las \u00faltimas horas, autoridades del <strong>Comando de Prevenci\u00f3n Rural<\/strong> confirmaron que los caballos pertenec\u00edan a la <strong>familia Palomeque<\/strong>, due\u00f1a de un campo lindero al lugar del accidente. Seg\u00fan trascendi\u00f3, los animales habr\u00edan escapado por un sector del <strong>alambrado en mal estado<\/strong>.<\/p>\n","protected":false},"excerpt":{"rendered":"<p>El accidente ocurri\u00f3 el domingo por la noche e involucr\u00f3 a tres veh\u00edculos que impactaron contra una tropilla suelta. La<\/p>\n","protected":false},"author":2,"featured_media":169220,"comment_status":"closed","ping_status":"closed","sticky":false,"template":"","format":"standard","meta":{"_jetpack_memberships_contains_paid_content":false,"footnotes":""},"categories":[6],"tags":[],"class_list":["post-169219","post","type-post","status-publish","format-standard","has-post-thumbnail","hentry","category-nacionales"],"jetpack_featured_media_url":"https:\/\/i0.wp.com\/cdnoticias.com\/wp-content\/uploads\/2025\/04\/tragedia-canuelas.jpg?fit=1100%2C619&ssl=1","jetpack_sharing_enabled":true,"_links":{"self":[{"href":"https:\/\/cdnoticias.com\/index.php\/wp-json\/wp\/v2\/posts\/169219","targetHints":{"allow":["GET"]}}],"collection":[{"href":"https:\/\/cdnoticias.com\/index.php\/wp-json\/wp\/v2\/posts"}],"about":[{"href":"https:\/\/cdnoticias.com\/index.php\/wp-json\/wp\/v2\/types\/post"}],"author":[{"embeddable":true,"href":"https:\/\/cdnoticias.com\/index.php\/wp-json\/wp\/v2\/users\/2"}],"replies":[{"embeddable":true,"href":"https:\/\/cdnoticias.com\/index.php\/wp-json\/wp\/v2\/comments?post=169219"}],"version-history":[{"count":0,"href":"https:\/\/cdnoticias.com\/index.php\/wp-json\/wp\/v2\/posts\/169219\/revisions"}],"wp:featuredmedia":[{"embeddable":true,"href":"https:\/\/cdnoticias.com\/index.php\/wp-json\/wp\/v2\/media\/169220"}],"wp:attachment":[{"href":"https:\/\/cdnoticias.com\/index.php\/wp-json\/wp\/v2\/media?parent=169219"}],"wp:term":[{"taxonomy":"category","embeddable":true,"href":"https:\/\/cdnoticias.com\/index.php\/wp-json\/wp\/v2\/categories?post=169219"},{"taxonomy":"post_tag","embeddable":true,"href":"https:\/\/cdnoticias.com\/index.php\/wp-json\/wp\/v2\/tags?post=169219"}],"curies":[{"name":"wp","href":"https:\/\/api.w.org\/{rel}","templated":true}]}}