{"id":169193,"date":"2025-04-21T17:04:01","date_gmt":"2025-04-21T20:04:01","guid":{"rendered":"https:\/\/cdnoticias.com\/?p=169193"},"modified":"2025-04-21T17:04:03","modified_gmt":"2025-04-21T20:04:03","slug":"yoga-integral-y-para-ninos-en-el-centro-cultural-san-jose","status":"publish","type":"post","link":"https:\/\/cdnoticias.com\/index.php\/2025\/04\/21\/yoga-integral-y-para-ninos-en-el-centro-cultural-san-jose\/","title":{"rendered":"Yoga integral y para ni\u00f1os en el Centro Cultural San Jos\u00e9"},"content":{"rendered":"\n<p>Las clases est\u00e1n destinadas a diferentes edades y son libres y gratuitas. Comenzar\u00e1n el jueves 24 de abril.&nbsp;<\/p>\n\n\n\n<hr class=\"wp-block-separator aligncenter has-alpha-channel-opacity\"\/>\n\n\n\n<p>A trav\u00e9s de la Subsecretar\u00eda de Cultura y Educaci\u00f3n, conjuntamente con la Subsecretar\u00eda de Deportes, se lleva adelante la<strong> propuesta de yoga en el Centro Cultural Municipal \u201cSan Jos\u00e9\u201d.<\/strong><\/p>\n\n\n\n<p><\/p>\n\n\n\n<blockquote class=\"wp-block-quote is-layout-flow wp-block-quote-is-layout-flow\">\n<p>Las clases est\u00e1n destinadas a diferentes edades, son libres y gratuitas y comenzar\u00e1n el pr\u00f3ximo jueves 24 de abril.\u00a0<\/p>\n<\/blockquote>\n\n\n\n<p><\/p>\n\n\n\n<p><strong>Cronograma completo\u00a0<\/strong><\/p>\n\n\n\n<ul class=\"wp-block-list\">\n<li>Yoga Integral. (Yoga-Naturaleza-Salud). A cargo de la profesora Graciela Ortega. Jueves de 9:00 a 11:00 horas. Contacto: 2284-227402. Traer mat\/colchoneta.\u00a0<\/li>\n<\/ul>\n\n\n\n<ul class=\"wp-block-list\">\n<li>Explorando el mundo con yoga. Para instituciones educativas nivel inicial y primer ciclo primario. A cargo de la profesora Graciela Ortega. Viernes 14:00 a 15:30 horas. Contacto: 2284-227402. Inscripciones: gracieortega.gra@gmail.com<\/li>\n<\/ul>\n\n\n\n<ul class=\"wp-block-list\">\n<li>Yoga para ni\u00f1os. (Entre 5 y 10 a\u00f1os de edad). A cargo de la profesora Graciela Ortega. Viernes 16: 00 a 17:15 horas. Contacto: 2284-227402. Traer mat\/colchoneta.<\/li>\n<\/ul>\n\n\n\n<p><\/p>\n","protected":false},"excerpt":{"rendered":"<p>Las clases est\u00e1n destinadas a diferentes edades y son libres y gratuitas. Comenzar\u00e1n el jueves 24 de abril.&nbsp; A trav\u00e9s<\/p>\n","protected":false},"author":6,"featured_media":169194,"comment_status":"closed","ping_status":"closed","sticky":false,"template":"","format":"standard","meta":{"_jetpack_memberships_contains_paid_content":false,"footnotes":""},"categories":[9,1],"tags":[],"class_list":["post-169193","post","type-post","status-publish","format-standard","has-post-thumbnail","hentry","category-cultura","category-portada"],"jetpack_featured_media_url":"https:\/\/i0.wp.com\/cdnoticias.com\/wp-content\/uploads\/2025\/04\/yoga-centro-cultural.jpg?fit=900%2C569&ssl=1","jetpack_sharing_enabled":true,"_links":{"self":[{"href":"https:\/\/cdnoticias.com\/index.php\/wp-json\/wp\/v2\/posts\/169193","targetHints":{"allow":["GET"]}}],"collection":[{"href":"https:\/\/cdnoticias.com\/index.php\/wp-json\/wp\/v2\/posts"}],"about":[{"href":"https:\/\/cdnoticias.com\/index.php\/wp-json\/wp\/v2\/types\/post"}],"author":[{"embeddable":true,"href":"https:\/\/cdnoticias.com\/index.php\/wp-json\/wp\/v2\/users\/6"}],"replies":[{"embeddable":true,"href":"https:\/\/cdnoticias.com\/index.php\/wp-json\/wp\/v2\/comments?post=169193"}],"version-history":[{"count":0,"href":"https:\/\/cdnoticias.com\/index.php\/wp-json\/wp\/v2\/posts\/169193\/revisions"}],"wp:featuredmedia":[{"embeddable":true,"href":"https:\/\/cdnoticias.com\/index.php\/wp-json\/wp\/v2\/media\/169194"}],"wp:attachment":[{"href":"https:\/\/cdnoticias.com\/index.php\/wp-json\/wp\/v2\/media?parent=169193"}],"wp:term":[{"taxonomy":"category","embeddable":true,"href":"https:\/\/cdnoticias.com\/index.php\/wp-json\/wp\/v2\/categories?post=169193"},{"taxonomy":"post_tag","embeddable":true,"href":"https:\/\/cdnoticias.com\/index.php\/wp-json\/wp\/v2\/tags?post=169193"}],"curies":[{"name":"wp","href":"https:\/\/api.w.org\/{rel}","templated":true}]}}