{"id":169187,"date":"2025-04-15T18:00:04","date_gmt":"2025-04-15T21:00:04","guid":{"rendered":"https:\/\/cdnoticias.com\/?p=169187"},"modified":"2025-04-15T18:00:48","modified_gmt":"2025-04-15T21:00:48","slug":"quedo-inaugurada-la-primera-muestra-del-ano-del-centro-cultural-san-jose","status":"publish","type":"post","link":"https:\/\/cdnoticias.com\/index.php\/2025\/04\/15\/quedo-inaugurada-la-primera-muestra-del-ano-del-centro-cultural-san-jose\/","title":{"rendered":"Qued\u00f3 inaugurada la primera muestra del a\u00f1o del Centro Cultural San Jos\u00e9"},"content":{"rendered":"\n<p>La muestra estar\u00e1 hasta el 11 de mayo y adem\u00e1s se brindar\u00e1n diversos talleres. &#8220;Vamos a seguir apostando por los artistas locales&#8221; expres\u00f3 la subsecretaria de Cultura y Educaci\u00f3n Sof\u00eda Ar\u00e9valo. <\/p>\n\n\n\n<hr class=\"wp-block-separator aligncenter has-alpha-channel-opacity\"\/>\n\n\n\n<p>Este s\u00e1bado <strong>qued\u00f3 inaugurada la primera muestra del a\u00f1o en el Centro Cultural Municipal San Jos\u00e9,<\/strong> que<strong> re\u00fane las obras de tres artistas:<\/strong> Cristina Ferreras (Buenos Aires) en Sala 1, Marisol Rekofsky (Olavarr\u00eda) en Sala 2 y Mauricio Nizzero (Buenos Aires) en Salas 3 y 4.<\/p>\n\n\n\n<p><\/p>\n\n\n\n<p>Si bien las obras y t\u00e9cnicas de cada artista son diferentes, con lenguajes y dial\u00e9cticas distintas que conjugan la instalaci\u00f3n, el videoarte, la ilustraci\u00f3n y el dibujo, se <strong>encuentra un hilo conductor <\/strong>al indagar en la corporalidad, la materializaci\u00f3n del dibujo en diferentes soportes y el concepto como figura y fondo del hacer art\u00edstico.<\/p>\n\n\n\n<p><\/p>\n\n\n\n<figure class=\"wp-block-image aligncenter size-full\"><img data-recalc-dims=\"1\" loading=\"lazy\" decoding=\"async\" width=\"800\" height=\"532\" src=\"https:\/\/i0.wp.com\/cdnoticias.com\/wp-content\/uploads\/2025\/04\/primera-muestra-del-ano-san-jose3.jpg?resize=800%2C532&#038;ssl=1\" alt=\"\" class=\"wp-image-169188\" srcset=\"https:\/\/i0.wp.com\/cdnoticias.com\/wp-content\/uploads\/2025\/04\/primera-muestra-del-ano-san-jose3.jpg?w=900&amp;ssl=1 900w, https:\/\/i0.wp.com\/cdnoticias.com\/wp-content\/uploads\/2025\/04\/primera-muestra-del-ano-san-jose3.jpg?resize=300%2C199&amp;ssl=1 300w, https:\/\/i0.wp.com\/cdnoticias.com\/wp-content\/uploads\/2025\/04\/primera-muestra-del-ano-san-jose3.jpg?resize=768%2C510&amp;ssl=1 768w, https:\/\/i0.wp.com\/cdnoticias.com\/wp-content\/uploads\/2025\/04\/primera-muestra-del-ano-san-jose3.jpg?resize=272%2C182&amp;ssl=1 272w\" sizes=\"auto, (max-width: 800px) 100vw, 800px\" \/><\/figure>\n\n\n\n<p><\/p>\n\n\n\n<p>La apertura cont\u00f3 con la presencia de la subsecretaria de Cultura y Educaci\u00f3n <strong>Sof\u00eda Ar\u00e9valo,<\/strong> quien destac\u00f3 que se trata de la primera inauguraci\u00f3n del 2025 del Centro Cultural \u201cSan Jos\u00e9\u201d y afirm\u00f3 que <strong><em>\u201cvamos a seguir apostando por los artistas, especialmente por artistas locales, como es el caso de Marisol Rekofsky y tambi\u00e9n hospedamos a artistas de Buenos Aires como Cristina Ferreras y Mauricio Nizzero, cada uno con lenguaje distinto, expres\u00e1ndose a trav\u00e9s del arte\u201d.<\/em><\/strong><\/p>\n\n\n\n<p><\/p>\n\n\n\n<figure class=\"wp-block-image aligncenter size-full\"><img data-recalc-dims=\"1\" loading=\"lazy\" decoding=\"async\" width=\"800\" height=\"532\" src=\"https:\/\/i0.wp.com\/cdnoticias.com\/wp-content\/uploads\/2025\/04\/primera-muestra-del-ano-san-jose.jpg?resize=800%2C532&#038;ssl=1\" alt=\"\" class=\"wp-image-169191\" srcset=\"https:\/\/i0.wp.com\/cdnoticias.com\/wp-content\/uploads\/2025\/04\/primera-muestra-del-ano-san-jose.jpg?w=900&amp;ssl=1 900w, https:\/\/i0.wp.com\/cdnoticias.com\/wp-content\/uploads\/2025\/04\/primera-muestra-del-ano-san-jose.jpg?resize=300%2C199&amp;ssl=1 300w, https:\/\/i0.wp.com\/cdnoticias.com\/wp-content\/uploads\/2025\/04\/primera-muestra-del-ano-san-jose.jpg?resize=768%2C510&amp;ssl=1 768w, https:\/\/i0.wp.com\/cdnoticias.com\/wp-content\/uploads\/2025\/04\/primera-muestra-del-ano-san-jose.jpg?resize=272%2C182&amp;ssl=1 272w\" sizes=\"auto, (max-width: 800px) 100vw, 800px\" \/><\/figure>\n\n\n\n<p><\/p>\n\n\n\n<p>Al mismo tiempo agreg\u00f3 que \u201cdentro de esta muestra que va a estar en exposici\u00f3n <strong>hasta el 11 de mayo,<\/strong> habr\u00e1 distintos talleres que se brindar\u00e1n en el espacio\u201d.<\/p>\n\n\n\n<p><\/p>\n\n\n\n<p>Por \u00faltimo, hizo hincapi\u00e9 en la importancia de brindarle un espacio a los artistas: &#8220;<strong><em>Desde la gesti\u00f3n apostamos en seguir acompa\u00f1ando a artistas locales y de afuera para que se puedan expresar en este espacio a trav\u00e9s de cada muestra\u201d.<\/em><\/strong><\/p>\n\n\n\n<p><\/p>\n\n\n\n<p>Se recuerda que los horarios de apertura del Centro Cultural, ubicado en Riobamba 2949, son: lunes a viernes de 8 a 18 horas. S\u00e1bados, domingos y feriados de 15 a 18 horas.<\/p>\n\n\n\n<p><\/p>\n\n\n\n<figure class=\"wp-block-image aligncenter size-full\"><img data-recalc-dims=\"1\" loading=\"lazy\" decoding=\"async\" width=\"800\" height=\"473\" src=\"https:\/\/i0.wp.com\/cdnoticias.com\/wp-content\/uploads\/2025\/04\/primera-muestra-del-ano-san-jose1jpg.png?resize=800%2C473&#038;ssl=1\" alt=\"\" class=\"wp-image-169190\" srcset=\"https:\/\/i0.wp.com\/cdnoticias.com\/wp-content\/uploads\/2025\/04\/primera-muestra-del-ano-san-jose1jpg.png?w=895&amp;ssl=1 895w, https:\/\/i0.wp.com\/cdnoticias.com\/wp-content\/uploads\/2025\/04\/primera-muestra-del-ano-san-jose1jpg.png?resize=300%2C177&amp;ssl=1 300w, https:\/\/i0.wp.com\/cdnoticias.com\/wp-content\/uploads\/2025\/04\/primera-muestra-del-ano-san-jose1jpg.png?resize=768%2C454&amp;ssl=1 768w\" sizes=\"auto, (max-width: 800px) 100vw, 800px\" \/><\/figure>\n","protected":false},"excerpt":{"rendered":"<p>La muestra estar\u00e1 hasta el 11 de mayo y adem\u00e1s se brindar\u00e1n diversos talleres. &#8220;Vamos a seguir apostando por los<\/p>\n","protected":false},"author":6,"featured_media":169189,"comment_status":"closed","ping_status":"closed","sticky":false,"template":"","format":"standard","meta":{"_jetpack_memberships_contains_paid_content":false,"footnotes":""},"categories":[9,1],"tags":[],"class_list":["post-169187","post","type-post","status-publish","format-standard","has-post-thumbnail","hentry","category-cultura","category-portada"],"jetpack_featured_media_url":"https:\/\/i0.wp.com\/cdnoticias.com\/wp-content\/uploads\/2025\/04\/primera-muestra-del-ano-san-jose2jpg.jpg?fit=900%2C598&ssl=1","jetpack_sharing_enabled":true,"_links":{"self":[{"href":"https:\/\/cdnoticias.com\/index.php\/wp-json\/wp\/v2\/posts\/169187","targetHints":{"allow":["GET"]}}],"collection":[{"href":"https:\/\/cdnoticias.com\/index.php\/wp-json\/wp\/v2\/posts"}],"about":[{"href":"https:\/\/cdnoticias.com\/index.php\/wp-json\/wp\/v2\/types\/post"}],"author":[{"embeddable":true,"href":"https:\/\/cdnoticias.com\/index.php\/wp-json\/wp\/v2\/users\/6"}],"replies":[{"embeddable":true,"href":"https:\/\/cdnoticias.com\/index.php\/wp-json\/wp\/v2\/comments?post=169187"}],"version-history":[{"count":0,"href":"https:\/\/cdnoticias.com\/index.php\/wp-json\/wp\/v2\/posts\/169187\/revisions"}],"wp:featuredmedia":[{"embeddable":true,"href":"https:\/\/cdnoticias.com\/index.php\/wp-json\/wp\/v2\/media\/169189"}],"wp:attachment":[{"href":"https:\/\/cdnoticias.com\/index.php\/wp-json\/wp\/v2\/media?parent=169187"}],"wp:term":[{"taxonomy":"category","embeddable":true,"href":"https:\/\/cdnoticias.com\/index.php\/wp-json\/wp\/v2\/categories?post=169187"},{"taxonomy":"post_tag","embeddable":true,"href":"https:\/\/cdnoticias.com\/index.php\/wp-json\/wp\/v2\/tags?post=169187"}],"curies":[{"name":"wp","href":"https:\/\/api.w.org\/{rel}","templated":true}]}}