{"id":169181,"date":"2025-04-15T19:12:27","date_gmt":"2025-04-15T22:12:27","guid":{"rendered":"https:\/\/cdnoticias.com\/?p=169181"},"modified":"2025-04-16T08:38:44","modified_gmt":"2025-04-16T11:38:44","slug":"el-programa-barrio-por-barrio-estara-en-hinojo-y-colonia-hinojo","status":"publish","type":"post","link":"https:\/\/cdnoticias.com\/index.php\/2025\/04\/15\/el-programa-barrio-por-barrio-estara-en-hinojo-y-colonia-hinojo\/","title":{"rendered":"El programa \u201cBarrio por Barrio\u201d estar\u00e1 en Hinojo y Colonia Hinojo\u00a0"},"content":{"rendered":"\n<p>Ser\u00e1 este mi\u00e9rcoles 16 para realizar un abordaje territorial e integral. El punto de encuentro ser\u00e1 la Delegaci\u00f3n Municipal de Hinojo.&nbsp;<\/p>\n\n\n\n<hr class=\"wp-block-separator aligncenter has-alpha-channel-opacity\"\/>\n\n\n\n<p>El programa municipal \u201c<strong>Barrio por Barrio\u201d contin\u00faa su recorrido por distintos puntos del Partido <\/strong>acercando a la comunidad la posibilidad de realizar la gesti\u00f3n de <strong>diversos tr\u00e1mites cerca de su casa<\/strong>, como as\u00ed tambi\u00e9n la respuesta inmediata y concreta a diversas cuestiones en<strong> materia de mantenimiento de calles y espacios p\u00fablicos.<\/strong><\/p>\n\n\n\n<p><\/p>\n\n\n\n<blockquote class=\"wp-block-quote is-layout-flow wp-block-quote-is-layout-flow\">\n<p>Este mi\u00e9rcoles 16 de abril, \u201cBarrio por Barrio\u201d llega a las localidades de Hinojo y Colonia Hinojo con un abordaje territorial e integral que se iniciar\u00e1 a partir de las 9 horas y que tendr\u00e1 como punto de encuentro la Delegaci\u00f3n Municipal de Hinojo.\u00a0<\/p>\n<\/blockquote>\n\n\n\n<p><\/p>\n\n\n\n<p>All\u00ed se dispondr\u00e1n distintos <strong>puntos de atenci\u00f3n para que vecinos y vecinas puedan acercarse a evacuar inquietudes <\/strong>como as\u00ed tambi\u00e9n llevar adelante diversos tr\u00e1mites que son gestionados desde la comuna.<\/p>\n\n\n\n<p><\/p>\n\n\n\n<p>Tal como se viene desarrollando en las ediciones anteriores, de forma paralela se iniciar\u00e1 un <strong>dispositivo puerta a puerta para relevar informaci\u00f3n y recabar consultas y necesidades<\/strong> que luego ser\u00e1n derivadas a las \u00e1reas correspondientes para su seguimiento y respuesta.<\/p>\n\n\n\n<p><\/p>\n\n\n\n<blockquote class=\"wp-block-quote is-layout-flow wp-block-quote-is-layout-flow\">\n<p>Adem\u00e1s, se desplegar\u00e1 personal de empresas que brindan servicios para el Municipio, como Coopelectric y Transportes Malvinas, para dar una respuesta integral mediante un trabajo simult\u00e1neo y complementario con distintos equipos de trabajo de la Secretar\u00eda de Obras, Infraestructura y Servicios P\u00fablicos.<\/p>\n<\/blockquote>\n\n\n\n<p><\/p>\n\n\n\n<p>Asimismo, se desarrollar\u00e1n tareas de <strong>prevenci\u00f3n y concientizaci\u00f3n en relaci\u00f3n al dengue<\/strong> y la importancia del descacharrado por parte del equipo de Epidemiolog\u00eda, al tiempo que, desde el \u00e1rea de Bromatolog\u00eda, se avanz\u00f3 en un abordaje en materia de <strong>inmunizaciones para perros y gatos.<\/strong><\/p>\n\n\n\n<p><\/p>\n\n\n\n<p>Este tipo de jornadas territoriales plantean un abordaje integral, para lo cual se dispone de la participaci\u00f3n del Intendente y los funcionarios del gabinete, junto con personal de las distintas \u00e1reas de gesti\u00f3n municipal: Salud, Educaci\u00f3n, Protecci\u00f3n Ciudadana, Obras P\u00fablicas, Desarrollo de la Comunidad, Defensa al Consumidor, Asuntos Legales, entre otras \u00e1reas.<\/p>\n","protected":false},"excerpt":{"rendered":"<p>Ser\u00e1 este mi\u00e9rcoles 16 para realizar un abordaje territorial e integral. El punto de encuentro ser\u00e1 la Delegaci\u00f3n Municipal de<\/p>\n","protected":false},"author":6,"featured_media":74615,"comment_status":"closed","ping_status":"closed","sticky":false,"template":"","format":"standard","meta":{"_jetpack_memberships_contains_paid_content":false,"footnotes":""},"categories":[5,1],"tags":[],"class_list":["post-169181","post","type-post","status-publish","format-standard","has-post-thumbnail","hentry","category-informacion-general","category-portada"],"jetpack_featured_media_url":"https:\/\/i0.wp.com\/cdnoticias.com\/wp-content\/uploads\/2023\/01\/HINOJO.jpg?fit=1024%2C682&ssl=1","jetpack_sharing_enabled":true,"_links":{"self":[{"href":"https:\/\/cdnoticias.com\/index.php\/wp-json\/wp\/v2\/posts\/169181","targetHints":{"allow":["GET"]}}],"collection":[{"href":"https:\/\/cdnoticias.com\/index.php\/wp-json\/wp\/v2\/posts"}],"about":[{"href":"https:\/\/cdnoticias.com\/index.php\/wp-json\/wp\/v2\/types\/post"}],"author":[{"embeddable":true,"href":"https:\/\/cdnoticias.com\/index.php\/wp-json\/wp\/v2\/users\/6"}],"replies":[{"embeddable":true,"href":"https:\/\/cdnoticias.com\/index.php\/wp-json\/wp\/v2\/comments?post=169181"}],"version-history":[{"count":0,"href":"https:\/\/cdnoticias.com\/index.php\/wp-json\/wp\/v2\/posts\/169181\/revisions"}],"wp:featuredmedia":[{"embeddable":true,"href":"https:\/\/cdnoticias.com\/index.php\/wp-json\/wp\/v2\/media\/74615"}],"wp:attachment":[{"href":"https:\/\/cdnoticias.com\/index.php\/wp-json\/wp\/v2\/media?parent=169181"}],"wp:term":[{"taxonomy":"category","embeddable":true,"href":"https:\/\/cdnoticias.com\/index.php\/wp-json\/wp\/v2\/categories?post=169181"},{"taxonomy":"post_tag","embeddable":true,"href":"https:\/\/cdnoticias.com\/index.php\/wp-json\/wp\/v2\/tags?post=169181"}],"curies":[{"name":"wp","href":"https:\/\/api.w.org\/{rel}","templated":true}]}}