{"id":169125,"date":"2025-04-14T20:18:25","date_gmt":"2025-04-14T23:18:25","guid":{"rendered":"https:\/\/cdnoticias.com\/?p=169125"},"modified":"2025-04-15T09:51:24","modified_gmt":"2025-04-15T12:51:24","slug":"renuevan-el-alerta-amarillo-por-tormentas-para-olavarria","status":"publish","type":"post","link":"https:\/\/cdnoticias.com\/index.php\/2025\/04\/14\/renuevan-el-alerta-amarillo-por-tormentas-para-olavarria\/","title":{"rendered":"Renuevan el alerta amarillo por tormentas para Olavarr\u00eda"},"content":{"rendered":"\n<p>Comenzar\u00e1 en la noche de este lunes y se extender\u00e1 hasta entrada la tarde del martes. Se estiman lluvias y tormentas aisladas y vientos moderados.<\/p>\n\n\n\n<hr class=\"wp-block-separator aligncenter has-alpha-channel-opacity\"\/>\n\n\n\n<p>Informado por el Servicio Meteorol\u00f3gico Nacional y difundido por el Municipio,<strong> se extendi\u00f3 el alerta amarilla por fuertes tormentas desde esta noche y hasta el martes por la tarde.<\/strong><\/p>\n\n\n\n<p><strong>Rige desde las 18:00 horas de este lunes y, por ahora, se mantendr\u00e1 hasta las 18:00 del martes<\/strong>: <em>\u201cEl \u00e1rea ser\u00e1 afectada por lluvias y tormentas aisladas, algunas localmente fuertes. Las mismas podr\u00e1n estar acompa\u00f1adas principalmente por abundante ca\u00edda de agua en cortos periodos, fuerte actividad el\u00e9ctrica, ocasional ca\u00edda de granizo y r\u00e1fagas que pueden superar los 60 km\/h\u201d<\/em> se indic\u00f3.<\/p>\n\n\n\n<figure class=\"wp-block-image size-full\"><img data-recalc-dims=\"1\" loading=\"lazy\" decoding=\"async\" width=\"642\" height=\"190\" src=\"https:\/\/i0.wp.com\/cdnoticias.com\/wp-content\/uploads\/2025\/04\/WhatsApp-Image-2025-04-14-at-20.10.24.jpeg?resize=642%2C190&#038;ssl=1\" alt=\"\" class=\"wp-image-169127\" srcset=\"https:\/\/i0.wp.com\/cdnoticias.com\/wp-content\/uploads\/2025\/04\/WhatsApp-Image-2025-04-14-at-20.10.24.jpeg?w=642&amp;ssl=1 642w, https:\/\/i0.wp.com\/cdnoticias.com\/wp-content\/uploads\/2025\/04\/WhatsApp-Image-2025-04-14-at-20.10.24.jpeg?resize=300%2C89&amp;ssl=1 300w\" sizes=\"auto, (max-width: 642px) 100vw, 642px\" \/><\/figure>\n\n\n\n<blockquote class=\"wp-block-quote is-layout-flow wp-block-quote-is-layout-flow\">\n<p>Adem\u00e1s, se prev\u00e9n \u201cvalores de precipitaci\u00f3n acumulada entre 30 y 50 mm, pudiendo ser superados en forma puntual\u201d.<\/p>\n<\/blockquote>\n\n\n\n<p><strong>Est\u00e1 prevista para el martes una m\u00e1xima de 18 grados <\/strong>y una m\u00ednima de 10. Los vientos, vale decir, soplar\u00e1n del noreste y sudoeste.<\/p>\n","protected":false},"excerpt":{"rendered":"<p>Comenzar\u00e1 en la noche de este lunes y se extender\u00e1 hasta entrada la tarde del martes. Se estiman lluvias y<\/p>\n","protected":false},"author":2,"featured_media":169126,"comment_status":"closed","ping_status":"closed","sticky":false,"template":"","format":"standard","meta":{"_jetpack_memberships_contains_paid_content":false,"footnotes":""},"categories":[5,1],"tags":[],"class_list":["post-169125","post","type-post","status-publish","format-standard","has-post-thumbnail","hentry","category-informacion-general","category-portada"],"jetpack_featured_media_url":"https:\/\/i0.wp.com\/cdnoticias.com\/wp-content\/uploads\/2025\/04\/WhatsApp-Image-2025-04-14-at-20.10.19.jpeg?fit=610%2C315&ssl=1","jetpack_sharing_enabled":true,"_links":{"self":[{"href":"https:\/\/cdnoticias.com\/index.php\/wp-json\/wp\/v2\/posts\/169125","targetHints":{"allow":["GET"]}}],"collection":[{"href":"https:\/\/cdnoticias.com\/index.php\/wp-json\/wp\/v2\/posts"}],"about":[{"href":"https:\/\/cdnoticias.com\/index.php\/wp-json\/wp\/v2\/types\/post"}],"author":[{"embeddable":true,"href":"https:\/\/cdnoticias.com\/index.php\/wp-json\/wp\/v2\/users\/2"}],"replies":[{"embeddable":true,"href":"https:\/\/cdnoticias.com\/index.php\/wp-json\/wp\/v2\/comments?post=169125"}],"version-history":[{"count":0,"href":"https:\/\/cdnoticias.com\/index.php\/wp-json\/wp\/v2\/posts\/169125\/revisions"}],"wp:featuredmedia":[{"embeddable":true,"href":"https:\/\/cdnoticias.com\/index.php\/wp-json\/wp\/v2\/media\/169126"}],"wp:attachment":[{"href":"https:\/\/cdnoticias.com\/index.php\/wp-json\/wp\/v2\/media?parent=169125"}],"wp:term":[{"taxonomy":"category","embeddable":true,"href":"https:\/\/cdnoticias.com\/index.php\/wp-json\/wp\/v2\/categories?post=169125"},{"taxonomy":"post_tag","embeddable":true,"href":"https:\/\/cdnoticias.com\/index.php\/wp-json\/wp\/v2\/tags?post=169125"}],"curies":[{"name":"wp","href":"https:\/\/api.w.org\/{rel}","templated":true}]}}