{"id":169100,"date":"2025-04-15T08:11:24","date_gmt":"2025-04-15T11:11:24","guid":{"rendered":"https:\/\/cdnoticias.com\/?p=169100"},"modified":"2025-04-15T11:15:07","modified_gmt":"2025-04-15T14:15:07","slug":"la-provincia-recibio-a-docentes-y-estatales-pero-la-oferta-salarial-debe-esperar","status":"publish","type":"post","link":"https:\/\/cdnoticias.com\/index.php\/2025\/04\/15\/la-provincia-recibio-a-docentes-y-estatales-pero-la-oferta-salarial-debe-esperar\/","title":{"rendered":"La Provincia recibi\u00f3 a docentes y estatales, pero la oferta salarial debe esperar"},"content":{"rendered":"\n<p>Los empleados p\u00fablicos bonaerenses se llevaron el compromiso de las autoridades sobre un nuevo ajuste para los sueldos.<\/p>\n\n\n\n<hr class=\"wp-block-separator aligncenter has-alpha-channel-opacity\"\/>\n\n\n\n<p>En medio de la aceleraci\u00f3n de la inflaci\u00f3n y la devaluaci\u00f3n de hecho con la liberaci\u00f3n del cepo que impactar\u00e1 en los precios, <strong>el Gobierno de Axel Kicillof recibi\u00f3 este lunes a representantes gremiales de docentes y estatales para discutir la pol\u00edtica salarial, <\/strong>aunque <strong>no hubo una oferta concreta<\/strong> sobre la mesa.<\/p>\n\n\n\n<p><\/p>\n\n\n\n<p>Primero fue el turno del <strong>Frente de Unidad Docentes Bonaerense (FUDB<\/strong>), quienes llegaron al encuentro en La Plata con expectativas de llevarse un n\u00famero de ajuste salarial.\u00a0 Si bien hubo un repaso sobre las medidas que tom\u00f3 el Gobierno de Javier Milei y c\u00f3mo van a repercutir en la provincia de Buenos Aires, <strong>no se llevaron una oferta por parte de las autoridades pero s\u00ed el compromiso de reunirse en breve.<\/strong><\/p>\n\n\n\n<p><\/p>\n\n\n\n<blockquote class=\"wp-block-quote is-layout-flow wp-block-quote-is-layout-flow\">\n<p>\u201cConsideramos que la situaci\u00f3n econ\u00f3mica nacional es cr\u00edtica, sin mejoras en el impacto de la inflaci\u00f3n y con un mayor ajuste. Por eso planteamos que es indispensable que haya una oferta salarial que mejore sustancialmente el salario de docentes en actividad y jubilados\u201d, indic\u00f3 el FUUDB, que tiene a Suteba y FEB como principales gremios.<\/p>\n<\/blockquote>\n\n\n\n<p><\/p>\n\n\n\n<p>Luego se reunieron en la sede del ministerio de Trabajo <strong>los estatales, que se llevaron el compromiso de recibir una oferta en los pr\u00f3ximos d\u00edas:<\/strong> &#8220;Nos parece importante que de manera mensual discutamos la actualizaci\u00f3n salarial y los derechos en general de los estatales. En relaci\u00f3n al aumento salarial, <strong>solicitamos que el acuerdo impacte en los salarios de abril que se cobran en mayo<\/strong>\u201d, asegur\u00f3 el titular de la Asociaci\u00f3n Trabajadores del Estado (ATE), Claudio Ar\u00e9valo.<\/p>\n\n\n\n<p><\/p>\n\n\n\n<p>Cabe destacar que el reclamo a las autoridades bonaerenses se da luego de que en abril los empleados p\u00fablicos cobraran el segundo aumento previsto en la \u00faltima mesa salarial. En febrero, la negociaci\u00f3n <strong>hab\u00eda llegado a buen puerto tras una suba del 7% al salario b\u00e1sico <\/strong>que se percibi\u00f3 en marzo y un ajuste del 2% cobrado en abril.\u00a0<\/p>\n\n\n\n<p><\/p>\n\n\n\n<p><em>Fuente: DIB<\/em><\/p>\n","protected":false},"excerpt":{"rendered":"<p>Los empleados p\u00fablicos bonaerenses se llevaron el compromiso de las autoridades sobre un nuevo ajuste para los sueldos. En medio<\/p>\n","protected":false},"author":6,"featured_media":132900,"comment_status":"closed","ping_status":"closed","sticky":false,"template":"","format":"standard","meta":{"_jetpack_memberships_contains_paid_content":false,"footnotes":""},"categories":[6,1],"tags":[],"class_list":["post-169100","post","type-post","status-publish","format-standard","has-post-thumbnail","hentry","category-nacionales","category-portada"],"jetpack_featured_media_url":"https:\/\/i0.wp.com\/cdnoticias.com\/wp-content\/uploads\/2024\/12\/docentes-paritarias-diciembre.png?fit=692%2C399&ssl=1","jetpack_sharing_enabled":true,"_links":{"self":[{"href":"https:\/\/cdnoticias.com\/index.php\/wp-json\/wp\/v2\/posts\/169100","targetHints":{"allow":["GET"]}}],"collection":[{"href":"https:\/\/cdnoticias.com\/index.php\/wp-json\/wp\/v2\/posts"}],"about":[{"href":"https:\/\/cdnoticias.com\/index.php\/wp-json\/wp\/v2\/types\/post"}],"author":[{"embeddable":true,"href":"https:\/\/cdnoticias.com\/index.php\/wp-json\/wp\/v2\/users\/6"}],"replies":[{"embeddable":true,"href":"https:\/\/cdnoticias.com\/index.php\/wp-json\/wp\/v2\/comments?post=169100"}],"version-history":[{"count":0,"href":"https:\/\/cdnoticias.com\/index.php\/wp-json\/wp\/v2\/posts\/169100\/revisions"}],"wp:featuredmedia":[{"embeddable":true,"href":"https:\/\/cdnoticias.com\/index.php\/wp-json\/wp\/v2\/media\/132900"}],"wp:attachment":[{"href":"https:\/\/cdnoticias.com\/index.php\/wp-json\/wp\/v2\/media?parent=169100"}],"wp:term":[{"taxonomy":"category","embeddable":true,"href":"https:\/\/cdnoticias.com\/index.php\/wp-json\/wp\/v2\/categories?post=169100"},{"taxonomy":"post_tag","embeddable":true,"href":"https:\/\/cdnoticias.com\/index.php\/wp-json\/wp\/v2\/tags?post=169100"}],"curies":[{"name":"wp","href":"https:\/\/api.w.org\/{rel}","templated":true}]}}