{"id":16910,"date":"2021-03-23T09:34:48","date_gmt":"2021-03-23T12:34:48","guid":{"rendered":"http:\/\/www.centraldenoticias.com.ar\/?p=16910"},"modified":"2021-03-23T12:52:22","modified_gmt":"2021-03-23T15:52:22","slug":"campana-para-visibilizar-trabajos-sin-estereotipos","status":"publish","type":"post","link":"https:\/\/cdnoticias.com\/index.php\/2021\/03\/23\/campana-para-visibilizar-trabajos-sin-estereotipos\/","title":{"rendered":"Campa\u00f1a para visibilizar \u201cTrabajos sin estereotipos\u201d"},"content":{"rendered":"<p>\u201cTraemos esta propuesta porque queremos ser protagonistas en la promoci\u00f3n y generaci\u00f3n de oportunidades de trabajo\u201d destac\u00f3 Eugenia Petesch de Mujeres Evita.<!--more--><\/p>\n<hr \/>\n<p>En el marco del<strong> mes por el D\u00eda Internacional de la Mujer Trabajadora<\/strong> desde <strong>Mujeres Evita<\/strong> se present\u00f3 la <strong>campa\u00f1a \u201cTrabajos sin estereotipos\u201d<\/strong>.<\/p>\n<p>&nbsp;<\/p>\n<p>Tiene como objetivo <strong>\u201cdar espacio, tiempo y voz a todas las mujeres y disidencias que est\u00e9n en proyectos de trabajos sin estereotipos\u201d<\/strong>.<\/p>\n<p>&nbsp;<\/p>\n<p>La propuesta consiste en <strong>generar un registro de mujeres y disidencias que se dediquen a trabajar en oficios y profesiones que hist\u00f3ricamente fueron vinculadas a los varones<\/strong>. Con ello se busca que toda la comunidad pueda acceder a ellas para<strong> generar redes feministas de trabajo<\/strong>.<\/p>\n<p>&nbsp;<\/p>\n<p>\u201cAl mismo tiempo realizaremos un <strong>relevamiento en los centros de formaci\u00f3n profesionales<\/strong> y en todas las instituciones que est\u00e9n relacionadas a cursos, talleres o espacios en los que siempre predominaron los hombres. Nuestro prop\u00f3sito es saber <strong>cu\u00e1ntas mujeres y disidencias ocupan estas instituciones y qu\u00e9 lugar se les otorga en estos espacios<\/strong>, para as\u00ed poder analizar qu\u00e9 relaci\u00f3n hay entre el curso y una salida laboral concreta\u201d indic\u00f3 desde Mujeres Evita.<\/p>\n<p>&nbsp;<\/p>\n<blockquote><p>Eugenia Petesch, una de las referentes de la organizaci\u00f3n, explic\u00f3 \u201ctraemos esta propuesta porque queremos ser protagonistas en la promoci\u00f3n y generaci\u00f3n de oportunidades de trabajo, porque creemos en la construcci\u00f3n de una sociedad m\u00e1s equitativa. Por eso invitamos a todas las mujeres y disidencias que son parte de estos ambientes laborales que se contacten con nosotras para trabajar en red\u201d.<\/p><\/blockquote>\n<p>&nbsp;<\/p>\n<p><strong>\u00bfQu\u00e9 son los trabajos sin estereotipos?<\/strong> Aquellos oficios que no cumplen con el estereotipo de g\u00e9nero impuesto por la sociedad. A modo de ejemplo se mencion\u00f3: alba\u00f1ilera\/e, chofera\/e, barrendera\/e, plomera\/e, gasista.<\/p>\n<p>&nbsp;<\/p>\n<p>Para sumarse a la campa\u00f1a \u201cTrabajos sin estereotipos\u201d y a la red pueden contactarse por Whatsapp al 2284-526172, por Facebook e Instagram a \/mujeresevita.olavarria.<\/p>\n","protected":false},"excerpt":{"rendered":"<p>\u201cTraemos esta propuesta porque queremos ser protagonistas en la promoci\u00f3n y generaci\u00f3n de oportunidades de trabajo\u201d destac\u00f3 Eugenia Petesch de<\/p>\n","protected":false},"author":4,"featured_media":16911,"comment_status":"closed","ping_status":"closed","sticky":false,"template":"","format":"standard","meta":{"_jetpack_memberships_contains_paid_content":false,"footnotes":""},"categories":[3,1],"tags":[],"class_list":["post-16910","post","type-post","status-publish","format-standard","has-post-thumbnail","hentry","category-genero","category-portada"],"jetpack_featured_media_url":"https:\/\/i0.wp.com\/cdnoticias.com\/wp-content\/uploads\/2021\/03\/mujeres-evita-00.jpg?fit=800%2C444&ssl=1","jetpack_sharing_enabled":true,"_links":{"self":[{"href":"https:\/\/cdnoticias.com\/index.php\/wp-json\/wp\/v2\/posts\/16910","targetHints":{"allow":["GET"]}}],"collection":[{"href":"https:\/\/cdnoticias.com\/index.php\/wp-json\/wp\/v2\/posts"}],"about":[{"href":"https:\/\/cdnoticias.com\/index.php\/wp-json\/wp\/v2\/types\/post"}],"author":[{"embeddable":true,"href":"https:\/\/cdnoticias.com\/index.php\/wp-json\/wp\/v2\/users\/4"}],"replies":[{"embeddable":true,"href":"https:\/\/cdnoticias.com\/index.php\/wp-json\/wp\/v2\/comments?post=16910"}],"version-history":[{"count":0,"href":"https:\/\/cdnoticias.com\/index.php\/wp-json\/wp\/v2\/posts\/16910\/revisions"}],"wp:featuredmedia":[{"embeddable":true,"href":"https:\/\/cdnoticias.com\/index.php\/wp-json\/wp\/v2\/media\/16911"}],"wp:attachment":[{"href":"https:\/\/cdnoticias.com\/index.php\/wp-json\/wp\/v2\/media?parent=16910"}],"wp:term":[{"taxonomy":"category","embeddable":true,"href":"https:\/\/cdnoticias.com\/index.php\/wp-json\/wp\/v2\/categories?post=16910"},{"taxonomy":"post_tag","embeddable":true,"href":"https:\/\/cdnoticias.com\/index.php\/wp-json\/wp\/v2\/tags?post=16910"}],"curies":[{"name":"wp","href":"https:\/\/api.w.org\/{rel}","templated":true}]}}