{"id":169092,"date":"2025-04-16T17:30:27","date_gmt":"2025-04-16T20:30:27","guid":{"rendered":"https:\/\/cdnoticias.com\/?p=169092"},"modified":"2025-04-16T17:30:27","modified_gmt":"2025-04-16T20:30:27","slug":"docente-de-sociales-realizo-una-estancia-de-investigacion-en-madrid","status":"publish","type":"post","link":"https:\/\/cdnoticias.com\/index.php\/2025\/04\/16\/docente-de-sociales-realizo-una-estancia-de-investigacion-en-madrid\/","title":{"rendered":"Docente de Sociales realiz\u00f3 una estancia de investigaci\u00f3n en Madrid"},"content":{"rendered":"\n<p>Se trata de la doctora Mercedes Mariano. Llev\u00f3 adelante una estad\u00eda durante tres meses en la capital espa\u00f1ola donde se aboc\u00f3 al estudio de experiencias de gesti\u00f3n del patrimonio cultural.<\/p>\n\n\n\n<hr class=\"wp-block-separator aligncenter has-alpha-channel-opacity\"\/>\n\n\n\n<p>Entre noviembre del 2024 y enero del corriente a\u00f1o,<strong> la doctora Mercedes Mariano<\/strong>, investigadora de PATRIMONIA (UE CONICET INCUAPA) y docente de la Facultad de Ciencias Sociales de la Universidad Nacional del Centro de la Provincia de Buenos Aires, <strong>llev\u00f3 adelante una estancia de investigaci\u00f3n en la Universidad Complutense de Madrid.<\/strong><\/p>\n\n\n\n<p><\/p>\n\n\n\n<p>La oportunidad se desprendi\u00f3 de las Becas Postdoctorales Externas para J\u00f3venes Investigadores del CONICET a\u00f1o 2023. El objetivo de la estancia fue <strong>abordar y ser parte de experiencias de gesti\u00f3n del patrimonio cultural en la ciudad de Madrid, Espa\u00f1a,<\/strong> con el fin de aprehender metodolog\u00edas participativas, situadas y aplicables para evaluar la sustentabilidad sociocultural del patrimonio y el acceso a los bienes patrimoniales y a los <strong>derechos culturales en h\u00e1bitat urbanos.<\/strong><\/p>\n\n\n\n<p><\/p>\n\n\n\n<p>El proyecto, desarrollado en la Universidad Complutense de Madrid a trav\u00e9s del Grupo de Investigaci\u00f3n Gesti\u00f3n del Patrimonio Cultural bajo la direcci\u00f3n de la doctora Alicia Castillo Mena, se titul\u00f3 <em>\u201cLa sustentabilidad sociocultural del patrimonio. Un abordaje antropol\u00f3gico vinculado con su gesti\u00f3n participativa e inclusiva en la ciudad de Madrid\u201d.<\/em><\/p>\n\n\n\n<p><\/p>\n\n\n\n<blockquote class=\"wp-block-quote is-layout-flow wp-block-quote-is-layout-flow\">\n<p>Al llegar a Madrid, a principios de noviembre de 2024, se pon\u00eda en marcha la elaboraci\u00f3n de un Plan Director de la Plaza Mayor de Madrid, ubicada en el centro de la capital espa\u00f1ola y que fue declarada Bien de Inter\u00e9s Cultural.\u00a0<\/p>\n<\/blockquote>\n\n\n\n<p><\/p>\n\n\n\n<figure class=\"wp-block-image aligncenter size-full\"><img data-recalc-dims=\"1\" loading=\"lazy\" decoding=\"async\" width=\"800\" height=\"517\" src=\"https:\/\/i0.wp.com\/cdnoticias.com\/wp-content\/uploads\/2025\/04\/mercedes-mariano-espana1.png?resize=800%2C517&#038;ssl=1\" alt=\"\" class=\"wp-image-169094\" srcset=\"https:\/\/i0.wp.com\/cdnoticias.com\/wp-content\/uploads\/2025\/04\/mercedes-mariano-espana1.png?w=900&amp;ssl=1 900w, https:\/\/i0.wp.com\/cdnoticias.com\/wp-content\/uploads\/2025\/04\/mercedes-mariano-espana1.png?resize=300%2C194&amp;ssl=1 300w, https:\/\/i0.wp.com\/cdnoticias.com\/wp-content\/uploads\/2025\/04\/mercedes-mariano-espana1.png?resize=768%2C497&amp;ssl=1 768w\" sizes=\"auto, (max-width: 800px) 100vw, 800px\" \/><\/figure>\n\n\n\n<p><\/p>\n\n\n\n<p>Mariano <strong>integr\u00f3 el equipo redactor <\/strong>a trav\u00e9s del grupo de Investigaci\u00f3n Gesti\u00f3n del Patrimonio Cultural de la UCM, junto a arquitectos\/as de la empresa Paisaje Transversal, investigadores\/as de los grupos Gesti\u00f3n del Patrimonio Cultural y de Investigaci\u00f3n Patrimonio, Turismo y Desarrollo (UCM) y, finalmente, de la Direcci\u00f3n General de Patrimonio, Subdirecci\u00f3n General de Paisaje Urbano y Arte P\u00fablico.<\/p>\n\n\n\n<p><\/p>\n\n\n\n<p><em>\u201cCon la elaboraci\u00f3n de este instrumento se busc\u00f3 conocer de forma exhaustiva la situaci\u00f3n del bien cultural para definir a corto, medio y largo plazo las l\u00edneas de actuaci\u00f3n en las materias de conservaci\u00f3n y disfrute p\u00fablico de este singular enclave patrimonial\u201d, <\/em>detall\u00f3 Mariano.<\/p>\n\n\n\n<p><\/p>\n\n\n\n<p>El trabajo para la elaboraci\u00f3n de dicho Plan, estaba estructurado en tres fases: una vinculada con la documentaci\u00f3n y conocimiento de la Plaza Mayor, otra de an\u00e1lisis y diagn\u00f3stico y una tercera fase de tipo propositiva.<\/p>\n\n\n\n<p><\/p>\n\n\n\n<p>Para poder dar cuenta del movimiento, la vida, los tiempos, la diversidad de actores y el conjunto de pr\u00e1cticas y sentidos que coexisten en la plaza, la observaci\u00f3n sistem\u00e1tica de la misma fue de total relevancia, por lo que gran parte del tiempo de la estancia realiz\u00f3<strong> trabajos de campo en la Plaza Mayor, <\/strong>per\u00edodo en el que siguieron esquemas de observaci\u00f3n preestablecidos.<\/p>\n\n\n\n<p><\/p>\n\n\n\n<blockquote class=\"wp-block-quote is-layout-flow wp-block-quote-is-layout-flow\">\n<p>A su vez, se llev\u00f3 a cabo un an\u00e1lisis de la normativa legal existente, leyes y decretos, sobre Patrimonio Cultural en general y de Patrimonio cultural inmaterial en particular y luego se identificaron todos los bienes culturales intangibles que tienen presencia en Plaza Mayor y que son claves para comprender su historia e identidad.<\/p>\n<\/blockquote>\n\n\n\n<p><\/p>\n\n\n\n<p>En suma, a trav\u00e9s de las observaciones se pudo llevar a cabo una aproximaci\u00f3n al uso y vida de la plaza, con sus actores y pr\u00e1cticas cotidianas. Con el uso de las encuestas se pudo llegar a las opiniones, percepciones as\u00ed como conflictos y disputas que los\/as habitantes y visitantes reconocen como importantes.&nbsp;<\/p>\n\n\n\n<p><\/p>\n\n\n\n<p>Finalmente a trav\u00e9s del an\u00e1lisis de las normas que promueven la salvaguardia y sustentabilidad de los bienes patrimoniales, fue posible <strong>construir un diagn\u00f3stico de situaci\u00f3<\/strong>n que, puesto en relaci\u00f3n con los otros datos, <strong>permitieron abordar los problemas que actualmente ponen en riesgo la perdurabilidad y autenticidad de las manifestaciones y expresiones culturales.<\/strong><\/p>\n\n\n\n<p><\/p>\n\n\n\n<p class=\"has-medium-font-size\"><strong>\u201cExperiencias enriquecedoras\u201d<\/strong><\/p>\n\n\n\n<p><em>\u201cTener la posibilidad de viajar y trabajar con equipos de investigaci\u00f3n interdisciplinarios que abordan temas directamente vinculados con la puesta en valor, la gesti\u00f3n y sustentabilidad del patrimonio cultural, es sin duda una experiencia que merece ser vivida. La experiencia fue totalmente positiva y, a nivel personal y profesional, enriquecedora\u201d,<\/em> manifest\u00f3 la Dra. Mariano.<\/p>\n\n\n\n<p><\/p>\n\n\n\n<p>Esta estancia le permiti\u00f3 <strong>participar de actividades de gran importancia <\/strong>como un encuentro internacional denominado \u201cHacia un cambio de paradigma en el turismo patrimonial. El potencial transformador de la Carta Internacional de ICOMOS sobre el Turismo Cultural Patrimonial (2022)\u201d, que se llev\u00f3 adelante en la ciudad de Granada, Espa\u00f1a.<\/p>\n\n\n\n<p><\/p>\n\n\n\n<p>En el encuentro se debati\u00f3 c\u00f3mo la aplicaci\u00f3n de la Carta Internacional puede contribuir a la protecci\u00f3n del patrimonio cultural y la resiliencia de las comunidades mediante una gesti\u00f3n responsable y sostenible del turismo.&nbsp;<\/p>\n\n\n\n<p><\/p>\n\n\n\n<blockquote class=\"wp-block-quote is-layout-flow wp-block-quote-is-layout-flow\">\n<p>Estas jornadas fueron particularmente enriquecedoras porque se abordaron las problem\u00e1ticas que el turismo genera en los sitios patrimonio de la humanidad y muchas, sino todas las problem\u00e1ticas o desaf\u00edos all\u00ed planteados, se corresponden con lo que sucede actualmente en Plaza Mayor.<\/p>\n<\/blockquote>\n\n\n\n<p><\/p>\n\n\n\n<p>Destac\u00f3 asimismo que pudo asistir \u201c<em>a encuentros en los que tuve la posibilidad de relevar, en casos concretos de sitios declarados por la UNESCO como patrimonio de la humanidad, los modos de participaci\u00f3n ciudadana vinculados con la gesti\u00f3n del patrimonio, pero con especial \u00e9nfasis en las disputas por el acceso y el derecho a los bienes culturales de las diversas asociaciones locales involucradas\u201d.\u00a0<\/em><\/p>\n\n\n\n<p><\/p>\n\n\n\n<p>Las actividades fueron en la localidad de San Lorenzo en el que se abordaron los retos y desaf\u00edos del \u201cEl Escorial\u201d a 40 a\u00f1os de su declaraci\u00f3n como sitio Patrimonio Mundial; y en Madrid, que se trat\u00f3 de una propuesta de reorganizaci\u00f3n del Consejo C\u00edvico y Social del Paseo de Prado y el Buen Retiro, Paisaje de las Artes y las Ciencias, que fue declarado Patrimonio Mundial en el 2021 en la categor\u00eda Paisaje Cultural por la UNESCO.<\/p>\n","protected":false},"excerpt":{"rendered":"<p>Se trata de la doctora Mercedes Mariano. Llev\u00f3 adelante una estad\u00eda durante tres meses en la capital espa\u00f1ola donde se<\/p>\n","protected":false},"author":6,"featured_media":169095,"comment_status":"closed","ping_status":"closed","sticky":false,"template":"","format":"standard","meta":{"_jetpack_memberships_contains_paid_content":false,"footnotes":""},"categories":[5,1],"tags":[],"class_list":["post-169092","post","type-post","status-publish","format-standard","has-post-thumbnail","hentry","category-informacion-general","category-portada"],"jetpack_featured_media_url":"https:\/\/i0.wp.com\/cdnoticias.com\/wp-content\/uploads\/2025\/04\/mercedes-mariano-espana.png?fit=900%2C612&ssl=1","jetpack_sharing_enabled":true,"_links":{"self":[{"href":"https:\/\/cdnoticias.com\/index.php\/wp-json\/wp\/v2\/posts\/169092","targetHints":{"allow":["GET"]}}],"collection":[{"href":"https:\/\/cdnoticias.com\/index.php\/wp-json\/wp\/v2\/posts"}],"about":[{"href":"https:\/\/cdnoticias.com\/index.php\/wp-json\/wp\/v2\/types\/post"}],"author":[{"embeddable":true,"href":"https:\/\/cdnoticias.com\/index.php\/wp-json\/wp\/v2\/users\/6"}],"replies":[{"embeddable":true,"href":"https:\/\/cdnoticias.com\/index.php\/wp-json\/wp\/v2\/comments?post=169092"}],"version-history":[{"count":0,"href":"https:\/\/cdnoticias.com\/index.php\/wp-json\/wp\/v2\/posts\/169092\/revisions"}],"wp:featuredmedia":[{"embeddable":true,"href":"https:\/\/cdnoticias.com\/index.php\/wp-json\/wp\/v2\/media\/169095"}],"wp:attachment":[{"href":"https:\/\/cdnoticias.com\/index.php\/wp-json\/wp\/v2\/media?parent=169092"}],"wp:term":[{"taxonomy":"category","embeddable":true,"href":"https:\/\/cdnoticias.com\/index.php\/wp-json\/wp\/v2\/categories?post=169092"},{"taxonomy":"post_tag","embeddable":true,"href":"https:\/\/cdnoticias.com\/index.php\/wp-json\/wp\/v2\/tags?post=169092"}],"curies":[{"name":"wp","href":"https:\/\/api.w.org\/{rel}","templated":true}]}}