{"id":169089,"date":"2025-04-14T20:05:11","date_gmt":"2025-04-14T23:05:11","guid":{"rendered":"https:\/\/cdnoticias.com\/?p=169089"},"modified":"2025-04-14T20:05:12","modified_gmt":"2025-04-14T23:05:12","slug":"lisandro-aristimuno-se-presenta-en-el-teatro-municipal","status":"publish","type":"post","link":"https:\/\/cdnoticias.com\/index.php\/2025\/04\/14\/lisandro-aristimuno-se-presenta-en-el-teatro-municipal\/","title":{"rendered":"Lisandro Aristimu\u00f1o se presenta en el Teatro Municipal\u00a0"},"content":{"rendered":"\n<p>Ser\u00e1 el viernes 27 de junio. Las entradas ya se encuentran a la venta.<\/p>\n\n\n\n<hr class=\"wp-block-separator aligncenter has-alpha-channel-opacity\"\/>\n\n\n\n<p>El pr\u00f3ximo<strong> viernes 27 de junio<\/strong> el artista<strong> Lisandro Aristimu\u00f1o se presentar\u00e1 en el Teatro Municipal a las 21 horas <\/strong>en el marco de su gira 2025.<\/p>\n\n\n\n<p><\/p>\n\n\n\n<p>Con la solvencia de un verdadero cl\u00e1sico que se caracteriza por sorprender siempre y transformarse en vivo, Lisandro Aristimu\u00f1o es la novedad permanente. Autor de una de las propuestas art\u00edsticas m\u00e1s creativas, renovadoras y elogiadas desde las cuales construy\u00f3 una identidad sonora propia e independiente.<\/p>\n\n\n\n<p><br>Este 2025 se presentar\u00e1 con una <strong>especial formaci\u00f3n de tr\u00edo junto a Lucas Argomedo en bajo y Mart\u00edn Casado en bater\u00eda,<\/strong> llevando sus canciones a una nueva sonoridad en la b\u00fasqueda de la experimentaci\u00f3n sonora y la imaginaci\u00f3n.<\/p>\n\n\n\n<p><\/p>\n\n\n\n<blockquote class=\"wp-block-quote is-layout-flow wp-block-quote-is-layout-flow\">\n<p>Compositor, productor y multifac\u00e9tico instrumentista, es creador de una obra consagratoria con la que ya ha conseguido 9 Premios Gardel, la nominaci\u00f3n a los Grammy Latinos y la distinci\u00f3n del Premio Konex como una de las 5 figuras m\u00e1s destacadas de la m\u00fasica popular argentina.<\/p>\n<\/blockquote>\n\n\n\n<p><br>Su \u00faltimo lanzamiento, <strong>\u201cEl Rostro de los Acantilados\u201d<\/strong> es su octavo \u00e1lbum de estudio y fue <strong>considerado entre los 10 mejores discos del 2023 por la Revista Rolling Stone Argentina. <\/strong>\u201cEl Rostro y La Luna\u201d es su edici\u00f3n en vivo, grabada el 1 de junio de 2024 en el Estadio Luna Park. Tiene dos videoclips de las canciones \u201cLos Ni\u00f1os del Amanecer\u201d y \u201cTu Mundo\u201d. <\/p>\n\n\n\n<p><\/p>\n\n\n\n<p>Este a\u00f1o adem\u00e1s es el <strong>20 aniversario de su ic\u00f3nico disco \u201cEse asunto de la ventana\u201d.<\/strong> En Buenos Aires agot\u00f3 9 veces el Teatro Gran Rex, hizo 3 Estadios Luna Park con entradas agotadas y fue el artista elegido para la apertura de los conciertos de Sting (2017) y David Byrne (2018). Adem\u00e1s, se present\u00f3 en los m\u00e1s importantes festivales, recorri\u00f3 varias veces toda la Argentina y las principales ciudades de Latinoam\u00e9rica y Espa\u00f1a.<\/p>\n\n\n\n<p><\/p>\n\n\n\n<p class=\"has-medium-font-size\"><strong>Venta de entradas <\/strong><\/p>\n\n\n\n<ul class=\"wp-block-list\">\n<li>Entradas (numeradas en plateas): $ 37.400 platea baja- $ 35.200 platea alta \u2013 $ 30.800 Pullman- $ 26.200 Super Pullman.<\/li>\n\n\n\n<li>Venta en el Teatro Municipal (Rivadavia 2780) con tarjetas de cr\u00e9dito, d\u00e9bito y billeteras virtuales.<\/li>\n\n\n\n<li>Venta en Tecnocentro (Rivadavia 3065) en efectivo.<\/li>\n\n\n\n<li>Venta online<a href=\"https:\/\/articket.com.ar\/LISANDRO-ARISTIMUNO-EN-OLAVARRIA\/\" target=\"_blank\" rel=\"noreferrer noopener\"> www.articket.com.ar<\/a> con cr\u00e9dito y d\u00e9bito.<\/li>\n<\/ul>\n\n\n\n<p><\/p>\n","protected":false},"excerpt":{"rendered":"<p>Ser\u00e1 el viernes 27 de junio. Las entradas ya se encuentran a la venta. El pr\u00f3ximo viernes 27 de junio<\/p>\n","protected":false},"author":6,"featured_media":169091,"comment_status":"closed","ping_status":"closed","sticky":false,"template":"","format":"standard","meta":{"_jetpack_memberships_contains_paid_content":false,"footnotes":""},"categories":[9,1],"tags":[],"class_list":["post-169089","post","type-post","status-publish","format-standard","has-post-thumbnail","hentry","category-cultura","category-portada"],"jetpack_featured_media_url":"https:\/\/i0.wp.com\/cdnoticias.com\/wp-content\/uploads\/2025\/04\/lisandro-aristimuno.jpg?fit=900%2C471&ssl=1","jetpack_sharing_enabled":true,"_links":{"self":[{"href":"https:\/\/cdnoticias.com\/index.php\/wp-json\/wp\/v2\/posts\/169089","targetHints":{"allow":["GET"]}}],"collection":[{"href":"https:\/\/cdnoticias.com\/index.php\/wp-json\/wp\/v2\/posts"}],"about":[{"href":"https:\/\/cdnoticias.com\/index.php\/wp-json\/wp\/v2\/types\/post"}],"author":[{"embeddable":true,"href":"https:\/\/cdnoticias.com\/index.php\/wp-json\/wp\/v2\/users\/6"}],"replies":[{"embeddable":true,"href":"https:\/\/cdnoticias.com\/index.php\/wp-json\/wp\/v2\/comments?post=169089"}],"version-history":[{"count":0,"href":"https:\/\/cdnoticias.com\/index.php\/wp-json\/wp\/v2\/posts\/169089\/revisions"}],"wp:featuredmedia":[{"embeddable":true,"href":"https:\/\/cdnoticias.com\/index.php\/wp-json\/wp\/v2\/media\/169091"}],"wp:attachment":[{"href":"https:\/\/cdnoticias.com\/index.php\/wp-json\/wp\/v2\/media?parent=169089"}],"wp:term":[{"taxonomy":"category","embeddable":true,"href":"https:\/\/cdnoticias.com\/index.php\/wp-json\/wp\/v2\/categories?post=169089"},{"taxonomy":"post_tag","embeddable":true,"href":"https:\/\/cdnoticias.com\/index.php\/wp-json\/wp\/v2\/tags?post=169089"}],"curies":[{"name":"wp","href":"https:\/\/api.w.org\/{rel}","templated":true}]}}