{"id":16908,"date":"2021-03-23T09:42:13","date_gmt":"2021-03-23T12:42:13","guid":{"rendered":"http:\/\/www.centraldenoticias.com.ar\/?p=16908"},"modified":"2021-03-23T14:11:32","modified_gmt":"2021-03-23T17:11:32","slug":"se-investiga-el-fallecimiento-de-un-transportista-en-un-establecimiento-rural","status":"publish","type":"post","link":"https:\/\/cdnoticias.com\/index.php\/2021\/03\/23\/se-investiga-el-fallecimiento-de-un-transportista-en-un-establecimiento-rural\/","title":{"rendered":"Se investiga el fallecimiento de un transportista en un establecimiento rural"},"content":{"rendered":"<p>La v\u00edctima de 64 a\u00f1os trabajaba en el lugar cuando fue hallado muerto. Se inici\u00f3 una investigaci\u00f3n por \u201caveriguaci\u00f3n de causales de muerte\u201d.<!--more--><\/p>\n<hr \/>\n<p><strong>Hacia las 20.45 del lunes un hombre de 64 a\u00f1os fue hallado muerto<\/strong> en la parte superior de la caja de un cami\u00f3n cargado con cereal en un establecimiento rural del Cuartel XII, en inmediaciones de Sierra Chica.<\/p>\n<p>&nbsp;<\/p>\n<p>Fue convocado personal m\u00e9dico que estableci\u00f3 el deceso y <strong>se inici\u00f3 una investigaci\u00f3n penal para determinar las causas<\/strong>.<\/p>\n<p>&nbsp;<\/p>\n<p>Seg\u00fan se inform\u00f3, el personal policial lleg\u00f3 hasta el campo tras un llamado al 911 que dio cuenta de que el hombre estaba sin vida en el <strong>establecimiento rural \u201cFort\u00edn Belgrano\u201d ubicado en el Cuartel XII<\/strong>.<\/p>\n<p>&nbsp;<\/p>\n<p>Se presentaron efectivos del <strong>Comando de Prevenci\u00f3n Rural<\/strong>, una dotaci\u00f3n de<strong> Bomberos<\/strong> y una ambulancia del <strong>Hospital Municipal<\/strong>.<\/p>\n<p>&nbsp;<\/p>\n<blockquote><p>All\u00ed encontraron el cuerpo de la v\u00edctima, identificado como Carlos Alberto Recio.<\/p><\/blockquote>\n<p>&nbsp;<\/p>\n<p>Mediante las primeras averiguaciones se pudo saber que <strong>el hombre era el transportista<\/strong>. Tras la carga del cereal en el cami\u00f3n, Recio se subi\u00f3 a la caja para acomodarlo y poco despu\u00e9s se produjo el deceso.<\/p>\n<p>Fue convocado personal de Polic\u00eda Cient\u00edfica para tomar huellas y realizar pericias en el lugar del hecho.<\/p>\n<p>&nbsp;<\/p>\n<p>Se iniciaron actuaciones caratuladas <strong>\u201caveriguaci\u00f3n de causales de muerte\u201d<\/strong> con intervenci\u00f3n de la UFI N.\u00ba 7 a cargo del fiscal Christian Url\u00e9zaga.<\/p>\n","protected":false},"excerpt":{"rendered":"<p>La v\u00edctima de 64 a\u00f1os trabajaba en el lugar cuando fue hallado muerto. Se inici\u00f3 una investigaci\u00f3n por \u201caveriguaci\u00f3n de<\/p>\n","protected":false},"author":4,"featured_media":6191,"comment_status":"closed","ping_status":"closed","sticky":false,"template":"","format":"standard","meta":{"_jetpack_memberships_contains_paid_content":false,"footnotes":""},"categories":[14,1],"tags":[],"class_list":["post-16908","post","type-post","status-publish","format-standard","has-post-thumbnail","hentry","category-policiales","category-portada"],"jetpack_featured_media_url":"https:\/\/i0.wp.com\/cdnoticias.com\/wp-content\/uploads\/2020\/11\/jonatan-torres-busqueda-loma-negra-1.jpeg?fit=1280%2C855&ssl=1","jetpack_sharing_enabled":true,"_links":{"self":[{"href":"https:\/\/cdnoticias.com\/index.php\/wp-json\/wp\/v2\/posts\/16908","targetHints":{"allow":["GET"]}}],"collection":[{"href":"https:\/\/cdnoticias.com\/index.php\/wp-json\/wp\/v2\/posts"}],"about":[{"href":"https:\/\/cdnoticias.com\/index.php\/wp-json\/wp\/v2\/types\/post"}],"author":[{"embeddable":true,"href":"https:\/\/cdnoticias.com\/index.php\/wp-json\/wp\/v2\/users\/4"}],"replies":[{"embeddable":true,"href":"https:\/\/cdnoticias.com\/index.php\/wp-json\/wp\/v2\/comments?post=16908"}],"version-history":[{"count":0,"href":"https:\/\/cdnoticias.com\/index.php\/wp-json\/wp\/v2\/posts\/16908\/revisions"}],"wp:featuredmedia":[{"embeddable":true,"href":"https:\/\/cdnoticias.com\/index.php\/wp-json\/wp\/v2\/media\/6191"}],"wp:attachment":[{"href":"https:\/\/cdnoticias.com\/index.php\/wp-json\/wp\/v2\/media?parent=16908"}],"wp:term":[{"taxonomy":"category","embeddable":true,"href":"https:\/\/cdnoticias.com\/index.php\/wp-json\/wp\/v2\/categories?post=16908"},{"taxonomy":"post_tag","embeddable":true,"href":"https:\/\/cdnoticias.com\/index.php\/wp-json\/wp\/v2\/tags?post=16908"}],"curies":[{"name":"wp","href":"https:\/\/api.w.org\/{rel}","templated":true}]}}