{"id":169023,"date":"2025-04-14T16:02:35","date_gmt":"2025-04-14T19:02:35","guid":{"rendered":"https:\/\/cdnoticias.com\/?p=169023"},"modified":"2025-04-14T16:02:36","modified_gmt":"2025-04-14T19:02:36","slug":"juventud-radical-de-olavarria-el-abandono-no-se-hace-esperar","status":"publish","type":"post","link":"https:\/\/cdnoticias.com\/index.php\/2025\/04\/14\/juventud-radical-de-olavarria-el-abandono-no-se-hace-esperar\/","title":{"rendered":"Juventud Radical de Olavarr\u00eda: \u201cEl abandono no se hace esperar\u201d"},"content":{"rendered":"<p>La agrupaci\u00f3n se refiri\u00f3 a la falta de iluminaci\u00f3n en los principales accesos a la ciudad de Olavarr\u00eda y los peligros que esto puede ocasionar.<!--more--><\/p>\n<hr \/>\n<p>La<strong> Juventud Radical<\/strong> se sum\u00f3 a los <strong>recientes reclamos realizados por la Uni\u00f3n C\u00edvica Radical<\/strong> ante la <strong>falta de iluminaci\u00f3n en los principales accesos a la ciudad<\/strong> y los peligros que esto puede ocasionar, no s\u00f3lo para los conductores, sino tambi\u00e9n para los peatones que transitan por la zona en horas de la noche.<\/p>\n<blockquote><p>Desde el espacio conducido por Nahuel Gonz\u00e1lez, se\u00f1alaron que \u201cel Gobierno Nacional y el Municipal no se hacen cargo y se tiran la pelota ante la falta de luminarias en la Ruta Nacional 226 y en el ingreso a la Avenida Pellegrini, mientras que los que transitan por esos sectores, ya sea para ir a las localidades o salir de la ciudad, son los que padecen las irresponsabilidades de los gobernantes\u201d.<\/p><\/blockquote>\n<p>En esta misma l\u00ednea, expresaron que esta situaci\u00f3n se suma a la <strong>oscuridad en la rotonda del cruce de Ruta 226 y Avenida Emiliozzi<\/strong> que d\u00edas atr\u00e1s fue denunciada a trav\u00e9s de un <a href=\"https:\/\/cdnoticias.com\/index.php\/2025\/03\/19\/la-ucr-reclamo-por-la-iluminacion-de-la-rotonda-de-ruta-226-y-emiliozzi\/\" target=\"_blank\" rel=\"noopener\">proyecto de comunicaci\u00f3n presentado por los concejales de la UCR<\/a>, quienes solicitaron a la Agencia Nacional de Seguridad Vial y Corredores SA que dispongan las medidas necesarias para la instalaci\u00f3n de luminarias en la zona.<\/p>\n<p>Y finalizaron:<strong> \u201cNo se debe esperar a que sigan ocurriendo accidentes para reaccionar. El abandono no se hace esperar\u201d<\/strong>.<\/p>\n","protected":false},"excerpt":{"rendered":"<p>La agrupaci\u00f3n se refiri\u00f3 a la falta de iluminaci\u00f3n en los principales accesos a la ciudad de Olavarr\u00eda y los<\/p>\n","protected":false},"author":4,"featured_media":169024,"comment_status":"closed","ping_status":"closed","sticky":false,"template":"","format":"standard","meta":{"_jetpack_memberships_contains_paid_content":false,"footnotes":""},"categories":[4,1],"tags":[],"class_list":["post-169023","post","type-post","status-publish","format-standard","has-post-thumbnail","hentry","category-politica","category-portada"],"jetpack_featured_media_url":"https:\/\/i0.wp.com\/cdnoticias.com\/wp-content\/uploads\/2025\/04\/juventud-radical-iluminacion-ruta-226.jpg?fit=800%2C444&ssl=1","jetpack_sharing_enabled":true,"_links":{"self":[{"href":"https:\/\/cdnoticias.com\/index.php\/wp-json\/wp\/v2\/posts\/169023","targetHints":{"allow":["GET"]}}],"collection":[{"href":"https:\/\/cdnoticias.com\/index.php\/wp-json\/wp\/v2\/posts"}],"about":[{"href":"https:\/\/cdnoticias.com\/index.php\/wp-json\/wp\/v2\/types\/post"}],"author":[{"embeddable":true,"href":"https:\/\/cdnoticias.com\/index.php\/wp-json\/wp\/v2\/users\/4"}],"replies":[{"embeddable":true,"href":"https:\/\/cdnoticias.com\/index.php\/wp-json\/wp\/v2\/comments?post=169023"}],"version-history":[{"count":0,"href":"https:\/\/cdnoticias.com\/index.php\/wp-json\/wp\/v2\/posts\/169023\/revisions"}],"wp:featuredmedia":[{"embeddable":true,"href":"https:\/\/cdnoticias.com\/index.php\/wp-json\/wp\/v2\/media\/169024"}],"wp:attachment":[{"href":"https:\/\/cdnoticias.com\/index.php\/wp-json\/wp\/v2\/media?parent=169023"}],"wp:term":[{"taxonomy":"category","embeddable":true,"href":"https:\/\/cdnoticias.com\/index.php\/wp-json\/wp\/v2\/categories?post=169023"},{"taxonomy":"post_tag","embeddable":true,"href":"https:\/\/cdnoticias.com\/index.php\/wp-json\/wp\/v2\/tags?post=169023"}],"curies":[{"name":"wp","href":"https:\/\/api.w.org\/{rel}","templated":true}]}}