{"id":169018,"date":"2025-04-14T10:39:31","date_gmt":"2025-04-14T13:39:31","guid":{"rendered":"https:\/\/cdnoticias.com\/?p=169018"},"modified":"2025-04-14T12:38:26","modified_gmt":"2025-04-14T15:38:26","slug":"feria-de-artesanos-por-semana-santa-en-la-plaza-central","status":"publish","type":"post","link":"https:\/\/cdnoticias.com\/index.php\/2025\/04\/14\/feria-de-artesanos-por-semana-santa-en-la-plaza-central\/","title":{"rendered":"Feria de artesanos por Semana Santa en la Plaza Central"},"content":{"rendered":"<p>Se realizar\u00e1 desde este mi\u00e9rcoles hasta el pr\u00f3ximo domingo inclusive.<!--more--><\/p>\n<hr \/>\n<p>La <strong>Subsecretar\u00eda de Cultura y Educaci\u00f3n del Municipio de Olavarr\u00eda<\/strong> inform\u00f3 que <strong>desde el mi\u00e9rcoles 17 al domingo 20 de abril<\/strong> habr\u00e1 <strong>feria de artesanos en la Plaza Central \u201cCoronel Olavarr\u00eda\u201d<\/strong> (sobre calle Rivadavia), en el marco de la Semana Santa.<\/p>\n<p>Las jornadas se extender\u00e1n <strong>desde las 10 hasta las 20 horas<\/strong>. Participar\u00e1n artesanos locales fiscalizados que utilizan diferentes t\u00e9cnicas tales como papel mach\u00e9, orfebrer\u00eda, tejido en telar, hilado, encuadernaci\u00f3n, cester\u00eda ecol\u00f3gica, cer\u00e1mica, vitrofusi\u00f3n, marroquiner\u00eda, madera, amigurumis, macram\u00e9, velas, pintura art\u00edstica, bordado, artesan\u00eda reciclada y resignificaci\u00f3n.<\/p>\n<p>&#8220;El objetivo de esta propuesta es impulsar y reconocer la actividad artesanal en el Partido de Olavarr\u00eda, y que a trav\u00e9s de este tipo de eventos se permita dar un espacio de encuentro y sociabilizaci\u00f3n, generando v\u00ednculos y colaborando a la econom\u00eda social&#8221; defini\u00f3 la dependencia municipal.<\/p>\n","protected":false},"excerpt":{"rendered":"<p>Se realizar\u00e1 desde este mi\u00e9rcoles hasta el pr\u00f3ximo domingo inclusive.<\/p>\n","protected":false},"author":4,"featured_media":133937,"comment_status":"closed","ping_status":"closed","sticky":false,"template":"","format":"standard","meta":{"_jetpack_memberships_contains_paid_content":false,"footnotes":""},"categories":[9,1],"tags":[],"class_list":["post-169018","post","type-post","status-publish","format-standard","has-post-thumbnail","hentry","category-cultura","category-portada"],"jetpack_featured_media_url":"https:\/\/i0.wp.com\/cdnoticias.com\/wp-content\/uploads\/2025\/01\/feria-de-artesanos-plaza-00.jpg?fit=1000%2C556&ssl=1","jetpack_sharing_enabled":true,"_links":{"self":[{"href":"https:\/\/cdnoticias.com\/index.php\/wp-json\/wp\/v2\/posts\/169018","targetHints":{"allow":["GET"]}}],"collection":[{"href":"https:\/\/cdnoticias.com\/index.php\/wp-json\/wp\/v2\/posts"}],"about":[{"href":"https:\/\/cdnoticias.com\/index.php\/wp-json\/wp\/v2\/types\/post"}],"author":[{"embeddable":true,"href":"https:\/\/cdnoticias.com\/index.php\/wp-json\/wp\/v2\/users\/4"}],"replies":[{"embeddable":true,"href":"https:\/\/cdnoticias.com\/index.php\/wp-json\/wp\/v2\/comments?post=169018"}],"version-history":[{"count":0,"href":"https:\/\/cdnoticias.com\/index.php\/wp-json\/wp\/v2\/posts\/169018\/revisions"}],"wp:featuredmedia":[{"embeddable":true,"href":"https:\/\/cdnoticias.com\/index.php\/wp-json\/wp\/v2\/media\/133937"}],"wp:attachment":[{"href":"https:\/\/cdnoticias.com\/index.php\/wp-json\/wp\/v2\/media?parent=169018"}],"wp:term":[{"taxonomy":"category","embeddable":true,"href":"https:\/\/cdnoticias.com\/index.php\/wp-json\/wp\/v2\/categories?post=169018"},{"taxonomy":"post_tag","embeddable":true,"href":"https:\/\/cdnoticias.com\/index.php\/wp-json\/wp\/v2\/tags?post=169018"}],"curies":[{"name":"wp","href":"https:\/\/api.w.org\/{rel}","templated":true}]}}