{"id":169015,"date":"2025-04-14T11:15:03","date_gmt":"2025-04-14T14:15:03","guid":{"rendered":"https:\/\/cdnoticias.com\/?p=169015"},"modified":"2025-04-14T11:19:23","modified_gmt":"2025-04-14T14:19:23","slug":"con-quejas-cristina-pidio-que-se-acompane-el-proyecto-de-kicillof-de-elecciones-desdobladas","status":"publish","type":"post","link":"https:\/\/cdnoticias.com\/index.php\/2025\/04\/14\/con-quejas-cristina-pidio-que-se-acompane-el-proyecto-de-kicillof-de-elecciones-desdobladas\/","title":{"rendered":"Con quejas, Cristina pidi\u00f3 que se acompa\u00f1e el proyecto de Kicillof de elecciones desdobladas"},"content":{"rendered":"<p>La ex presidenta pidi\u00f3 este lunes a los presidentes de los bloques de su fuerza \u201cque desistan del proyecto de ley de concurrencia electoral para que los bonaerenses voten una sola vez\u201d.<!--more--><\/p>\n<hr \/>\n<p>La<strong> ex presidenta Cristina Fern\u00e1ndez<\/strong> pidi\u00f3 a los<strong> presidentes de los bloques<\/strong> de su fuerza en la Legislatura bonaerense <strong>\u201cque desistan del proyecto de ley de concurrencia electoral para que los bonaerenses voten una sola vez\u201d<\/strong>. \u201cCreyendo\u201d todav\u00eda que <em>\u201clo mejor para los bonaerenses en general, y para el peronismo en particular, es votar una sola vez, el 26 de octubre\u201d<\/em>, Fern\u00e1ndez pidi\u00f3 que se acompa\u00f1e, \u201cen la parte pertinente, el proyecto de ley del compa\u00f1ero gobernador que fuera firmado por la oposici\u00f3n (UCR, LLA y el PRO)\u201d.<\/p>\n<blockquote><p>\u201cHoy, 14 de abril, sigo creyendo, junto a otros compa\u00f1eros y compa\u00f1eras, que en las pr\u00f3ximas elecciones parlamentarias en la PBA, tanto nacionales como provinciales, lo mejor para los bonaerenses en general, y para el peronismo en particular; es votar una sola vez, el 26 de octubre. O sea: elecciones concurrentes tal y como se viene haciendo hace m\u00e1s de 40 a\u00f1os, desde el advenimiento de la democracia, y bajo administraciones de distinto signo pol\u00edtico\u201d, inici\u00f3 su texto Cristina Fern\u00e1ndez, publicado este lunes a las 8 en punto, alternando como siempre con expresiones escritas en su totalidad con letras may\u00fasculas.<\/p><\/blockquote>\n<p>\u201cEs mejor para los bonaerenses en general: porque<strong> ir a votar dos veces con una diferencia de apenas 6 semanas entre una elecci\u00f3n y otra<\/strong>; y, al mismo tiempo, destinar <strong>cuantiosos recursos por el desdoblamiento electoral<\/strong>, no parece ser lo m\u00e1s aconsejable. Sobre todo, en el marco de las dificultades econ\u00f3micas y de toda \u00edndole que est\u00e1 atravesando la sociedad producto de las pol\u00edticas de Milei\u201d, sigue la expresidenta.<\/p>\n<blockquote class=\"twitter-tweet\">\n<p dir=\"ltr\" lang=\"es\">HOY, 14 de abril, sigo creyendo, junto a otros compa\u00f1eros y compa\u00f1eras, que en las pr\u00f3ximas elecciones parlamentarias en la PBA, tanto nacionales como provinciales, LO MEJOR PARA LOS BONAERENSES en general, Y PARA EL PERONISMO en particular; ES VOTAR UNA SOLA VEZ, EL 26 DE\u2026<\/p>\n<p>\u2014 Cristina Kirchner (@CFKArgentina) <a href=\"https:\/\/twitter.com\/CFKArgentina\/status\/1911736198902743265?ref_src=twsrc%5Etfw\">April 14, 2025<\/a><\/p><\/blockquote>\n<p><script async src=\"https:\/\/platform.twitter.com\/widgets.js\" charset=\"utf-8\"><\/script><\/p>\n<p>De acuerdo con Cristina Fern\u00e1ndez, <strong>\u201cen la Provincia de Buenos Aires, m\u00e1s de mil obras p\u00fablicas paralizadas, 8 de cada 10 nuevos desempleados son bonaerenses<\/strong>, la actividad econ\u00f3mica cay\u00f3 8 puntos interanual, el consumo tiene su peor descenso desde 2016 y se perdieron 11 puntos de Coparticipaci\u00f3n Federal. Estas son solo algunas de las<strong> calamidades acontecidas desde la llegada de Milei a la Casa Rosada\u201d<\/strong>.<\/p>\n<p>Por otro lado, \u201cpara el peronismo en particular\u201d tambi\u00e9n es mejor que se vote solo una vez en la provincia. \u201cPorque<strong> es un error provincializar la elecci\u00f3n al desdoblarla, habida cuenta de las penurias del pueblo bonaerense producto de la ca\u00edda de recursos<\/strong> y, al mismo tiempo, dividir los esfuerzos en dos elecciones; tal cual lo manifest\u00e9 en la reuni\u00f3n plenaria del consejo provincial del PJ bonaerense, celebrado en la localidad de Moreno el 9 de diciembre del 2024. Mirando en retrospectiva, <strong>no deja de llamarme la atenci\u00f3n que en aquel encuentro nadie pidiera la palabra para argumentar las conveniencias del desdoblamiento<\/strong>. Sobre todo, teniendo en cuenta que \u00e9se era el \u00e1mbito m\u00e1s propicio, en t\u00e9rminos pol\u00edticos e institucionales, para hacerlo; ya que se contaba con la presencia de toda la dirigencia partidaria y de gobierno, tanto del Poder Ejecutivo como del Poder Legislativo de la Provincia de Buenos Aires\u201d.<\/p>\n<blockquote><p>Con las diferencias del caso, no obstante, la ex presidenta plante\u00f3: \u201cHoy, como presidenta del Partido Justicialista Nacional, y a pesar de seguir creyendo que desdoblar las elecciones en las Provincia de Buenos Aires es un error pol\u00edtico (Dios quiera me equivoque), les he pedido a los presidentes de los bloques legislativos provinciales de nuestra fuerza pol\u00edtica, compa\u00f1era cenadora Teresa Garc\u00eda y compa\u00f1ero diputado Facundo Tignanelli, que desistan del proyecto de ley de concurrencia electoral para que los bonaerenses voten una sola vez\u201d.<\/p><\/blockquote>\n<p><img data-recalc-dims=\"1\" loading=\"lazy\" decoding=\"async\" class=\"aligncenter wp-image-102166\" src=\"https:\/\/i0.wp.com\/cdnoticias.com\/wp-content\/uploads\/2023\/11\/cristina-voto-19-nov-2023.jpg?resize=800%2C450&#038;ssl=1\" alt=\"\" width=\"800\" height=\"450\" srcset=\"https:\/\/i0.wp.com\/cdnoticias.com\/wp-content\/uploads\/2023\/11\/cristina-voto-19-nov-2023.jpg?w=1000&amp;ssl=1 1000w, https:\/\/i0.wp.com\/cdnoticias.com\/wp-content\/uploads\/2023\/11\/cristina-voto-19-nov-2023.jpg?resize=300%2C169&amp;ssl=1 300w, https:\/\/i0.wp.com\/cdnoticias.com\/wp-content\/uploads\/2023\/11\/cristina-voto-19-nov-2023.jpg?resize=768%2C432&amp;ssl=1 768w\" sizes=\"auto, (max-width: 800px) 100vw, 800px\" \/><\/p>\n<p>En ese sentido, sigue Fern\u00e1ndez, <strong>les pidi\u00f3 a Garc\u00eda y a Tignanelli \u201cque transmitan a los compa\u00f1eros y compa\u00f1eras de ambas bancadas, que acompa\u00f1en<\/strong>, en la parte pertinente, el proyecto de ley del compa\u00f1ero gobernador que fuera firmado por la oposici\u00f3n (UCR, LLA y el PRO). De esta manera, los bonaerenses estar\u00e1n obligados a votar dos veces, habida cuenta que el lunes 7 de abril pasado se public\u00f3 en el bolet\u00edn oficial el Decreto provincial de convocatoria a elecciones para el d\u00eda 7 de septiembre del corriente a\u00f1o y, como es de p\u00fablico y notorio, las elecciones nacionales se llevar\u00e1n a cabo el 26 de octubre, de acuerdo con la ley vigente\u201d.<\/p>\n<p>A modo de cierre,<strong> \u201cno se puede, ni se debe seguir distrayendo tiempo y energ\u00edas, rest\u00e1ndolas a lo que realmente importa<\/strong>: encarar y resolver los verdaderos problemas que hoy sufren los bonaerenses y que, a no dudarlo, se agravar\u00e1n despu\u00e9s de la devaluaci\u00f3n impuesta al gobierno de Milei tras un nuevo acuerdo con el Fondo Monetario Internacional. Acuerdo que, adem\u00e1s y como siempre, viene con las condicionalidades que hist\u00f3ricamente han perjudicado los intereses del pa\u00eds, trayendo s\u00f3lo tristeza y miseria al pueblo argentino\u201d.<\/p>\n<p>Fuente: <em>Agencia DIB<\/em><\/p>\n<blockquote class=\"wp-embedded-content\" data-secret=\"zH4xfda4xN\"><p><a href=\"https:\/\/cdnoticias.com\/index.php\/2025\/04\/07\/kicillof-anuncio-que-desdoblara-las-elecciones-de-las-nacionales-y-seran-el-7-de-septiembre\/\">Kicillof anunci\u00f3 que desdoblar\u00e1 las elecciones de las nacionales y ser\u00e1n el 7 de septiembre<\/a><\/p><\/blockquote>\n<p><iframe loading=\"lazy\" class=\"wp-embedded-content\" sandbox=\"allow-scripts\" security=\"restricted\" style=\"position: absolute; visibility: hidden;\" title=\"&#8220;Kicillof anunci\u00f3 que desdoblar\u00e1 las elecciones de las nacionales y ser\u00e1n el 7 de septiembre&#8221; &#8212; Central de Noticias | Olavarr\u00eda\" src=\"https:\/\/cdnoticias.com\/index.php\/2025\/04\/07\/kicillof-anuncio-que-desdoblara-las-elecciones-de-las-nacionales-y-seran-el-7-de-septiembre\/embed\/#?secret=2ppaQ7R1hY#?secret=zH4xfda4xN\" data-secret=\"zH4xfda4xN\" width=\"600\" height=\"338\" frameborder=\"0\" marginwidth=\"0\" marginheight=\"0\" scrolling=\"no\"><\/iframe><\/p>\n","protected":false},"excerpt":{"rendered":"<p>La ex presidenta pidi\u00f3 este lunes a los presidentes de los bloques de su fuerza \u201cque desistan del proyecto de<\/p>\n","protected":false},"author":4,"featured_media":169016,"comment_status":"closed","ping_status":"closed","sticky":false,"template":"","format":"standard","meta":{"_jetpack_memberships_contains_paid_content":false,"footnotes":""},"categories":[6,1],"tags":[],"class_list":["post-169015","post","type-post","status-publish","format-standard","has-post-thumbnail","hentry","category-nacionales","category-portada"],"jetpack_featured_media_url":"https:\/\/i0.wp.com\/cdnoticias.com\/wp-content\/uploads\/2025\/04\/DIB-Cristina-Fernandez-Axel-Kicillof.jpg?fit=696%2C391&ssl=1","jetpack_sharing_enabled":true,"_links":{"self":[{"href":"https:\/\/cdnoticias.com\/index.php\/wp-json\/wp\/v2\/posts\/169015","targetHints":{"allow":["GET"]}}],"collection":[{"href":"https:\/\/cdnoticias.com\/index.php\/wp-json\/wp\/v2\/posts"}],"about":[{"href":"https:\/\/cdnoticias.com\/index.php\/wp-json\/wp\/v2\/types\/post"}],"author":[{"embeddable":true,"href":"https:\/\/cdnoticias.com\/index.php\/wp-json\/wp\/v2\/users\/4"}],"replies":[{"embeddable":true,"href":"https:\/\/cdnoticias.com\/index.php\/wp-json\/wp\/v2\/comments?post=169015"}],"version-history":[{"count":0,"href":"https:\/\/cdnoticias.com\/index.php\/wp-json\/wp\/v2\/posts\/169015\/revisions"}],"wp:featuredmedia":[{"embeddable":true,"href":"https:\/\/cdnoticias.com\/index.php\/wp-json\/wp\/v2\/media\/169016"}],"wp:attachment":[{"href":"https:\/\/cdnoticias.com\/index.php\/wp-json\/wp\/v2\/media?parent=169015"}],"wp:term":[{"taxonomy":"category","embeddable":true,"href":"https:\/\/cdnoticias.com\/index.php\/wp-json\/wp\/v2\/categories?post=169015"},{"taxonomy":"post_tag","embeddable":true,"href":"https:\/\/cdnoticias.com\/index.php\/wp-json\/wp\/v2\/tags?post=169015"}],"curies":[{"name":"wp","href":"https:\/\/api.w.org\/{rel}","templated":true}]}}