{"id":168978,"date":"2025-04-13T17:59:22","date_gmt":"2025-04-13T20:59:22","guid":{"rendered":"https:\/\/cdnoticias.com\/?p=168978"},"modified":"2025-04-13T20:08:08","modified_gmt":"2025-04-13T23:08:08","slug":"todo-roto","status":"publish","type":"post","link":"https:\/\/cdnoticias.com\/index.php\/2025\/04\/13\/todo-roto\/","title":{"rendered":"Todo roto"},"content":{"rendered":"\n<p>El cierre de FABI dio un golpe muy duro a la realidad laboral de Olavarr\u00eda pero sobre todo a la identidad de una comunidad. Los cruces del HCD, el primer \u201cporoteo\u201d de las legislativas, ahora con fecha definida. En UNICEN hubo novedades.<\/p>\n\n\n\n<hr class=\"wp-block-separator aligncenter has-alpha-channel-opacity\"\/>\n\n\n\n<p><em>Por Volver a las Fuentes, de Josefina Bargas y Alexis Grierson<\/em><\/p>\n\n\n\n<p class=\"has-large-font-size\"><strong>\u201cOperaci\u00f3n no sustentable\u201d<\/strong><\/p>\n\n\n\n<figure class=\"wp-block-image size-full\"><img data-recalc-dims=\"1\" loading=\"lazy\" decoding=\"async\" width=\"800\" height=\"445\" src=\"https:\/\/i0.wp.com\/cdnoticias.com\/wp-content\/uploads\/2025\/04\/fabi-hinojo-00.jpg?resize=800%2C445&#038;ssl=1\" alt=\"\" class=\"wp-image-168490\" srcset=\"https:\/\/i0.wp.com\/cdnoticias.com\/wp-content\/uploads\/2025\/04\/fabi-hinojo-00.jpg?w=1000&amp;ssl=1 1000w, https:\/\/i0.wp.com\/cdnoticias.com\/wp-content\/uploads\/2025\/04\/fabi-hinojo-00.jpg?resize=300%2C167&amp;ssl=1 300w, https:\/\/i0.wp.com\/cdnoticias.com\/wp-content\/uploads\/2025\/04\/fabi-hinojo-00.jpg?resize=768%2C427&amp;ssl=1 768w, https:\/\/i0.wp.com\/cdnoticias.com\/wp-content\/uploads\/2025\/04\/fabi-hinojo-00.jpg?resize=800%2C445&amp;ssl=1 800w\" sizes=\"auto, (max-width: 800px) 100vw, 800px\" \/><\/figure>\n\n\n\n<p><strong>La empresa FABI cerr\u00f3 en Hinojo.<\/strong> Era la empresa que m\u00e1s mano de obra contrataba en la localidad y <strong>el impacto de 100 puestos de trabajo directos menos y unos 50 indirectos se sentir\u00e1n en todo el distrito.<\/strong><\/p>\n\n\n\n<p>La medida se aplic\u00f3 en pocas horas.<strong> El martes lleg\u00f3 una delegaci\u00f3n de directivos de la empresa CMPC, la multinacional de origen chileno propietaria de FABI desde los a\u00f1os 90, para informar el cierre y acordar con los trabajadores. Ni una se\u00f1al previa.<\/strong><\/p>\n\n\n\n<p><strong>Para las 9 de la ma\u00f1ana todos estaban informados y poco despu\u00e9s hubo un comunicado oficial<\/strong>. <em>\u201cFABI Bolsas industriales informa que a partir de hoy dejar\u00e1 de operar su planta de producci\u00f3n ubicada en la localidad de Hinojo en el partido de Olavarr\u00eda, provincia de Buenos Aires. La determinaci\u00f3n de cerrar la planta de Hinojo se debe a que, a pesar de las medidas implementadas en los \u00faltimos a\u00f1os por reencausar su modelo productivo y luego de analizar m\u00faltiples escenarios, la operaci\u00f3n no es sustentable en el tiempo\u201d<\/em> dijo la empresa.<\/p>\n\n\n\n<p>El delegado del sindicato de papeleros, Sergio Urrutia, tuvo en cuenta que <em><strong>\u201cla producci\u00f3n hab\u00eda disminuido bastante, como es de esperar en la crisis que tenemos en todo el pa\u00eds. Estar\u00edamos en un 40-50% de la producci\u00f3n habitual. A mediados del a\u00f1o pasado se hab\u00edan adelantado las vacaciones pero hab\u00edamos tenido un peque\u00f1o repunte\u201d.<\/strong><\/em><\/p>\n\n\n\n<p>La empresa dispuso el <strong>pago de indemnizaciones por encima de lo previsto por la ley y ofreci\u00f3 un servicio de \u201crecolocaci\u00f3n laboral\u201d <\/strong>para que los empleados vuelvan a buscar puestos.<\/p>\n\n\n\n<p>Esa misma ma\u00f1ana hubo reuni\u00f3n del sindicato, la federaci\u00f3n de sindicatos papeleros y los trabajadores con el delegado del Ministerio de Trabajo, Lucas Miriuka, en la empresa. Pero no hubo nada que hacer.<strong> El cierre ya era un hecho y la empresa cumpl\u00eda con todo lo previsto por ley. Nada que reclamar.<\/strong><\/p>\n\n\n\n<p><strong>Pocas horas despu\u00e9s se sucedieron los pronunciamientos. <\/strong>Lamentos, preocupaci\u00f3n, apoyo y solidaridad para los trabajadores. La CGT de Olavarr\u00eda apunt\u00f3 directo: \u201cEl Gobierno de Milei destruye\u201d. El Movimiento Evita defini\u00f3 un \u201ccontexto nacional alarmante\u201d. El bloque de concejales Uni\u00f3n por la Patria se\u00f1al\u00f3 la \u201caceleraci\u00f3n del proceso de desindustrializaci\u00f3n\u201d. El ex diputado provincial C\u00e9sar Valicenti proyect\u00f3 \u201cayer Cerro Negro, hoy FABI, ma\u00f1ana ser\u00e1n m\u00e1s puestos de trabajo de PYMES e industrias en Olavarr\u00eda\u201d. La UCR tambi\u00e9n se pronunci\u00f3: \u201cel resultado de decisiones pol\u00edticas que erosionan la actividad econ\u00f3mica\u201d.<\/p>\n\n\n\n<p>Guillermo Lascano present\u00f3 la lectura desde La Libertad Avanza. Habl\u00f3 de \u201cfactores de producci\u00f3n\u201d y \u201cun nuevo modelo distinto del anterior, a la larga m\u00e1s eficiente\u201d. Sin menci\u00f3n directa a FABI afirm\u00f3 \u201ccerrar\u00e1n empresas y abrir\u00e1n otras\u201d. En su publicaci\u00f3n arrob\u00f3 a Javier y Karina Milei, Federico Sturzenegger y Sebasti\u00e1n Pareja. <strong>Fue una semana muy tuitera de Lascano, donde profundiz\u00f3 -bastante- su discurso y postura.\u00a0<\/strong><\/p>\n\n\n\n<p class=\"has-large-font-size\"><strong><u>Primero Cerro Negro, ahora FABI<\/u><\/strong><\/p>\n\n\n\n<figure class=\"wp-block-image size-full\"><img data-recalc-dims=\"1\" loading=\"lazy\" decoding=\"async\" width=\"800\" height=\"445\" src=\"https:\/\/i0.wp.com\/cdnoticias.com\/wp-content\/uploads\/2024\/04\/miriuka-lucas.jpg?resize=800%2C445&#038;ssl=1\" alt=\"\" class=\"wp-image-114006\" srcset=\"https:\/\/i0.wp.com\/cdnoticias.com\/wp-content\/uploads\/2024\/04\/miriuka-lucas.jpg?w=800&amp;ssl=1 800w, https:\/\/i0.wp.com\/cdnoticias.com\/wp-content\/uploads\/2024\/04\/miriuka-lucas.jpg?resize=300%2C167&amp;ssl=1 300w, https:\/\/i0.wp.com\/cdnoticias.com\/wp-content\/uploads\/2024\/04\/miriuka-lucas.jpg?resize=768%2C427&amp;ssl=1 768w\" sizes=\"auto, (max-width: 800px) 100vw, 800px\" \/><\/figure>\n\n\n\n<p>Parafraseamos lo que expres\u00f3 Valicenti porque un poco describe el clima que se sinti\u00f3 con el impacto de la noticia: esto no es todo y va a seguir. Habr\u00e1 m\u00e1s despidos y cierres de empresas. Y ya no ser\u00e1n solamente multinacionales tomando decisiones estrat\u00e9gicas en funci\u00f3n de sus mercados. <strong>Hay muchas empresas locales en riesgo. Desde el Ministerio de Trabajo, Miriuka remarc\u00f3 especialmente a la situaci\u00f3n del sector minero.<\/strong><\/p>\n\n\n\n<p>De hecho, <strong>lo de FABI sorprendi\u00f3 porque el rumor de despidos estaba focalizado en otra empresa.<\/strong><\/p>\n\n\n\n<p>Volvamos a los pronunciamientos: si bien el intendente Wesner no hizo manifestaciones p\u00fablicas en torno al cierre de FABI, <strong>Volver a las Fuentes logr\u00f3 saber que el jefe comunal estuvo reunido con la Gerencia de Recursos Humanos de la empresa en la Municipalidad \u201cintentando revertir la situaci\u00f3n, pero que ya era una decisi\u00f3n tomada por la multinacional\u201d indicaron fuentes municipales.<\/strong><\/p>\n\n\n\n<p>Adem\u00e1s, <strong>est\u00e1 en contacto permanente con la delegaci\u00f3n del Ministerio de Trabajo para \u201cgarantizar las indemnizaciones correspondientes\u201d.<\/strong> Todas estas situaciones se dan \u201cpor la macroeconom\u00eda en donde para un capital chileno no es competitivo sostener una empresa en Argentina de estas caracter\u00edsticas\u201d indicaron las fuentes consultadas.<\/p>\n\n\n\n<p><strong>Es que la decisi\u00f3n expone la situaci\u00f3n de las \u201creglas del juego\u201d en Argentina: a la empresa de capitales chilenos le es m\u00e1s rentable cerrar la empresa en Hinojo, indemnizar a sus trabajadores, desmantelar la maquinaria, trasladarla a Chile, montarla en una empresa en el vecino pa\u00eds y producir lo mismo desde all\u00e1 e importar. <\/strong>Su mercado de proveedor de bolsas para cemento, cal, pegamentos, harinas, leche en polvo, az\u00facar y fertilizante, entre otros, no lo pierde.<strong> En el medio, un tendal de despedidos y adem\u00e1s un impacto profundo en la comunidad de Hinojo.<\/strong><\/p>\n\n\n\n<p>En di\u00e1logo con VAF, varios integrantes de la comunidad hinojense explicaron que<strong> FABI es m\u00e1s que una empresa que da trabajo a los vecinos: \u201cmuchos j\u00f3venes ten\u00edan como primera salida laboral los talleres que funcionaban como contratistas de FABI, era una ventana de ingreso al mundo laboral y adem\u00e1s ten\u00edan ingresos, estaban contenidos\u201d. A los 100 despedidos de la empresa en s\u00ed, se le suman otros 50 contratistas de talleres.<\/strong><\/p>\n\n\n\n<p>\u201cLos tiempos cambian pero estas empresas generaban arraigo en la comunidad, <strong>adem\u00e1s son 65 a\u00f1os, much\u00edsima historia de la empresa en Hinojo\u201d<\/strong>.<\/p>\n\n\n\n<p class=\"has-large-font-size\"><strong>M\u00e1s de mil puestos de trabajos perdidos<\/strong><\/p>\n\n\n\n<p>Es el n\u00famero que inform\u00f3<strong> el delegado del Ministerio de Trabajo, Lucas Miriuka, sobre los 16 meses de la gesti\u00f3n de Javier Milei y su impacto en Olavarr\u00eda.<\/strong><\/p>\n\n\n\n<p>En estos d\u00edas, tanto el referente de la CGT, Ezequiel Collado, como el concejal Federico Aguilera, hablaron de <strong>1300 despidos en total.<\/strong><\/p>\n\n\n\n<p>Hubo n\u00fameros fuertes por FABI y Cerro Negro, y por las contratistas de las obras p\u00fablicas nacionales que se paralizaron en diciembre de 2023. <strong>Pero despu\u00e9s la mayor\u00eda de los despidos se dio \u201cpor goteo\u201d en decenas de empresas. Y a\u00f1adi\u00f3 que son muchos m\u00e1s los puestos de trabajo que se redujeron, porque se definen en acuerdos que no significan conflictos y por lo tanto no requieren intervenci\u00f3n del Ministerio de Trabajo.<\/strong><\/p>\n\n\n\n<p>Miriuka agreg\u00f3 al panorama las muchas empresas del sector minero que, por ahora, mantienen a sus trabajadores aunque con reducci\u00f3n de carga horaria y de sueldos. \u201cAOMA est\u00e1 permanentemente con acuerdos de 223 bis o en la cuerda floja sosteniendo que no haya cierres de empresas. <strong>Pero esto tiene un l\u00edmite, no creo que podamos seguir sosteniendo esto mucho tiempo m\u00e1s\u201d dijo Miriuka en una entrevista con FM Sapiens.<\/strong><\/p>\n\n\n\n<p>Mientras tanto, en el cierre y pedido de pr\u00f3rroga de la conciliaci\u00f3n obligatoria por los 96 empleados de Cerro Negro, <strong>se logr\u00f3 saber que la empresa por ahora no se muestra dispuesta a ceder en forma considerable: s\u00f3lo reincorporaron 5 trabajadores del total de cesanteados<\/strong>. \u201cEra esperable\u201d se\u00f1al\u00f3 una de las fuentes involucradas en el conflicto. El primer tramo de la conciliaci\u00f3n termin\u00f3 el viernes. Habr\u00e1 5 d\u00edas m\u00e1s de extensi\u00f3n y finalizada la conciliaci\u00f3n, el acuerdo -o no- ser\u00e1 definitivo.<\/p>\n\n\n\n<p>El delegado del Ministerio de Trabajo, Lucas Miriuka, advirti\u00f3 que \u201cel panorama no es tan bueno\u201d.<strong> Es que hay una intenci\u00f3n de reducir la cantidad de despidos, pero eso se logra a trav\u00e9s de que &#8220;algunos trabajadores incluso est\u00e1n aceptando por parte de la empresa retiros voluntarios\u201d. Entonces, eso significar\u00e1 menos despidos al final, pero los puestos de trabajo no se mantienen.<\/strong><\/p>\n\n\n\n<p>El n\u00famero total que registr\u00f3 Miriuka -y es la cuenta que lleva la Provincia- es ya de por s\u00ed alarmante. <strong>Si te est\u00e1s preguntando d\u00f3nde est\u00e1n y porqu\u00e9 esto no es un hervidero como sucedi\u00f3 en otras \u00e9pocas de contextos similares, tenemos que se\u00f1alar que la sociedad es distinta. Nosotros somos otros. Qued\u00f3 en evidencia a partir de todo lo que pas\u00f3 en 2023 y que se resume en la elecci\u00f3n presidencial de Javier Milei.<\/strong><\/p>\n\n\n\n<p>Las consecuencias est\u00e1n y se ven. Pero, al menos por ahora, no las veremos de la misma manera que antes.<\/p>\n\n\n\n<p class=\"has-large-font-size\"><strong><u>De preocupaciones y otras yerbas<\/u><\/strong><\/p>\n\n\n\n<figure class=\"wp-block-image size-full\"><img data-recalc-dims=\"1\" loading=\"lazy\" decoding=\"async\" width=\"800\" height=\"450\" src=\"https:\/\/i0.wp.com\/cdnoticias.com\/wp-content\/uploads\/2025\/04\/HCD-sesion-10-de-abril-2025.jpg?resize=800%2C450&#038;ssl=1\" alt=\"\" class=\"wp-image-168729\" srcset=\"https:\/\/i0.wp.com\/cdnoticias.com\/wp-content\/uploads\/2025\/04\/HCD-sesion-10-de-abril-2025.jpg?w=1000&amp;ssl=1 1000w, https:\/\/i0.wp.com\/cdnoticias.com\/wp-content\/uploads\/2025\/04\/HCD-sesion-10-de-abril-2025.jpg?resize=300%2C169&amp;ssl=1 300w, https:\/\/i0.wp.com\/cdnoticias.com\/wp-content\/uploads\/2025\/04\/HCD-sesion-10-de-abril-2025.jpg?resize=768%2C432&amp;ssl=1 768w\" sizes=\"auto, (max-width: 800px) 100vw, 800px\" \/><\/figure>\n\n\n\n<p>El jueves sesion\u00f3 el Concejo Deliberante y el debate principal gir\u00f3 en torno a los despidos. <strong>Llegaron a tratamiento dos proyectos que hab\u00eda presentado Uni\u00f3n por la Patria, uno sobre Cerro Negro y otro sobre FABI. <\/strong>Lo que pas\u00f3 en la sesi\u00f3n tuvo muy buenos plot-twists, discursos destacados, un final abierto hasta que apareci\u00f3 \u201cel h\u00e9roe\u201d que torci\u00f3 las decisiones y, de fondo, el debate fue acerca de cu\u00e1l es el rol del HCD y el alcance de su accionar <a href=\"https:\/\/cdnoticias.com\/index.php\/2025\/04\/10\/el-hcd-aprobo-por-mayoria-la-preocupacion-por-los-despidos-en-cerro-negro-y-fabi\/\" target=\"_blank\" rel=\"noreferrer noopener\">(ac\u00e1 est\u00e1 contado en detalle).<\/a><\/p>\n\n\n\n<p>El objetivo de los proyectos (y del oficialismo) era muy b\u00e1sico: <strong>declarar la \u201cpreocupaci\u00f3n\u201d por los casi 200 despidos.<\/strong> Pero el bloque La Libertad Avanza no estaba dispuesto a hacerlo y en la previa hab\u00eda logrado que todas las dem\u00e1s bancadas opositoras los apoyaran. <strong>Propusieron mandar a comisi\u00f3n de Trabajo los expedientes y citar \u201ca las empresas\u201d para que explicaran la situaci\u00f3n.<\/strong><\/p>\n\n\n\n<p><strong>Con esa acci\u00f3n enmascaraban su verdadero objetivo: no iban a votar ning\u00fan proyecto. <\/strong>De hecho, fueron los \u00fanicos que votaron en contra a\u00fan cuando su propuesta de convocar a la comisi\u00f3n de Trabajo qued\u00f3 incluida. \u00bfCu\u00e1l era el punto central del rechazo?<strong> Lo dijeron a la pasada, en la sesi\u00f3n y en una entrevista posterior. Es que en los considerandos se se\u00f1alaba el DNU presidencial como el origen de las decisiones de cierre de la l\u00ednea de producci\u00f3n de pisos de Cerro Negro y de la planta FABI.<\/strong> Los concejales no estaban de acuerdo con esa lectura y en ello radicaba su objetivo de que las empresas explicaran sus decisiones: interpretan que los cierres llegaron despu\u00e9s de \u201ca\u00f1os\u201d de problemas.<\/p>\n\n\n\n<p>El que llev\u00f3 a reconsiderar los votos fue el <strong>presidente, Guillermo Santell\u00e1n<\/strong>. \u201cSe est\u00e1 promoviendo generar espacios de di\u00e1logo para explicarle a los trabajadores que fueron despedidos\u201d advirti\u00f3 a los concejales sobre lo que suceder\u00eda en la comisi\u00f3n sin declarar la \u201cpreocupaci\u00f3n\u201d. \u201cTratemos de que la pereza intelectual no sea la que mande\u201d pidi\u00f3.<\/p>\n\n\n\n<p>Despu\u00e9s de ese discurso se dieron vuelta las posturas:<strong> cedi\u00f3 Uni\u00f3n por la Patria aceptando la modificaci\u00f3n de los proyectos y cedieron las dem\u00e1s bancadas para votar a favor de la declaraci\u00f3n en la sesi\u00f3n. La mayor\u00eda de las manos quedaron levantadas.<\/strong><\/p>\n\n\n\n<p>Otro elemento m\u00e1s es que el debate legislativo subray\u00f3 las diferencias entre las dos bancadas libertarias. <strong>Mientras La Libertad Avanza defendi\u00f3 las manifestaciones de Guillermo Lascano sobre el cierre de FABI, el bloque Por M\u00e1s Libertad dej\u00f3 en claro su rechazo.<\/strong> \u201cSe hizo alusi\u00f3n a los dichos de un funcionario de la LLA que no los compartimos para nada, lo queremos dejar asentado. Los consideramos inoportunos\u201d defini\u00f3 Marcelo Petehs. Adem\u00e1s, y lo m\u00e1s obvio, Por M\u00e1s Libertad vot\u00f3 a favor de las manifestaciones de preocupaci\u00f3n.<\/p>\n\n\n\n<p class=\"has-large-font-size\"><strong><u>Los jubilados ganan en volumen<\/u><\/strong><\/p>\n\n\n\n<figure class=\"wp-block-image size-full\"><img data-recalc-dims=\"1\" loading=\"lazy\" decoding=\"async\" width=\"800\" height=\"531\" src=\"https:\/\/i0.wp.com\/cdnoticias.com\/wp-content\/uploads\/2025\/04\/MarchaJubiladosAnses-28.jpg?resize=800%2C531&#038;ssl=1\" alt=\"\" class=\"wp-image-168686\" srcset=\"https:\/\/i0.wp.com\/cdnoticias.com\/wp-content\/uploads\/2025\/04\/MarchaJubiladosAnses-28.jpg?w=1024&amp;ssl=1 1024w, https:\/\/i0.wp.com\/cdnoticias.com\/wp-content\/uploads\/2025\/04\/MarchaJubiladosAnses-28.jpg?resize=300%2C199&amp;ssl=1 300w, https:\/\/i0.wp.com\/cdnoticias.com\/wp-content\/uploads\/2025\/04\/MarchaJubiladosAnses-28.jpg?resize=768%2C510&amp;ssl=1 768w, https:\/\/i0.wp.com\/cdnoticias.com\/wp-content\/uploads\/2025\/04\/MarchaJubiladosAnses-28.jpg?resize=272%2C182&amp;ssl=1 272w\" sizes=\"auto, (max-width: 800px) 100vw, 800px\" \/><\/figure>\n\n\n\n<p>El mi\u00e9rcoles una <strong>nueva marcha de los jubilados en Olavarr\u00eda abri\u00f3 las jornadas de protesta que hab\u00eda impulsado la CGT<\/strong>.<\/p>\n\n\n\n<p><strong>M\u00e1s de mil personas se sumaron a la concentraci\u00f3n y marcha<\/strong>. El pedido en las calles fue hacer visible el estado cr\u00edtico por el que est\u00e1 atravesando el sector.<\/p>\n\n\n\n<p>Destacaron el bajo monto de las jubilaciones y las complicaciones a la hora de acceder a medicamentos gratuitos.\u00a0 En tanto reclamaron en contra de la eliminaci\u00f3n del sistema de moratoria que le permit\u00eda a muchos trabajadores acceder a su jubilaci\u00f3n. <strong>Hubo un comunicado que fue le\u00eddo por uno de los referentes de los jubilados autoconvocados, Ricardo Amarante.<\/strong><\/p>\n\n\n\n<p>En la concentraci\u00f3n se enton\u00f3 el Himno Nacional Argentino y se ley\u00f3 un documento donde se expres\u00f3 que <em><strong>\u201cla lucha por nuestros derechos es irrenunciable y necesita el apoyo de toda la ciudadan\u00eda\u201d.<\/strong><\/em><\/p>\n\n\n\n<p>Este mi\u00e9rcoles se sumaron numerosos sectores pol\u00edticos y sindicales en apoyo.<strong> Se hab\u00eda acordado un &#8220;no llevar banderas&#8221; a la manifestaci\u00f3n para &#8220;que los protagonistas sean los jubilados&#8221;. Sin embargo se not\u00f3 esa presencia y le dio mayor volumen al reclamo. Acordaron, en el lugar, que los jubilados vayan delante encabezando la protesta.<\/strong><\/p>\n\n\n\n<p><strong>\u00bfDato de color? El importante volumen de presencias que aporta el MTE<\/strong>, con una gran cantidad de manifestantes que se hace visible cada vez que participan de una actividad.<\/p>\n\n\n\n<p class=\"has-large-font-size\"><strong><u>Un paro dispar<\/u><\/strong><\/p>\n\n\n\n<p>Al d\u00eda siguiente estaba declarado el paro nacional. Y pas\u00f3, nom\u00e1s. Si bien Dios est\u00e1 en todos lados pero atiende en Buenos Aires, los focos se pusieron tambi\u00e9n en lo que podr\u00eda suceder en ciudades del interior como <strong>Olavarr\u00eda, donde el paro suele tener menos adhesi\u00f3n. Y as\u00ed fue, bastante dispar.<\/strong><\/p>\n\n\n\n<p>Si bien las entidades del Estado Municipal y Provincial adhirieron, el Municipio estuvo abierto (aunque con baja atenci\u00f3n), hubo oficinas abiertas en las delegaciones de la Provincia y Anses y PAMI atendieron con normalidad.<strong> Los bancos por ah\u00ed aportaron la baja del volumen de gente en la calle ya que hubo presencialidad de sus trabajadores pero no hubo atenci\u00f3n al p\u00fablico.<\/strong><\/p>\n\n\n\n<p><strong>Los comercios estuvieron pr\u00e1cticamente abiertos en su totalidad aunque se vieron algunos cerrados, novedoso para este tipo de acciones<\/strong>. Pero despu\u00e9s grandes supermercados, comercios de variedad y locales que atienden en el centro, abiertos de par en par.<\/p>\n\n\n\n<p><strong>En Educaci\u00f3n fue donde m\u00e1s se sinti\u00f3: en los establecimientos p\u00fablicos, la adhesi\u00f3n roz\u00f3 el 100% <\/strong>y si bien en Transporte se fue a un esquema de fin de semana, con funcionar ya gener\u00f3 un mayor movimiento en la ciudad y su conexi\u00f3n con las localidades.<\/p>\n\n\n\n<p>Es un mecanismo cuestionado: por un lado, <strong>el paro general implica una fortaleza de los gremios en sus afiliados para que se acate sin dudar y tambi\u00e9n con una actitud de conciencia en torno al reclamo y no tanto como \u201cd\u00eda de descanso\u201d por un lado, y por el otro que hay sectores donde no pueden darse el lujo de parar un d\u00eda, sean formales o informales.<\/strong><\/p>\n\n\n\n<p class=\"has-large-font-size\"><strong><u>\u00bfY cuando votamos?<\/u><\/strong><\/p>\n\n\n\n<figure class=\"wp-block-image size-full\"><img data-recalc-dims=\"1\" loading=\"lazy\" decoding=\"async\" width=\"800\" height=\"542\" src=\"https:\/\/i0.wp.com\/cdnoticias.com\/wp-content\/uploads\/2025\/03\/axel-kicillof-04.jpg?resize=800%2C542&#038;ssl=1\" alt=\"\" class=\"wp-image-165746\" srcset=\"https:\/\/i0.wp.com\/cdnoticias.com\/wp-content\/uploads\/2025\/03\/axel-kicillof-04.jpg?w=1000&amp;ssl=1 1000w, https:\/\/i0.wp.com\/cdnoticias.com\/wp-content\/uploads\/2025\/03\/axel-kicillof-04.jpg?resize=300%2C203&amp;ssl=1 300w, https:\/\/i0.wp.com\/cdnoticias.com\/wp-content\/uploads\/2025\/03\/axel-kicillof-04.jpg?resize=768%2C521&amp;ssl=1 768w\" sizes=\"auto, (max-width: 800px) 100vw, 800px\" \/><\/figure>\n\n\n\n<p>\u00a1Ahora s\u00ed!<strong> El 7 de septiembre, desdobladas de las nacionales del 26 de octubre. No sabemos si ser\u00e1 con PASO o no (todo parece que no) pero al fin despu\u00e9s de tantos domingos de preguntarnos, hubo definici\u00f3n y desdoblamiento.<\/strong><\/p>\n\n\n\n<p>Todo se dio en extensas charlas con todas las \u201ctribus\u201d internas del peronismo, cruces posteriores por la decisi\u00f3n \u201cno acordada\u201d con La C\u00e1mpora -y por consiguiente la ex presidente Cristina Fern\u00e1ndez de Kirchner- y<strong> la embestida para tratar de aprobar las concurrentes al menos por Ley, como lo que intentar\u00e1n los legisladores kirchneristas en la C\u00e1mara de Senadores bonaerense.<\/strong><\/p>\n\n\n\n<p>M\u00e1s all\u00e1 de la confusi\u00f3n y el l\u00edo de fechas<strong>, hasta ahora en la Provincia ir\u00edamos a votar en tres oportunidades, l\u00e9ase:<\/strong><\/p>\n\n\n\n<p>&#8211;<strong>13 de julio: PASO provinciales<\/strong> (esta fecha es muy probable que se suspenda este martes)<\/p>\n\n\n\n<p><strong>-7 de septiembre: Legislativas Generales Provinciales. <\/strong>Se votar\u00e1n diputados, senadores, concejales y consejeros escolares. En Olavarr\u00eda, en esta ocasi\u00f3n, se elegir\u00e1n tres senadores de la S\u00e9ptima Secci\u00f3n, 10 concejales y 4 consejeros escolares. Ser\u00e1 con el sistema conocido como \u201cLista s\u00e1bana\u201d aunque tendr\u00e1 s\u00f3lo dos cuerpos.<\/p>\n\n\n\n<p><strong>-26 de octubre: Legislativas Generales Nacionales.<\/strong> Se elegir\u00e1n 35 diputados nacionales representantes de la Provincia de Buenos Aires. Ser\u00e1 bajo el novedoso sistema de Boleta \u00danica en Papel. Es decir, habr\u00e1 s\u00f3lo una boleta que mediante el uso de una lapicera se elegir\u00e1 la lista que se vote.<\/p>\n\n\n\n<p>La determinaci\u00f3n, si lo trasladamos a Olavarr\u00eda, <strong>no es la que hab\u00eda planteado como ideal desde el Municipio<\/strong>, particularmente Maximiliano Wesner y Mercedes Land\u00edvar, quienes firmaron una solicitada explicando las razones por las cuales deseaban que las<strong> Legislativas provinciales sean el mismo d\u00eda que las nacionales.<\/strong><\/p>\n\n\n\n<p><strong>Es que consideraron que \u201cprovincializar y municipalizar\u201d las elecciones distorsionan la situaci\u00f3n<\/strong>. La principal demanda que se ha realizado tanto desde la comuna como incluso la propia Provincia es que los retrocesos m\u00e1s significativos est\u00e1n dados por decisiones del Gobierno Nacional. <strong>El cese de la obra p\u00fablica es, quiz\u00e1s, el ejemplo m\u00e1s concreto.<\/strong><\/p>\n\n\n\n<p>Ni que hablar si trasladamos la discusi\u00f3n a la situaci\u00f3n de los despidos de Cerro Negro y FABI, muchos atribuidos a decisiones de la macroeconom\u00eda que derivaron en definiciones concretas de las empresas.<strong> Incluso el funcionario nacional libertario Guillermo Lascano empez\u00f3 a profundizar en sus posturas en redes sociales (que tuvo un crecimiento m\u00e1s que exponencial en la \u00faltima semana) y pidi\u00f3 \u201cdejar de mirar y culpar a la Naci\u00f3n\u201d y mirar \u201clo que est\u00e1n haciendo el Municipio y la Provincia\u201d.<\/strong><\/p>\n\n\n\n<p>As\u00ed y todo, volviendo a la situaci\u00f3n del peronismo, se trabaja \u201cpara ir en unidad\u201d. <strong>En Olavarr\u00eda, m\u00e1s all\u00e1 de las visibles diferencias en torno a las referencias nacionales\/provinciales, hay m\u00e1s armon\u00eda que lo que se puede vislumbrar m\u00e1s arriba. <\/strong>De todas maneras, los posicionamientos empiezan a hacerse visibles.<\/p>\n\n\n\n<p>A las posturas de Wesner y su sector, podr\u00edamos sumar la de <strong>la actual concejal Liliana Schwindt, el ex concejal Einar Iguerategui y el funcionario provincial Jos\u00e9 Gervasio Gonz\u00e1lez Hueso, que mostraron -por ahora s\u00f3lo con gestos- acompa\u00f1ar a Kicillof. Este \u00faltimo s\u00e1bado, por ejemplo, se realiz\u00f3 un plenario del Movimiento Evita en Las Flores, con participaci\u00f3n de Olavarr\u00eda. \u00bfLa postura? Acompa\u00f1ar a Kicillof tambi\u00e9n.<\/strong><\/p>\n\n\n\n<p><strong>El Frente Renovador -que tiene representaci\u00f3n local en el Foro Olavarr\u00eda de Eduardo Rodr\u00edguez- \u201csostiene que la Unidad y una propuesta alternativa son el camino frente a otra devaluaci\u00f3n de nuestra moneda\u00a0 y un nuevo endeudamiento de la Argentina\u201d.<\/strong> Es decir, m\u00e1s all\u00e1 de la decisi\u00f3n de Kicillof y el planteo de CFK, la unidad es el \u00fanico camino. Es, palabras m\u00e1s o menos, lo que ha dicho Sergio Massa.<\/p>\n\n\n\n<p class=\"has-large-font-size\"><strong><u>\u00bfY por la oposici\u00f3n, c\u00f3mo venimos?<\/u><\/strong><\/p>\n\n\n\n<figure class=\"wp-block-image size-full\"><img data-recalc-dims=\"1\" loading=\"lazy\" decoding=\"async\" width=\"800\" height=\"445\" src=\"https:\/\/i0.wp.com\/cdnoticias.com\/wp-content\/uploads\/2024\/12\/ezequiel-galli-carrancio-calvella.jpg?resize=800%2C445&#038;ssl=1\" alt=\"\" class=\"wp-image-132560\" srcset=\"https:\/\/i0.wp.com\/cdnoticias.com\/wp-content\/uploads\/2024\/12\/ezequiel-galli-carrancio-calvella.jpg?w=1000&amp;ssl=1 1000w, https:\/\/i0.wp.com\/cdnoticias.com\/wp-content\/uploads\/2024\/12\/ezequiel-galli-carrancio-calvella.jpg?resize=300%2C167&amp;ssl=1 300w, https:\/\/i0.wp.com\/cdnoticias.com\/wp-content\/uploads\/2024\/12\/ezequiel-galli-carrancio-calvella.jpg?resize=768%2C427&amp;ssl=1 768w, https:\/\/i0.wp.com\/cdnoticias.com\/wp-content\/uploads\/2024\/12\/ezequiel-galli-carrancio-calvella.jpg?resize=800%2C445&amp;ssl=1 800w\" sizes=\"auto, (max-width: 800px) 100vw, 800px\" \/><\/figure>\n\n\n\n<p>A todo lo legislativo que estuvimos viendo<strong>, resulta interesante ver las horas decisivas para el inminente acuerdo entre el Pro y La Libertad Avanza<\/strong>\u2026\u00bfo un sector del Pro y LLA? <strong>Karina Milei avis\u00f3: en la Provincia la boleta ser\u00e1 de La Libertad Avanza \u2026 y si vamos a un marco sin PASO, la cuesti\u00f3n toma forma.<\/strong><\/p>\n\n\n\n<p>Pasando en limpio, y nobleza obliga,<strong> una buena parte del Pro (mucho surge de las bases y otro tanto de la dirigencia) desea acordar. <\/strong>Pero no todos, de hecho hay mucha incertidumbre por el pensamiento de los intendentes y varios dirigentes territoriales amarillos.<\/p>\n\n\n\n<p>El <strong>ex intendente Ezequiel Galli, referenciado en Diego Santilli (que tiene un pie y medio adentro de La Libertad Avanza)<\/strong> volvi\u00f3 a expresarse p\u00fablicamente y se mostr\u00f3 esperanzado con esta posible alianza de los dos partidos. \u201cLa posible confluencia de distintos espacios pol\u00edticos nos enfrenta a una oportunidad hist\u00f3rica para llevar adelante una verdadera transformaci\u00f3n en la provincia de Buenos Aires. Sumar desde las diferencias, pero con un objetivo com\u00fan debe ser la premisa para terminar con flagelos como la inseguridad o el deterioro de la educaci\u00f3n que hoy sufren los bonaerenses\u201d le dijo al portal S\u00e9ptima Secci\u00f3n.<\/p>\n\n\n\n<p><strong>Tambi\u00e9n ratific\u00f3 la relaci\u00f3n que generaron con Celeste Arouxet y Guillermo Lascano, mientras que aspiran a que se replique en el resultado del trabajo del di\u00e1logo entre Sebasti\u00e1n Pareja, Santilli y Cristian Ritondo.<\/strong><\/p>\n\n\n\n<p>El tema es qu\u00e9 pasa con el Pro.<strong> \u00bfSe podr\u00eda armar una lista local sin presencia del ex intendente Galli? \u00bfTambi\u00e9n podr\u00eda haber una lista seccional? Una fuente del mundo libertario, hace algunas semanas, manifest\u00f3 \u201ctemor\u201d por si \u201clos Pro de Olavarr\u00eda copaban todas las listas, la eventual de ellos y la de LLA\u201d.<\/strong><\/p>\n\n\n\n<p>Otras fuentes que dialogaron con<strong> LLA se\u00f1alaron que a\u00fan esperan \u201cgestos definitivos\u201d de dirigentes del Pro para marcar un camino en conjunto al 100%: es un poco la teor\u00eda que ya hemos repasado de nada de medias tintas ni especulaciones. Si el Pro juega en LLA, desaparece el Pro y se robustece LLA. As\u00ed, sin m\u00e1s.<\/strong><\/p>\n\n\n\n<p>Con la certeza del calendario electoral, adem\u00e1s, podr\u00eda haber definiciones en el radicalismo, que dio pistas de que puede jugar por las suyas para buscar mostrar robustez territorial.<\/p>\n\n\n\n<p class=\"has-large-font-size\"><strong><u>Las elecciones a rector, con todo listo<\/u><\/strong><\/p>\n\n\n\n<figure class=\"wp-block-image size-large\"><img data-recalc-dims=\"1\" loading=\"lazy\" decoding=\"async\" width=\"800\" height=\"533\" src=\"https:\/\/i0.wp.com\/cdnoticias.com\/wp-content\/uploads\/2025\/04\/Rector-Vicerrectora.jpg?resize=800%2C533&#038;ssl=1\" alt=\"\" class=\"wp-image-168554\" srcset=\"https:\/\/i0.wp.com\/cdnoticias.com\/wp-content\/uploads\/2025\/04\/Rector-Vicerrectora.jpg?resize=1024%2C682&amp;ssl=1 1024w, https:\/\/i0.wp.com\/cdnoticias.com\/wp-content\/uploads\/2025\/04\/Rector-Vicerrectora.jpg?resize=300%2C200&amp;ssl=1 300w, https:\/\/i0.wp.com\/cdnoticias.com\/wp-content\/uploads\/2025\/04\/Rector-Vicerrectora.jpg?resize=768%2C512&amp;ssl=1 768w, https:\/\/i0.wp.com\/cdnoticias.com\/wp-content\/uploads\/2025\/04\/Rector-Vicerrectora.jpg?resize=272%2C182&amp;ssl=1 272w, https:\/\/i0.wp.com\/cdnoticias.com\/wp-content\/uploads\/2025\/04\/Rector-Vicerrectora.jpg?w=1280&amp;ssl=1 1280w\" sizes=\"auto, (max-width: 800px) 100vw, 800px\" \/><\/figure>\n\n\n\n<p>Al menos para el 14 de mayo, todo est\u00e1 listo:<strong> falta un mes para que la Unicen defina sus destinos y apareci\u00f3 el nombre que faltaba de las por ahora dos f\u00f3rmulas que competir\u00e1n para el cargo de rector y vicerrector.<\/strong><\/p>\n\n\n\n<p>Si bien hubo rumores acerca del o la posible compa\u00f1era de f\u00f3rmula de Marcelo Aba que manifest\u00f3 ir por la reelecci\u00f3n en el cargo -incluso con una posible presencia olavarriense que hasta \u00faltimo momento fue mencionada como posibilidad- finalmente el m\u00e9dico veterinario decidi\u00f3 repetir la f\u00f3rmula que lo llev\u00f3 al rectorado en 2021 y Alicia Spinello ser\u00e1 la candidata a renovar el vicerrectorado.<\/p>\n\n\n\n<figure class=\"wp-block-image size-full\"><img data-recalc-dims=\"1\" loading=\"lazy\" decoding=\"async\" width=\"800\" height=\"445\" src=\"https:\/\/i0.wp.com\/cdnoticias.com\/wp-content\/uploads\/2025\/03\/laura-giosa-02.jpg?resize=800%2C445&#038;ssl=1\" alt=\"\" class=\"wp-image-167702\" srcset=\"https:\/\/i0.wp.com\/cdnoticias.com\/wp-content\/uploads\/2025\/03\/laura-giosa-02.jpg?w=1000&amp;ssl=1 1000w, https:\/\/i0.wp.com\/cdnoticias.com\/wp-content\/uploads\/2025\/03\/laura-giosa-02.jpg?resize=300%2C167&amp;ssl=1 300w, https:\/\/i0.wp.com\/cdnoticias.com\/wp-content\/uploads\/2025\/03\/laura-giosa-02.jpg?resize=768%2C427&amp;ssl=1 768w, https:\/\/i0.wp.com\/cdnoticias.com\/wp-content\/uploads\/2025\/03\/laura-giosa-02.jpg?resize=800%2C445&amp;ssl=1 800w\" sizes=\"auto, (max-width: 800px) 100vw, 800px\" \/><\/figure>\n\n\n\n<p>En esta ocasi\u00f3n tendr\u00e1n una oposici\u00f3n sumamente f\u00e9rrea y con posibilidades:<strong> se trata de la decana de la Facultad de Derecho, Laura Giosa, que comparte f\u00f3rmula con Alicia Stipcich, de Exactas.<\/strong> La f\u00f3rmula ha recorrido las sedes de Unicen en varias oportunidades y dialog\u00f3 con todos los sectores en b\u00fasqueda de los votos que le permitan suceder a Aba y Spinello.<\/p>\n\n\n\n<p>De hecho<strong>, esta \u00faltima semana hubo algunas reuniones entre Giosa e integrantes de la comunidad universitaria, entre ellas, la agrupaci\u00f3n \u201cLa Militancia\u201d que tiene como binomio de candidatos a Maximiliano Peret y Emilio T\u00e9vez como candidatos a decano y vice.<\/strong><\/p>\n\n\n\n<p>Esa lista recibi\u00f3, adem\u00e1s, una carta en la que m\u00e1s de 30 referentes nacionales e internacionales manifestaron el apoyo a la candidatura del comunicador y antrop\u00f3logo para suceder a Gabriela Gamberini. El oficialismo tambi\u00e9n estuvo de reuniones, y las charlas se intensifican de cara a la fecha de elecciones que a\u00fan no fue definida. Se espera que a fin de mes haya certezas sobre ese tema.<\/p>\n\n\n\n<figure class=\"wp-block-image size-large\"><img data-recalc-dims=\"1\" loading=\"lazy\" decoding=\"async\" width=\"800\" height=\"447\" src=\"https:\/\/i0.wp.com\/cdnoticias.com\/wp-content\/uploads\/2025\/04\/WhatsApp-Image-2025-04-10-at-18.57.08-e1744326410168-1024x572.jpeg?resize=800%2C447&#038;ssl=1\" alt=\"\" class=\"wp-image-168789\" srcset=\"https:\/\/i0.wp.com\/cdnoticias.com\/wp-content\/uploads\/2025\/04\/WhatsApp-Image-2025-04-10-at-18.57.08-e1744326410168.jpeg?resize=1024%2C572&amp;ssl=1 1024w, https:\/\/i0.wp.com\/cdnoticias.com\/wp-content\/uploads\/2025\/04\/WhatsApp-Image-2025-04-10-at-18.57.08-e1744326410168.jpeg?resize=300%2C167&amp;ssl=1 300w, https:\/\/i0.wp.com\/cdnoticias.com\/wp-content\/uploads\/2025\/04\/WhatsApp-Image-2025-04-10-at-18.57.08-e1744326410168.jpeg?resize=768%2C429&amp;ssl=1 768w, https:\/\/i0.wp.com\/cdnoticias.com\/wp-content\/uploads\/2025\/04\/WhatsApp-Image-2025-04-10-at-18.57.08-e1744326410168.jpeg?resize=1536%2C857&amp;ssl=1 1536w, https:\/\/i0.wp.com\/cdnoticias.com\/wp-content\/uploads\/2025\/04\/WhatsApp-Image-2025-04-10-at-18.57.08-e1744326410168.jpeg?w=1600&amp;ssl=1 1600w\" sizes=\"auto, (max-width: 800px) 100vw, 800px\" \/><\/figure>\n\n\n\n<p>En Ingenier\u00eda hay hasta f\u00e1brica de jingles: <strong>Betina Bravo confirm\u00f3 que su candidato a vicedecano ser\u00e1 Gast\u00f3n Barreto. Y si no te enteraste, tienen una especie de bolero que se llama \u201cEn los pasillos se escucha un rumor\u201d<\/strong>. \u201cDesde la ciencia, la tecnolog\u00eda y la innovaci\u00f3n proyectamos futuro en cada lugar, porque confiamos en lo que vendr\u00e1\u201d reza una de sus partes. Pegadiza, vale decir. <strong>La actual decana, Mar\u00eda Peralta, a\u00fan no hab\u00eda definido -al menos hasta donde pudo averiguar VAF- a su compa\u00f1ero o compa\u00f1era de f\u00f3rmula para buscar la reelecci\u00f3n.<\/strong><\/p>\n\n\n\n<figure class=\"wp-block-image size-full\"><img data-recalc-dims=\"1\" loading=\"lazy\" decoding=\"async\" width=\"800\" height=\"535\" src=\"https:\/\/i0.wp.com\/cdnoticias.com\/wp-content\/uploads\/2020\/11\/barreto00.jpg?resize=800%2C535&#038;ssl=1\" alt=\"\" class=\"wp-image-6308\" srcset=\"https:\/\/i0.wp.com\/cdnoticias.com\/wp-content\/uploads\/2020\/11\/barreto00.jpg?w=800&amp;ssl=1 800w, https:\/\/i0.wp.com\/cdnoticias.com\/wp-content\/uploads\/2020\/11\/barreto00.jpg?resize=300%2C201&amp;ssl=1 300w, https:\/\/i0.wp.com\/cdnoticias.com\/wp-content\/uploads\/2020\/11\/barreto00.jpg?resize=768%2C514&amp;ssl=1 768w, https:\/\/i0.wp.com\/cdnoticias.com\/wp-content\/uploads\/2020\/11\/barreto00.jpg?resize=272%2C182&amp;ssl=1 272w\" sizes=\"auto, (max-width: 800px) 100vw, 800px\" \/><\/figure>\n\n\n\n<p>En Salud, mientras tanto, la situaci\u00f3n sigue encaminada a una elecci\u00f3n. <strong>La \u00faltima versi\u00f3n que hab\u00eda logrado obtener este newsletter es que Betina Bernardelli tendr\u00eda a su compa\u00f1era de f\u00f3rmula definida, la doctora Ana Carla Falabella.<\/strong><\/p>\n\n\n\n<figure class=\"wp-block-image size-full\"><img data-recalc-dims=\"1\" loading=\"lazy\" decoding=\"async\" width=\"800\" height=\"445\" src=\"https:\/\/i0.wp.com\/cdnoticias.com\/wp-content\/uploads\/2025\/04\/kreplak-facultad-de-salud-trebuq-bernardelli.jpg?resize=800%2C445&#038;ssl=1\" alt=\"\" class=\"wp-image-167951\" srcset=\"https:\/\/i0.wp.com\/cdnoticias.com\/wp-content\/uploads\/2025\/04\/kreplak-facultad-de-salud-trebuq-bernardelli.jpg?w=1000&amp;ssl=1 1000w, https:\/\/i0.wp.com\/cdnoticias.com\/wp-content\/uploads\/2025\/04\/kreplak-facultad-de-salud-trebuq-bernardelli.jpg?resize=300%2C167&amp;ssl=1 300w, https:\/\/i0.wp.com\/cdnoticias.com\/wp-content\/uploads\/2025\/04\/kreplak-facultad-de-salud-trebuq-bernardelli.jpg?resize=768%2C427&amp;ssl=1 768w, https:\/\/i0.wp.com\/cdnoticias.com\/wp-content\/uploads\/2025\/04\/kreplak-facultad-de-salud-trebuq-bernardelli.jpg?resize=800%2C445&amp;ssl=1 800w\" sizes=\"auto, (max-width: 800px) 100vw, 800px\" \/><\/figure>\n\n\n\n<p>Como solemos aclarar en este tipo de apartados,<strong> es la foto de hoy. <\/strong>Al no tener que presentar listas cerradas ni nombres definitivos todo puede cambiar incluso el mismo d\u00eda de la asamblea donde se definen las nuevas o mismas autoridades en las casas de estudio.<\/p>\n\n\n\n<p>Lo concreto es que<strong> los escenarios divididos ponen a Olavarr\u00eda, dentro de todo el marco de la Unicen, en un lugar clave para definir lo que pueda pasar el 14 de mayo en rectorado: cada voto vale y un cambio de decisi\u00f3n o un balance de una gesti\u00f3n puede torcer el destino de la universidad. <\/strong>Continuidad o el cambio hacia algo nuevo, el dilema por estas horas en las Facultades de nuestra ciudad.<\/p>\n\n\n\n<p class=\"has-large-font-size\"><strong><u>Siempre hay m\u00e1s<\/u><\/strong><\/p>\n\n\n\n<p><strong><u>Peajes y Correo, tambi\u00e9n. <\/u><\/strong>Estos dos sindicatos tambi\u00e9n tuvieron medidas de fuerza en la semana.SUTPA empez\u00f3 un paro por tiempo indeterminado en todos los corredores viales, incluyendo Hinojo, por la situaci\u00f3n de la empresa CRUSA cuya concesi\u00f3n termin\u00f3 y unos 500 trabajadores quedaron despedidos y sin indemnizaci\u00f3n. La situaci\u00f3n expone la falta de respuesta directa de Vialidad Nacional sobre el manejo de los peajes en la regi\u00f3n mesopot\u00e1mica. En Correo Argentino hubo paro nacional, incluyendo la oficina de Olavarr\u00eda, por un d\u00eda con reclamos por las negociaciones paritarias y suba salarial.<\/p>\n\n\n\n<p><strong><u>La \u00bfdelgada? l\u00ednea. <\/u><\/strong>D\u00edas atr\u00e1s trascendi\u00f3 una imagen de una irregular labor a la hora de realizar la demarcaci\u00f3n vial. Si bien es una imagen de un vecino, el concejal Marcelo Petehs recogi\u00f3 ese guante y pidi\u00f3 saber mayores precisiones sobre estos temas. Hay, seg\u00fan su visi\u00f3n, reiteradas observaciones por parte de vecinos respecto a errores en la se\u00f1alizaci\u00f3n, criterios poco claros y trabajos realizados dos veces en la misma traza, lo que implica un evidente malgasto de recursos p\u00fablicos\u201d.<\/p>\n\n\n\n<figure class=\"wp-block-embed is-type-wp-embed is-provider-central-de-noticias-olavarr-a wp-block-embed-central-de-noticias-olavarr-a\"><div class=\"wp-block-embed__wrapper\">\n<blockquote class=\"wp-embedded-content\" data-secret=\"ntJ7qzF1EM\"><a href=\"https:\/\/cdnoticias.com\/index.php\/2025\/04\/08\/por-mas-libertad-apunto-a-errores-y-sobrecostos-en-trabajos-de-demarcacion-vial\/\">Por M\u00e1s Libertad apunt\u00f3 a \u201cerrores y sobrecostos\u201d en trabajos de demarcaci\u00f3n vial<\/a><\/blockquote><iframe loading=\"lazy\" class=\"wp-embedded-content\" sandbox=\"allow-scripts\" security=\"restricted\" style=\"position: absolute; visibility: hidden;\" title=\"&#8220;Por M\u00e1s Libertad apunt\u00f3 a \u201cerrores y sobrecostos\u201d en trabajos de demarcaci\u00f3n vial&#8221; &#8212; Central de Noticias | Olavarr\u00eda\" src=\"https:\/\/cdnoticias.com\/index.php\/2025\/04\/08\/por-mas-libertad-apunto-a-errores-y-sobrecostos-en-trabajos-de-demarcacion-vial\/embed\/#?secret=2lsafmdM6z#?secret=ntJ7qzF1EM\" data-secret=\"ntJ7qzF1EM\" width=\"600\" height=\"338\" frameborder=\"0\" marginwidth=\"0\" marginheight=\"0\" scrolling=\"no\"><\/iframe>\n<\/div><\/figure>\n\n\n\n<p><strong><u>La comisi\u00f3n que no fue (pero no avisaron) (pero no sab\u00edan) (pero avisaron). <\/u><\/strong>El viernes sorprendi\u00f3 la ausencia de la oposici\u00f3n en la comisi\u00f3n especial de seguimiento de fondos de la venta de una calle a Loma Negra. Seg\u00fan se logr\u00f3 saber, la Jefa de Gabinete Mercedes Land\u00edvar esper\u00f3 m\u00e1s de media hora la presencia de los concejales y ante la falta de qu\u00f3rum (s\u00f3lo estaba presente Federico Aguilera) se retir\u00f3. El hecho gener\u00f3 sorpresa en los opositores que estaban en el Concejo, denunciaron que \u201cno se hab\u00eda acordado una fecha\u201d y que \u201cpodr\u00edan haber avisado por Whatsapp la presencia de la funcionaria\u201d. Los que hicieron p\u00fablica su postura fueron Hilario Galli, Sebasti\u00e1n Matrella y Marcelo Petehs. \u00bfLa respuesta? El acta a mano alzada donde todos los bloques firmaron la convocatoria, con fecha y hora. \u201cEs una avivada, est\u00e1n en esas cosas y no en avisarnos que la Jefa de Gabinete estaba, quer\u00edamos asistir\u201d volvieron a responder.<\/p>\n\n\n\n<p class=\"has-large-font-size\"><strong>El newsletter<\/strong><\/p>\n\n\n\n<p>Esta publicaci\u00f3n es la edici\u00f3n de este domingo del newsletter Volver a las Fuentes que escriben Alexis Grierson y Josefina Bargas. <a href=\"https:\/\/linktr.ee\/volveralasfuentes\">Tiene un sistema de suscripci\u00f3n econ\u00f3mica y aportes \u00fanicos al que se puede acceder aqu\u00ed.<\/a><\/p>\n","protected":false},"excerpt":{"rendered":"<p>El cierre de FABI dio un golpe muy duro a la realidad laboral de Olavarr\u00eda pero sobre todo a la<\/p>\n","protected":false},"author":2,"featured_media":168488,"comment_status":"closed","ping_status":"closed","sticky":false,"template":"","format":"standard","meta":{"_jetpack_memberships_contains_paid_content":false,"footnotes":""},"categories":[4,1],"tags":[],"class_list":["post-168978","post","type-post","status-publish","format-standard","has-post-thumbnail","hentry","category-politica","category-portada"],"jetpack_featured_media_url":"https:\/\/i0.wp.com\/cdnoticias.com\/wp-content\/uploads\/2025\/04\/fabi-hinojo-01.jpg?fit=1000%2C556&ssl=1","jetpack_sharing_enabled":true,"_links":{"self":[{"href":"https:\/\/cdnoticias.com\/index.php\/wp-json\/wp\/v2\/posts\/168978","targetHints":{"allow":["GET"]}}],"collection":[{"href":"https:\/\/cdnoticias.com\/index.php\/wp-json\/wp\/v2\/posts"}],"about":[{"href":"https:\/\/cdnoticias.com\/index.php\/wp-json\/wp\/v2\/types\/post"}],"author":[{"embeddable":true,"href":"https:\/\/cdnoticias.com\/index.php\/wp-json\/wp\/v2\/users\/2"}],"replies":[{"embeddable":true,"href":"https:\/\/cdnoticias.com\/index.php\/wp-json\/wp\/v2\/comments?post=168978"}],"version-history":[{"count":0,"href":"https:\/\/cdnoticias.com\/index.php\/wp-json\/wp\/v2\/posts\/168978\/revisions"}],"wp:featuredmedia":[{"embeddable":true,"href":"https:\/\/cdnoticias.com\/index.php\/wp-json\/wp\/v2\/media\/168488"}],"wp:attachment":[{"href":"https:\/\/cdnoticias.com\/index.php\/wp-json\/wp\/v2\/media?parent=168978"}],"wp:term":[{"taxonomy":"category","embeddable":true,"href":"https:\/\/cdnoticias.com\/index.php\/wp-json\/wp\/v2\/categories?post=168978"},{"taxonomy":"post_tag","embeddable":true,"href":"https:\/\/cdnoticias.com\/index.php\/wp-json\/wp\/v2\/tags?post=168978"}],"curies":[{"name":"wp","href":"https:\/\/api.w.org\/{rel}","templated":true}]}}