{"id":168975,"date":"2025-04-13T17:41:18","date_gmt":"2025-04-13T20:41:18","guid":{"rendered":"https:\/\/cdnoticias.com\/?p=168975"},"modified":"2025-04-13T17:41:20","modified_gmt":"2025-04-13T20:41:20","slug":"la-diputada-azulena-laura-aloisi-se-reunio-con-el-ministro-javier-rodriguez","status":"publish","type":"post","link":"https:\/\/cdnoticias.com\/index.php\/2025\/04\/13\/la-diputada-azulena-laura-aloisi-se-reunio-con-el-ministro-javier-rodriguez\/","title":{"rendered":"La diputada azule\u00f1a Laura Aloisi se reuni\u00f3 con el ministro Javier Rodr\u00edguez"},"content":{"rendered":"\n<p>Se habl\u00f3 de varias l\u00edneas que trabaja el Ministerio de Desarrollo Agrario en la regi\u00f3n, como Huerta Urbana. \u201cLa presencia del Estado provincial es cada vez m\u00e1s fuerte e imprescindible\u201d dijo.<\/p>\n\n\n\n<hr class=\"wp-block-separator aligncenter has-alpha-channel-opacity\"\/>\n\n\n\n<p>La diputada provincial<strong> Laura Aloisi fue recibida por el ministro de Desarrollo Agrario de la provincia de Buenos Aires, Javier Rodr\u00edguez. <\/strong>En esta primera charla entre ambos, la legisladora de UP se interioriz\u00f3 de las distintas l\u00edneas productivas ministeriales, como por ejemplo el <strong>Programa Huerta Urbana Bonaerense<\/strong>, una iniciativa que tiene como objetivo <strong><em>&#8220;fomentar la producci\u00f3n local de alimentos, promoviendo la creaci\u00f3n de huertas familiares y comunitarias basadas en pr\u00e1cticas agroecol\u00f3gicas&#8221;.<\/em><\/strong><\/p>\n\n\n\n<p>El programa, en palabras del ministro,<em><strong> \u201capunta a fortalecer la producci\u00f3n de alimentos en los hogares y en espacios comunitarios, adem\u00e1s de impulsar la generaci\u00f3n de empleo local a trav\u00e9s de la producci\u00f3n agroecol\u00f3gica\u201d.<\/strong><\/em><\/p>\n\n\n\n<p>Huerta Urbana es <em><strong>\u201cla decisi\u00f3n del gobierno que encabeza el gobernador Axel Kicillof por afrontar el vac\u00edo que produjo el fin de otro programa, ProHuerta, que por d\u00e9cadas llev\u00f3 adelante el INTA y al cual Milei desactiv\u00f3\u201d.<\/strong><\/em> Justamente la situaci\u00f3n de los y las trabajadoras de ese organismo es otra de las cuestiones sobre la que Aloisi y Rodr\u00edguez dialogaron.<\/p>\n\n\n\n<p>El Instituto Nacional de Tecnolog\u00eda Agropecuaria \u2013una pieza clave del sistema nacional de ciencia y tecnolog\u00eda, que apoya a peque\u00f1os y grandes productores para mejorar la actividad agr\u00edcola, ganadera y agroindustrial de manera sostenible\u2013 <em><strong>\u201cha sufrido el desmantelamiento cruel que impone Milei al Estado Nacional\u201d <\/strong><\/em>indicaron desde el sector de la legisladora.<\/p>\n\n\n\n<p>Acerca de la reuni\u00f3n con el ministro, la diputada Aloisi marc\u00f3<em><strong> \u201cla obvia coincidencia en que la presencia del Estado provincial es cada vez m\u00e1s fuerte e imprescindible, dado el contexto pol\u00edtico e institucional que propone Milei. Con el ministro Rodr\u00edguez hablamos tambi\u00e9n del lanzamiento de la nueva Incubadora de Empresas, una pol\u00edtica estatal que acompa\u00f1a el crecimiento de los emprendimientos productivos y de base tecnol\u00f3gica radicados en nuestra provincia\u201d.<\/strong><\/em><\/p>\n\n\n\n<p>En ese contexto, legisladora y funcionario <em>\u201ccompartimos experiencias sobre el desarrollo sostenible de la producci\u00f3n en peque\u00f1a y mediana escala. Le cont\u00e9 al ministro sobre todo lo que ha sido el desarrollo de la Red Gesol en Azul, gracias al Peronismo 26 de Julio, que permiti\u00f3 que muchos azule\u00f1os y azule\u00f1as pudieran equiparse y optimizar el desarrollo de su proyecto para insertarse en la econom\u00eda popular, o bien incentivar otras etapas de formaci\u00f3n\u201d.<\/em><\/p>\n\n\n\n<p><strong>Mercados Bonaerenses es una iniciativa <\/strong>que en este encuentro coincidieron en destacar como<em> \u201cherramienta de producci\u00f3n e integraci\u00f3n socio comunitaria\u201d. <\/em>Aloisi record\u00f3 la grata experiencia al participar de la inauguraci\u00f3n del Mercado abierto en Tapalqu\u00e9 en 2024, en el marco de este programa al cual el Municipio de Azul adhiere. <strong>MB facilita la red que vincula comercial y comunitariamente a productores, productoras, consumidores y consumidoras a trav\u00e9s de ferias y mercados en todo el territorio de la provincia.<\/strong><\/p>\n\n\n\n<p><strong>La diputada provincial se interes\u00f3 por el Plan de Incentivo a la Actividad Forestal (PIAF), pol\u00edtica provincial que fortalece la actividad forestal mediante la provisi\u00f3n de material de plantaci\u00f3n de calidad<\/strong>. <em>\u201cEl ministro Rodr\u00edguez detall\u00f3 que, desde su puesta en marcha en 2019, el PIAF permiti\u00f3 la entrega de m\u00e1s de 775.000 \u00e1rboles en casi 800 proyectos de 94 municipios de nuestra provincia\u201d,<\/em> explic\u00f3 Aloisi. Similar a la mencionada, la otra iniciativa consultada por la legisladora es el Programa de Fomento a la Fruticultura Bonaerense, que<strong> brinda \u00e1rboles frutales y est\u00e1 orientado a productores y productoras que inicien proyectos de fruticultura; incluye a escuelas rurales, cooperativas y organismos locales. Ya distribuy\u00f3 m\u00e1s de 52.000 \u00e1rboles frutales a m\u00e1s de 400 beneficiarios.<\/strong><\/p>\n\n\n\n<p>La diputada Laura Aloisi concluy\u00f3 que \u201c<em>en este abordaje que hemos compartido con el ministro Rodr\u00edguez, la \u2018figura\u2019 a modo de s\u00edntesis es que frente a la motosierra cruel de Milei, el gobernador Kicillof redobla la apuesta cada d\u00eda con una pol\u00edtica \u2013insoslayable por donde se lo mire\u2013 de Estado presente y protecci\u00f3n de los derechos populares. En ese marco, he quedado a disposici\u00f3n, tambi\u00e9n como vocal de la comisi\u00f3n de Asuntos Agrarios de la C\u00e1mara de Diputados, para trabajar en conjunto con el ministerio en la proyecci\u00f3n de pol\u00edticas abordadas durante la reuni\u00f3n\u201d.<\/em><\/p>\n","protected":false},"excerpt":{"rendered":"<p>Se habl\u00f3 de varias l\u00edneas que trabaja el Ministerio de Desarrollo Agrario en la regi\u00f3n, como Huerta Urbana. \u201cLa presencia<\/p>\n","protected":false},"author":2,"featured_media":168976,"comment_status":"closed","ping_status":"closed","sticky":false,"template":"","format":"standard","meta":{"_jetpack_memberships_contains_paid_content":false,"footnotes":""},"categories":[4,1],"tags":[],"class_list":["post-168975","post","type-post","status-publish","format-standard","has-post-thumbnail","hentry","category-politica","category-portada"],"jetpack_featured_media_url":"https:\/\/i0.wp.com\/cdnoticias.com\/wp-content\/uploads\/2025\/04\/FOTO-Laura-ministro-Rodriguez-e1744576866293.jpg?fit=2053%2C1210&ssl=1","jetpack_sharing_enabled":true,"_links":{"self":[{"href":"https:\/\/cdnoticias.com\/index.php\/wp-json\/wp\/v2\/posts\/168975","targetHints":{"allow":["GET"]}}],"collection":[{"href":"https:\/\/cdnoticias.com\/index.php\/wp-json\/wp\/v2\/posts"}],"about":[{"href":"https:\/\/cdnoticias.com\/index.php\/wp-json\/wp\/v2\/types\/post"}],"author":[{"embeddable":true,"href":"https:\/\/cdnoticias.com\/index.php\/wp-json\/wp\/v2\/users\/2"}],"replies":[{"embeddable":true,"href":"https:\/\/cdnoticias.com\/index.php\/wp-json\/wp\/v2\/comments?post=168975"}],"version-history":[{"count":0,"href":"https:\/\/cdnoticias.com\/index.php\/wp-json\/wp\/v2\/posts\/168975\/revisions"}],"wp:featuredmedia":[{"embeddable":true,"href":"https:\/\/cdnoticias.com\/index.php\/wp-json\/wp\/v2\/media\/168976"}],"wp:attachment":[{"href":"https:\/\/cdnoticias.com\/index.php\/wp-json\/wp\/v2\/media?parent=168975"}],"wp:term":[{"taxonomy":"category","embeddable":true,"href":"https:\/\/cdnoticias.com\/index.php\/wp-json\/wp\/v2\/categories?post=168975"},{"taxonomy":"post_tag","embeddable":true,"href":"https:\/\/cdnoticias.com\/index.php\/wp-json\/wp\/v2\/tags?post=168975"}],"curies":[{"name":"wp","href":"https:\/\/api.w.org\/{rel}","templated":true}]}}