{"id":168970,"date":"2025-04-13T12:03:16","date_gmt":"2025-04-13T15:03:16","guid":{"rendered":"https:\/\/cdnoticias.com\/?p=168970"},"modified":"2025-04-13T19:24:06","modified_gmt":"2025-04-13T22:24:06","slug":"cuanto-costara-el-dolar-desde-el-lunes-proyecciones-de-los-especialistas","status":"publish","type":"post","link":"https:\/\/cdnoticias.com\/index.php\/2025\/04\/13\/cuanto-costara-el-dolar-desde-el-lunes-proyecciones-de-los-especialistas\/","title":{"rendered":"\u00bfCu\u00e1nto costar\u00e1 el d\u00f3lar desde el lunes? Proyecciones de los especialistas"},"content":{"rendered":"\n<p>La evoluci\u00f3n de la variable clave para el bolsillo y para los planes del gobierno. Hasta d\u00f3nde podr\u00eda subir y de qu\u00e9 depende. El impacto en los precios.<\/p>\n\n\n\n<hr class=\"wp-block-separator has-alpha-channel-opacity\"\/>\n\n\n\n<p>Desde el lunes regir\u00e1 un <strong>esquema de bandas cuyo piso ser\u00e1 $1.100 y su techo $1.400. <\/strong>Si la cotizaci\u00f3n traspasa cualquiera de las dos puntas, el Banco Central intervendr\u00e1 para restablecer el equilibrio.<\/p>\n\n\n\n<p><\/p>\n\n\n\n<p>Ese es el esquema que el equipo econ\u00f3mico liderado por Luis Caputo pondr\u00e1 en marcha para tratar de frenar la sangr\u00eda de reservas, que se agudiz\u00f3 en las \u00faltimas semanas.<\/p>\n\n\n\n<p><\/p>\n\n\n\n<p>El Gobierno conf\u00eda en que a partir de este nuevo esquema<strong> el Banco Central pueda volver a acumular reservas.<\/strong><\/p>\n\n\n\n<p><\/p>\n\n\n\n<p>La duda es <strong>cu\u00e1nto se devaluar\u00e1 el peso desde la semana pr\u00f3xima, <\/strong>y los operadores ya hacen c\u00e1lculos.<\/p>\n\n\n\n<p><\/p>\n\n\n\n<p><strong>Si la cotizaci\u00f3n tendiese a los $1.400, la tasa de devaluaci\u00f3n alcanzar\u00e1 el 23%,<\/strong> y se teme que coloque m\u00e1s presi\u00f3n sobre la inflaci\u00f3n de abril, luego de que en marzo salt\u00f3.<\/p>\n\n\n\n<p><\/p>\n\n\n\n<p>Seg\u00fan operadores de la city, <strong>el peso se devaluar\u00e1 al menos 15% a partir de este lunes y el d\u00f3lar saltar\u00e1 de los actuales $1.078 (mayorista) hacia la zona de $1.300\/$1.340,<\/strong> cerca del tipo de cambio financiero, lo que implicar\u00eda una suba de la divisa de entre un 20% y un 25%.<\/p>\n\n\n\n<p><\/p>\n\n\n\n<p>El BCRA explic\u00f3 que<strong> \u201cpromover\u00e1 la flotaci\u00f3n libre del tipo de cambio entre los l\u00edmites establecidos para el r\u00e9gimen\u201d<\/strong>, aunque \u201cpodr\u00e1 considerar la compra de d\u00f3lares en funci\u00f3n de sus objetivos macroecon\u00f3micos y de acumulaci\u00f3n de reservas internacionales (RIN), as\u00ed como la venta de d\u00f3lares para morigerar volatilidad inusual\u201d.<\/p>\n\n\n\n<p><\/p>\n\n\n\n<p>Es decir, la intervenci\u00f3n del BCRA no se activar\u00e1 solamente en el caso de que el tipo de cambio se acerque al piso o al techo de la banda.<\/p>\n\n\n\n<p><\/p>\n\n\n\n<p>En su conferencia de prensa, <strong>Caputo asegur\u00f3 que esto no es una devaluaci\u00f3n, <\/strong>porque el gobierno no llevar\u00e1 la cotizaci\u00f3n a un nivel particular, pero por experiencias anteriores el mecanismo de bandas de flotaci\u00f3n siempre termina ajustando al alza, es decir, lo m\u00e1s probable es que llegue a la zona de los $1.400 a lo largo de la semana pr\u00f3xima.<\/p>\n\n\n\n<p><\/p>\n\n\n\n<p>\u201cUna devaluaci\u00f3n es cuando vos garantiz\u00e1s un m\u00ednimo del tipo de cambio, nosotros no la estamos haciendo. <strong>Puede ser que de ac\u00e1 a un a\u00f1o el d\u00f3lar valga $970\u2033, dijo Caputo,<\/strong> una declaraci\u00f3n que <strong>por ahora no convence al mercado.<\/strong><\/p>\n\n\n\n<p><\/p>\n\n\n\n<p>Analistas explican que en un esquema de bandas, con piso y techo, lo m\u00e1s probable es que el d\u00f3lar oficial converja desde el pr\u00f3ximo lunes hacia los precios m\u00e1s altos del mercado, como lo es actualmente el valor del<strong> \u201cContado con Liquidaci\u00f3n\u201d, que este viernes cerr\u00f3 en $1.340.<\/strong><\/p>\n\n\n\n<p><\/p>\n\n\n\n<p>El <strong>economista Mart\u00edn Kalos<\/strong> estim\u00f3 que el d\u00f3lar <strong>tender\u00e1 a subir hacia los $1.400.<\/strong> Kalos dijo que el Gobierno aspira a que a medida que vayan entrando d\u00f3lares a las reservas, la suba se calme, pueda reducirse y quedar efectivamente entre las bandas\u201d.<\/p>\n\n\n\n<p><\/p>\n\n\n\n<p>En la vereda opuesta, <strong>Miguel Boggiano, consider\u00f3 que \u201cest\u00e1n dadas las circunstancias para que el d\u00f3lar no se vaya a las nubes\u201d.<\/strong> No me sorprender\u00eda que el d\u00f3lar<strong> se quede en un lugar de 1300 o 1500. <\/strong>Esto va a terminar con el d\u00f3lar atrasado o d\u00f3lar alto. Vamos a exportar al precio que sea el d\u00f3lar\u201d.<\/p>\n\n\n\n<p><\/p>\n\n\n\n<p><strong>Mart\u00edn Redrado<\/strong> explic\u00f3 que el Banco Central viene de perder unos 2.500 millones de d\u00f3lares en reservas en apenas 20 d\u00edas, y revertir esa tendencia es fundamental para dar previsibilidad al tipo de cambio. Redrado estima que a partir de las pr\u00f3ximas semanas podr\u00edan ingresar alrededor de 3.000 millones de d\u00f3lares mensuales en concepto de liquidaci\u00f3n de exportaciones agropecuarias. No obstante, advirti\u00f3 que <strong>\u201cel productor quiere ver c\u00f3mo evoluciona el tipo de cambio. Si ve que sube, va a esperar. Si se estabiliza, va a liquidar\u201d.<\/strong><\/p>\n\n\n\n<p><\/p>\n\n\n\n<p>La apuesta del Gobierno es a que el desembolso que el FMI har\u00e1 el martes pr\u00f3ximo, por US$ 12.000 millones, subir\u00e1 el poder de fuego del BCRA y convencer\u00e1 a los operadores que ser\u00e1 posible <strong>sostener las bandas cambiarias en los niveles esperados.<\/strong><\/p>\n\n\n\n<p><\/p>\n\n\n\n<p>Igual, Caputo explic\u00f3 que el sistema de bandas utilizar\u00e1 un criterio \u201cdivergente\u201d, que se ir\u00e1 ajustando al 1% mensual. <strong>Esto quiere decir que desde mayo el piso bajar\u00e1 a $990, mientras que el techo subir\u00e1 a $1.414, y as\u00ed sucesivamente.<\/strong><\/p>\n\n\n\n<p><\/p>\n\n\n\n<p>Eso har\u00e1 que las bandas se alejen cada vez m\u00e1s, lo que refuerza la idea de que la cotizaci\u00f3n pueda irse acercando al techo, que podr\u00eda rondar incluso los $1.500 hacia fines de a\u00f1o.<\/p>\n\n\n\n<p><\/p>\n\n\n\n<blockquote class=\"wp-block-quote is-layout-flow wp-block-quote-is-layout-flow\">\n<p>Analistas ya empiezan a calcular el impacto sobre la inflaci\u00f3n y estiman que el costo de vida podr\u00eda acercarse al 5% en abril. Esto complica los planes del gobierno de llegar con una inflaci\u00f3n en baja a las elecciones legislativas de octubre, y tambi\u00e9n refleja que los planes del oficialismo cambiaron.<\/p>\n<\/blockquote>\n\n\n\n<p><\/p>\n\n\n\n<p>Es que el presidente Javier Milei hab\u00eda vaticinado que desde mayo o junio el costo de vida caer\u00eda al 1%, un objetivo que ahora suena imposible.<\/p>\n\n\n\n<p><\/p>\n\n\n\n<p>La otra advertencia que llega de los economistas es que <strong>los exportadores podr\u00edan postergar la liquidaci\u00f3n de soja <\/strong>a la espera de que el tipo de cambio alcance el tope de la banda de flotaci\u00f3n.<\/p>\n\n\n\n<p><\/p>\n\n\n\n<p>Incluso, podr\u00eda especular con que la divisa est\u00e9 m\u00e1s cerca de los $1.450 en tres meses, lo que puede perjudicar los planes oficiales.<\/p>\n\n\n\n<p><\/p>\n\n\n\n<p><em>Fuente: DIB.<\/em><\/p>\n","protected":false},"excerpt":{"rendered":"<p>La evoluci\u00f3n de la variable clave para el bolsillo y para los planes del gobierno. Hasta d\u00f3nde podr\u00eda subir y<\/p>\n","protected":false},"author":5,"featured_media":168971,"comment_status":"closed","ping_status":"closed","sticky":false,"template":"","format":"standard","meta":{"_jetpack_memberships_contains_paid_content":false,"footnotes":""},"categories":[6,1],"tags":[],"class_list":["post-168970","post","type-post","status-publish","format-standard","has-post-thumbnail","hentry","category-nacionales","category-portada"],"jetpack_featured_media_url":"https:\/\/i0.wp.com\/cdnoticias.com\/wp-content\/uploads\/2025\/04\/dolar-precio.png?fit=800%2C445&ssl=1","jetpack_sharing_enabled":true,"_links":{"self":[{"href":"https:\/\/cdnoticias.com\/index.php\/wp-json\/wp\/v2\/posts\/168970","targetHints":{"allow":["GET"]}}],"collection":[{"href":"https:\/\/cdnoticias.com\/index.php\/wp-json\/wp\/v2\/posts"}],"about":[{"href":"https:\/\/cdnoticias.com\/index.php\/wp-json\/wp\/v2\/types\/post"}],"author":[{"embeddable":true,"href":"https:\/\/cdnoticias.com\/index.php\/wp-json\/wp\/v2\/users\/5"}],"replies":[{"embeddable":true,"href":"https:\/\/cdnoticias.com\/index.php\/wp-json\/wp\/v2\/comments?post=168970"}],"version-history":[{"count":0,"href":"https:\/\/cdnoticias.com\/index.php\/wp-json\/wp\/v2\/posts\/168970\/revisions"}],"wp:featuredmedia":[{"embeddable":true,"href":"https:\/\/cdnoticias.com\/index.php\/wp-json\/wp\/v2\/media\/168971"}],"wp:attachment":[{"href":"https:\/\/cdnoticias.com\/index.php\/wp-json\/wp\/v2\/media?parent=168970"}],"wp:term":[{"taxonomy":"category","embeddable":true,"href":"https:\/\/cdnoticias.com\/index.php\/wp-json\/wp\/v2\/categories?post=168970"},{"taxonomy":"post_tag","embeddable":true,"href":"https:\/\/cdnoticias.com\/index.php\/wp-json\/wp\/v2\/tags?post=168970"}],"curies":[{"name":"wp","href":"https:\/\/api.w.org\/{rel}","templated":true}]}}