{"id":16895,"date":"2021-03-22T20:49:20","date_gmt":"2021-03-22T23:49:20","guid":{"rendered":"http:\/\/www.centraldenoticias.com.ar\/?p=16895"},"modified":"2021-03-22T21:47:57","modified_gmt":"2021-03-23T00:47:57","slug":"carmelo-vinci-hoy-no-estamos-solos-la-universidad-nos-acompana","status":"publish","type":"post","link":"https:\/\/cdnoticias.com\/index.php\/2021\/03\/22\/carmelo-vinci-hoy-no-estamos-solos-la-universidad-nos-acompana\/","title":{"rendered":"Carmelo Vinci: \u201cHoy no estamos solos,  la Universidad nos acompa\u00f1a\u201d"},"content":{"rendered":"<p>En el cierre de la tarde de este lunes qued\u00f3 inaugurada en el Centro Cultural la muestra itinerante \u201cPaisajes de la Memoria\u201d.<!--more--><\/p>\n<hr \/>\n<p>En la jornada de este lunes dio inicio la denominada <a href=\"https:\/\/cdnoticias.com\/index.php\/2021\/03\/20\/dieron-a-conocer-las-actividades-por-la-semana-de-la-memoria\/\" target=\"_blank\" rel=\"noopener\">Semana de la Memoria<\/a>, enmarcada en la conmemoraci\u00f3n de los 45 a\u00f1os de la dictadura C\u00edvico Militar. Una de las actividades agendadas en ese calendario tuvo lugar en el Centro Cultural, donde al cierre de la tarde qued\u00f3 inaugurada la muestra itinerante <strong>\u201cPaisajes de la Memoria\u201d, una de las tres muestras simult\u00e1neas del Museo de Arte y Memoria que llegaron a nuestra ciudad gracias a las gestiones conjuntas realizadas por las Facultades de Ciencias Sociales, de Ingenier\u00eda y de Ciencias de la Salud, todas dependientes de la Universidad Nacional del Centro.<\/strong><\/p>\n<p>&nbsp;<\/p>\n<p><img data-recalc-dims=\"1\" loading=\"lazy\" decoding=\"async\" class=\"alignnone size-large wp-image-16901\" src=\"https:\/\/i0.wp.com\/cdnoticias.com\/wp-content\/uploads\/2021\/03\/WhatsApp-Image-2021-03-22-at-19.56.18-1.jpeg?resize=800%2C480&#038;ssl=1\" alt=\"\" width=\"800\" height=\"480\" srcset=\"https:\/\/i0.wp.com\/cdnoticias.com\/wp-content\/uploads\/2021\/03\/WhatsApp-Image-2021-03-22-at-19.56.18-1.jpeg?resize=1024%2C614&amp;ssl=1 1024w, https:\/\/i0.wp.com\/cdnoticias.com\/wp-content\/uploads\/2021\/03\/WhatsApp-Image-2021-03-22-at-19.56.18-1.jpeg?resize=300%2C180&amp;ssl=1 300w, https:\/\/i0.wp.com\/cdnoticias.com\/wp-content\/uploads\/2021\/03\/WhatsApp-Image-2021-03-22-at-19.56.18-1.jpeg?resize=768%2C461&amp;ssl=1 768w, https:\/\/i0.wp.com\/cdnoticias.com\/wp-content\/uploads\/2021\/03\/WhatsApp-Image-2021-03-22-at-19.56.18-1.jpeg?w=1280&amp;ssl=1 1280w\" sizes=\"auto, (max-width: 800px) 100vw, 800px\" \/><\/p>\n<p>&nbsp;<\/p>\n<p><strong>\u201cQuiero agradecerles en mi nombre y en los que creo que represento\u201d,<\/strong> inici\u00f3 su intervenci\u00f3n Carmelo Vinci, detenido desaparecido durante la \u00faltima dictadura c\u00edvico-militar y referente local en Derechos Humanos, quien tom\u00f3 la palabra luego de que los hicieran representantes de cada una de las Casas de Altos Estudios de nuestra ciudad.<\/p>\n<p>&nbsp;<\/p>\n<p><strong style=\"font-size: 16px;\">\u201cLos organismos de Derechos Humanos est\u00e1bamos acostumbrados a trabajar en soledad\u201d<\/strong><span style=\"font-size: 16px;\">, continu\u00f3 Vinci a medida que desplegaba una suerte de recorrido por labor en materia de Verdad, Memoria y Justicia en la ciudad durante las \u00faltimas d\u00e9cadas. <\/span><strong style=\"font-size: 16px;\">\u201cPor suerte los cambios cambiaron, hubo un gobierno que puso el tema de los Derechos Humanos en el lugar que corresponde\u201d<\/strong><span style=\"font-size: 16px;\">, a\u00f1adi\u00f3.<\/span><\/p>\n<p>&nbsp;<\/p>\n<figure id=\"attachment_16902\" aria-describedby=\"caption-attachment-16902\" style=\"width: 800px\" class=\"wp-caption alignnone\"><img data-recalc-dims=\"1\" loading=\"lazy\" decoding=\"async\" class=\"wp-image-16902 size-large\" src=\"https:\/\/i0.wp.com\/cdnoticias.com\/wp-content\/uploads\/2021\/03\/WhatsApp-Image-2021-03-22-at-19.56.18.jpeg?resize=800%2C496&#038;ssl=1\" alt=\"\" width=\"800\" height=\"496\" srcset=\"https:\/\/i0.wp.com\/cdnoticias.com\/wp-content\/uploads\/2021\/03\/WhatsApp-Image-2021-03-22-at-19.56.18.jpeg?resize=1024%2C635&amp;ssl=1 1024w, https:\/\/i0.wp.com\/cdnoticias.com\/wp-content\/uploads\/2021\/03\/WhatsApp-Image-2021-03-22-at-19.56.18.jpeg?resize=300%2C186&amp;ssl=1 300w, https:\/\/i0.wp.com\/cdnoticias.com\/wp-content\/uploads\/2021\/03\/WhatsApp-Image-2021-03-22-at-19.56.18.jpeg?resize=768%2C476&amp;ssl=1 768w, https:\/\/i0.wp.com\/cdnoticias.com\/wp-content\/uploads\/2021\/03\/WhatsApp-Image-2021-03-22-at-19.56.18.jpeg?w=1280&amp;ssl=1 1280w\" sizes=\"auto, (max-width: 800px) 100vw, 800px\" \/><figcaption id=\"caption-attachment-16902\" class=\"wp-caption-text\">El cierre estuvo a cargo del Coro Universitario, dirigido por el profesor Juan Loza.<\/figcaption><\/figure>\n<p>&nbsp;<\/p>\n<p>En su relato tambi\u00e9n puso el acento en \u201cuna de las mejores decisiones que hemos tenido\u201d, que fue la elecci\u00f3n de la Facultad de Ciencias Sociales como sede para las audiencias del juicio por los delitos de Lesa Humanidad cometidos en el Centro Clandestino de Detenci\u00f3n Monte Pelloni. Le agradeci\u00f3 a esa Facultad y subray\u00f3 c\u00f3mo pese a un cambio de autoridades en el decanato la pol\u00edtica y la acci\u00f3n conjunta se sostiene, para luego sumar al agradecimiento y la menci\u00f3n a las otras dos facultades locales. \u201c<strong>Hoy ya esa soledad no existe, hoy no estamos solos, la Universidad nos acompa\u00f1a\u201d, concluy\u00f3.<\/strong><\/p>\n<p>&nbsp;<\/p>\n<p>Vale destacar que cada una de las unidades acad\u00e9micas realizar\u00e1 durante los pr\u00f3ximos d\u00edas actividades alusivas enmarcadas en la semana de la Memoria, y gracias a las gestiones conjuntas se logr\u00f3 el arribo a la ciudad de las mencionadas muestras itinerantes. <strong>Las restantes son \u201cBuena Memoria\u201d, que est\u00e1 en la Mutual Carlos Moreno de Suteba, y, por \u00faltimo, \u201cHistorietas por la Identidad\u201d, en la Escuela Fray Mamerto Esqui\u00fa.<\/strong><\/p>\n","protected":false},"excerpt":{"rendered":"<p>En el cierre de la tarde de este lunes qued\u00f3 inaugurada en el Centro Cultural la muestra itinerante \u201cPaisajes de<\/p>\n","protected":false},"author":3,"featured_media":16689,"comment_status":"closed","ping_status":"closed","sticky":false,"template":"","format":"standard","meta":{"_jetpack_memberships_contains_paid_content":false,"footnotes":""},"categories":[5,1],"tags":[],"class_list":["post-16895","post","type-post","status-publish","format-standard","has-post-thumbnail","hentry","category-informacion-general","category-portada"],"jetpack_featured_media_url":"https:\/\/i0.wp.com\/cdnoticias.com\/wp-content\/uploads\/2021\/03\/Cultura-Apertura-Muestra-Paisajes-de-la-memoria-1024x682.jpg?fit=1024%2C682&ssl=1","jetpack_sharing_enabled":true,"_links":{"self":[{"href":"https:\/\/cdnoticias.com\/index.php\/wp-json\/wp\/v2\/posts\/16895","targetHints":{"allow":["GET"]}}],"collection":[{"href":"https:\/\/cdnoticias.com\/index.php\/wp-json\/wp\/v2\/posts"}],"about":[{"href":"https:\/\/cdnoticias.com\/index.php\/wp-json\/wp\/v2\/types\/post"}],"author":[{"embeddable":true,"href":"https:\/\/cdnoticias.com\/index.php\/wp-json\/wp\/v2\/users\/3"}],"replies":[{"embeddable":true,"href":"https:\/\/cdnoticias.com\/index.php\/wp-json\/wp\/v2\/comments?post=16895"}],"version-history":[{"count":0,"href":"https:\/\/cdnoticias.com\/index.php\/wp-json\/wp\/v2\/posts\/16895\/revisions"}],"wp:featuredmedia":[{"embeddable":true,"href":"https:\/\/cdnoticias.com\/index.php\/wp-json\/wp\/v2\/media\/16689"}],"wp:attachment":[{"href":"https:\/\/cdnoticias.com\/index.php\/wp-json\/wp\/v2\/media?parent=16895"}],"wp:term":[{"taxonomy":"category","embeddable":true,"href":"https:\/\/cdnoticias.com\/index.php\/wp-json\/wp\/v2\/categories?post=16895"},{"taxonomy":"post_tag","embeddable":true,"href":"https:\/\/cdnoticias.com\/index.php\/wp-json\/wp\/v2\/tags?post=16895"}],"curies":[{"name":"wp","href":"https:\/\/api.w.org\/{rel}","templated":true}]}}