{"id":168937,"date":"2025-04-12T17:50:55","date_gmt":"2025-04-12T20:50:55","guid":{"rendered":"https:\/\/cdnoticias.com\/?p=168937"},"modified":"2025-04-12T17:50:57","modified_gmt":"2025-04-12T20:50:57","slug":"recoleccion-de-residuos-electronicos-habra-una-nueva-jornada-en-el-parque-avellaneda","status":"publish","type":"post","link":"https:\/\/cdnoticias.com\/index.php\/2025\/04\/12\/recoleccion-de-residuos-electronicos-habra-una-nueva-jornada-en-el-parque-avellaneda\/","title":{"rendered":"Recolecci\u00f3n de residuos electr\u00f3nicos: habr\u00e1 una nueva jornada en el Parque Avellaneda"},"content":{"rendered":"\n<p>Ser\u00e1 el pr\u00f3ximo martes 29 de abril por la ma\u00f1ana. Qu\u00e9 se recibir\u00e1 para reciclar.<\/p>\n\n\n\n<hr class=\"wp-block-separator aligncenter has-alpha-channel-opacity\"\/>\n\n\n\n<p>El pr\u00f3ximo <strong>martes 29 de abril, el Municipio de Olavarr\u00eda llevar\u00e1 adelante una nueva edici\u00f3n de la Campa\u00f1a de Recolecci\u00f3n de RAEEs (Residuos de Aparatos El\u00e9ctricos y Electr\u00f3nicos). <\/strong>La actividad es impulsada por la Coordinaci\u00f3n de Ambiente de la Secretar\u00eda de Desarrollo Econ\u00f3mico y Productivo.<\/p>\n\n\n\n<blockquote class=\"wp-block-quote is-layout-flow wp-block-quote-is-layout-flow\">\n<p>La jornada tendr\u00e1 lugar en el Parque Avellaneda, ubicado en avenida Avellaneda y Santa Cruz, frente al barrio CECO. El operativo se extender\u00e1 de 10 a 13 horas, o hasta agotar el espacio de acopio disponible. En caso de lluvia, la actividad quedar\u00e1 suspendida.<\/p>\n<\/blockquote>\n\n\n\n<p>Se recibir\u00e1n <strong>computadoras, impresoras, monitores, celulares, televisores, centrales telef\u00f3nicas, routers, electrodom\u00e9sticos peque\u00f1os, radios, videoc\u00e1maras, relojes y videojuegos. En cambio, no se aceptar\u00e1n heladeras, lavarropas, cocinas, lavavajillas, t\u00f3ner, bater\u00edas, pilas ni l\u00e1mparas.<\/strong><\/p>\n\n\n\n<figure class=\"wp-block-image size-full\"><img data-recalc-dims=\"1\" loading=\"lazy\" decoding=\"async\" width=\"800\" height=\"1000\" src=\"https:\/\/i0.wp.com\/cdnoticias.com\/wp-content\/uploads\/2025\/04\/Basura-Electronica-2025-819x1024-1.jpeg?resize=800%2C1000&#038;ssl=1\" alt=\"\" class=\"wp-image-168938\" srcset=\"https:\/\/i0.wp.com\/cdnoticias.com\/wp-content\/uploads\/2025\/04\/Basura-Electronica-2025-819x1024-1.jpeg?w=819&amp;ssl=1 819w, https:\/\/i0.wp.com\/cdnoticias.com\/wp-content\/uploads\/2025\/04\/Basura-Electronica-2025-819x1024-1.jpeg?resize=240%2C300&amp;ssl=1 240w, https:\/\/i0.wp.com\/cdnoticias.com\/wp-content\/uploads\/2025\/04\/Basura-Electronica-2025-819x1024-1.jpeg?resize=768%2C960&amp;ssl=1 768w\" sizes=\"auto, (max-width: 800px) 100vw, 800px\" \/><\/figure>\n\n\n\n<p>La campa\u00f1a se enmarca en el Programa DRTD (Disposici\u00f3n y Reutilizaci\u00f3n de Tecnolog\u00edas en Desuso) del Ministerio de Justicia de la Provincia de Buenos Aires, que <strong>busca promover el reciclado y reutilizaci\u00f3n de aparatos electr\u00f3nicos en desuso, reduciendo as\u00ed su impacto negativo sobre el ambiente.<\/strong><\/p>\n\n\n\n<p>Para m\u00e1s informaci\u00f3n, se puede llamar a la Coordinaci\u00f3n de Ambiente al 422135\/95.<\/p>\n\n\n\n<p><\/p>\n","protected":false},"excerpt":{"rendered":"<p>Ser\u00e1 el pr\u00f3ximo martes 29 de abril por la ma\u00f1ana. Qu\u00e9 se recibir\u00e1 para reciclar. El pr\u00f3ximo martes 29 de<\/p>\n","protected":false},"author":2,"featured_media":130737,"comment_status":"closed","ping_status":"closed","sticky":false,"template":"","format":"standard","meta":{"_jetpack_memberships_contains_paid_content":false,"footnotes":""},"categories":[5,1],"tags":[],"class_list":["post-168937","post","type-post","status-publish","format-standard","has-post-thumbnail","hentry","category-informacion-general","category-portada"],"jetpack_featured_media_url":"https:\/\/i0.wp.com\/cdnoticias.com\/wp-content\/uploads\/2024\/11\/recoleccion-bausra-electronica.jpg?fit=900%2C524&ssl=1","jetpack_sharing_enabled":true,"_links":{"self":[{"href":"https:\/\/cdnoticias.com\/index.php\/wp-json\/wp\/v2\/posts\/168937","targetHints":{"allow":["GET"]}}],"collection":[{"href":"https:\/\/cdnoticias.com\/index.php\/wp-json\/wp\/v2\/posts"}],"about":[{"href":"https:\/\/cdnoticias.com\/index.php\/wp-json\/wp\/v2\/types\/post"}],"author":[{"embeddable":true,"href":"https:\/\/cdnoticias.com\/index.php\/wp-json\/wp\/v2\/users\/2"}],"replies":[{"embeddable":true,"href":"https:\/\/cdnoticias.com\/index.php\/wp-json\/wp\/v2\/comments?post=168937"}],"version-history":[{"count":0,"href":"https:\/\/cdnoticias.com\/index.php\/wp-json\/wp\/v2\/posts\/168937\/revisions"}],"wp:featuredmedia":[{"embeddable":true,"href":"https:\/\/cdnoticias.com\/index.php\/wp-json\/wp\/v2\/media\/130737"}],"wp:attachment":[{"href":"https:\/\/cdnoticias.com\/index.php\/wp-json\/wp\/v2\/media?parent=168937"}],"wp:term":[{"taxonomy":"category","embeddable":true,"href":"https:\/\/cdnoticias.com\/index.php\/wp-json\/wp\/v2\/categories?post=168937"},{"taxonomy":"post_tag","embeddable":true,"href":"https:\/\/cdnoticias.com\/index.php\/wp-json\/wp\/v2\/tags?post=168937"}],"curies":[{"name":"wp","href":"https:\/\/api.w.org\/{rel}","templated":true}]}}