{"id":168919,"date":"2025-04-12T10:56:14","date_gmt":"2025-04-12T13:56:14","guid":{"rendered":"https:\/\/cdnoticias.com\/?p=168919"},"modified":"2025-04-12T11:12:53","modified_gmt":"2025-04-12T14:12:53","slug":"comision-sin-quorum-en-el-hcd-el-oficialismo-desmintio-la-palabra-de-concejales-opositores","status":"publish","type":"post","link":"https:\/\/cdnoticias.com\/index.php\/2025\/04\/12\/comision-sin-quorum-en-el-hcd-el-oficialismo-desmintio-la-palabra-de-concejales-opositores\/","title":{"rendered":"Comisi\u00f3n sin qu\u00f3rum en el HCD: el oficialismo desminti\u00f3 la palabra de concejales opositores"},"content":{"rendered":"\n<p>Dieron a conocer el acta y decreto de convocatoria con la firma de todos los presidentes de bloque con fecha y hora de asistencia de la Jefa de Gabinete Mercedes Land\u00edvar.<\/p>\n\n\n\n<hr class=\"wp-block-separator aligncenter has-alpha-channel-opacity\"\/>\n\n\n\n<p>Tras dar a conocer el faltazo de concejales opositores a la comisi\u00f3n especial creada para hacer el seguimiento de los fondos por la venta de una calle a la empresa Loma Negra y la respuesta de los concejales opositores por la falta de comunicaci\u00f3n del oficialismo, <strong>desde el propio oficialismo salieron a cruzar la versi\u00f3n y dieron a conocer el decreto de convocatoria y el acta a mano alzada que tiene la firma de todos los concejales.<\/strong><\/p>\n\n\n\n<figure class=\"wp-block-embed is-type-wp-embed is-provider-central-de-noticias-olavarr-a wp-block-embed-central-de-noticias-olavarr-a\"><div class=\"wp-block-embed__wrapper\">\n<blockquote class=\"wp-embedded-content\" data-secret=\"8h11drH7Xt\"><a href=\"https:\/\/cdnoticias.com\/index.php\/2025\/04\/11\/no-hubo-quorum-en-la-primera-reunion-de-la-comision-de-control-por-la-venta-de-la-calle-a-loma-negra\/\">No hubo qu\u00f3rum en la primera reuni\u00f3n de la Comisi\u00f3n de Control por la venta de la calle a Loma Negra<\/a><\/blockquote><iframe loading=\"lazy\" class=\"wp-embedded-content\" sandbox=\"allow-scripts\" security=\"restricted\" style=\"position: absolute; visibility: hidden;\" title=\"&#8220;No hubo qu\u00f3rum en la primera reuni\u00f3n de la Comisi\u00f3n de Control por la venta de la calle a Loma Negra&#8221; &#8212; Central de Noticias | Olavarr\u00eda\" src=\"https:\/\/cdnoticias.com\/index.php\/2025\/04\/11\/no-hubo-quorum-en-la-primera-reunion-de-la-comision-de-control-por-la-venta-de-la-calle-a-loma-negra\/embed\/#?secret=oqjwlg2ux1#?secret=8h11drH7Xt\" data-secret=\"8h11drH7Xt\" width=\"600\" height=\"338\" frameborder=\"0\" marginwidth=\"0\" marginheight=\"0\" scrolling=\"no\"><\/iframe>\n<\/div><\/figure>\n\n\n\n<blockquote class=\"wp-block-quote is-layout-flow wp-block-quote-is-layout-flow\">\n<p>En el acta, que tiene la firma de todos los integrantes de la comisi\u00f3n, se indica que la convocatoria de la Jefa de Gabinete Mercedes Land\u00edvar es para el viernes 11 de abril para las 10:30 horas.\u00a0<\/p>\n<\/blockquote>\n\n\n\n<p>Adem\u00e1s, tambi\u00e9n <strong>mostraron el decreto de convocatoria oficial con la firma del Presidente del HCD, Guillermo Santell\u00e1n, para el mismo d\u00eda y horario. <\/strong><em>\u201cEs un papel\u00f3n que no agenden la reuni\u00f3n\u201d <\/em>se\u00f1alaron a Central de Noticias.<\/p>\n\n\n\n<p>Vale decir que este \u00faltimo viernes institucionalmente se inform\u00f3 que no hubo qu\u00f3rum de la comisi\u00f3n especial con la presencia de Federico Aguilera (UxP) y las ausencias de Hilario Galli, Oliver Gamondi, Sebasti\u00e1n Matrella, Carlos Coscia y Marcelo Petehs.<\/p>\n\n\n\n<figure class=\"wp-block-embed is-type-wp-embed is-provider-central-de-noticias-olavarr-a wp-block-embed-central-de-noticias-olavarr-a\"><div class=\"wp-block-embed__wrapper\">\n<blockquote class=\"wp-embedded-content\" data-secret=\"mTKoJSEIoo\"><a href=\"https:\/\/cdnoticias.com\/index.php\/2025\/04\/11\/comision-sin-quorum-en-el-hcd-todos-los-bloques-estabamos-ahi-fue-un-error-de-comunicacion\/\">Comisi\u00f3n sin qu\u00f3rum en el HCD: \u201cTodos los bloques est\u00e1bamos ah\u00ed, fue un error de comunicaci\u00f3n\u201d<\/a><\/blockquote><iframe loading=\"lazy\" class=\"wp-embedded-content\" sandbox=\"allow-scripts\" security=\"restricted\" style=\"position: absolute; visibility: hidden;\" title=\"&#8220;Comisi\u00f3n sin qu\u00f3rum en el HCD: \u201cTodos los bloques est\u00e1bamos ah\u00ed, fue un error de comunicaci\u00f3n\u201d&#8221; &#8212; Central de Noticias | Olavarr\u00eda\" src=\"https:\/\/cdnoticias.com\/index.php\/2025\/04\/11\/comision-sin-quorum-en-el-hcd-todos-los-bloques-estabamos-ahi-fue-un-error-de-comunicacion\/embed\/#?secret=q3bxvF1ZUx#?secret=mTKoJSEIoo\" data-secret=\"mTKoJSEIoo\" width=\"600\" height=\"338\" frameborder=\"0\" marginwidth=\"0\" marginheight=\"0\" scrolling=\"no\"><\/iframe>\n<\/div><\/figure>\n\n\n\n<p>La oposici\u00f3n sali\u00f3 a responder e indicaron que al momento de la convocatoria todos los concejales estaban en sus bloques y no fueron \u201crecordados\u201d por Whatsapp. \u201cFue un error de comunicaci\u00f3n\u201d indic\u00f3 el edil Marcelo Petehs (Por m\u00e1s Libertad).<\/p>\n","protected":false},"excerpt":{"rendered":"<p>Dieron a conocer el acta y decreto de convocatoria con la firma de todos los presidentes de bloque con fecha<\/p>\n","protected":false},"author":2,"featured_media":168920,"comment_status":"closed","ping_status":"closed","sticky":false,"template":"","format":"standard","meta":{"_jetpack_memberships_contains_paid_content":false,"footnotes":""},"categories":[4,1],"tags":[],"class_list":["post-168919","post","type-post","status-publish","format-standard","has-post-thumbnail","hentry","category-politica","category-portada"],"jetpack_featured_media_url":"https:\/\/i0.wp.com\/cdnoticias.com\/wp-content\/uploads\/2025\/04\/WhatsApp-Image-2025-04-11-at-20.28.37.jpeg?fit=969%2C439&ssl=1","jetpack_sharing_enabled":true,"_links":{"self":[{"href":"https:\/\/cdnoticias.com\/index.php\/wp-json\/wp\/v2\/posts\/168919","targetHints":{"allow":["GET"]}}],"collection":[{"href":"https:\/\/cdnoticias.com\/index.php\/wp-json\/wp\/v2\/posts"}],"about":[{"href":"https:\/\/cdnoticias.com\/index.php\/wp-json\/wp\/v2\/types\/post"}],"author":[{"embeddable":true,"href":"https:\/\/cdnoticias.com\/index.php\/wp-json\/wp\/v2\/users\/2"}],"replies":[{"embeddable":true,"href":"https:\/\/cdnoticias.com\/index.php\/wp-json\/wp\/v2\/comments?post=168919"}],"version-history":[{"count":0,"href":"https:\/\/cdnoticias.com\/index.php\/wp-json\/wp\/v2\/posts\/168919\/revisions"}],"wp:featuredmedia":[{"embeddable":true,"href":"https:\/\/cdnoticias.com\/index.php\/wp-json\/wp\/v2\/media\/168920"}],"wp:attachment":[{"href":"https:\/\/cdnoticias.com\/index.php\/wp-json\/wp\/v2\/media?parent=168919"}],"wp:term":[{"taxonomy":"category","embeddable":true,"href":"https:\/\/cdnoticias.com\/index.php\/wp-json\/wp\/v2\/categories?post=168919"},{"taxonomy":"post_tag","embeddable":true,"href":"https:\/\/cdnoticias.com\/index.php\/wp-json\/wp\/v2\/tags?post=168919"}],"curies":[{"name":"wp","href":"https:\/\/api.w.org\/{rel}","templated":true}]}}