{"id":168906,"date":"2025-04-12T09:09:12","date_gmt":"2025-04-12T12:09:12","guid":{"rendered":"https:\/\/cdnoticias.com\/?p=168906"},"modified":"2025-04-12T10:13:43","modified_gmt":"2025-04-12T13:13:43","slug":"milei-anuncio-por-cadena-nacional-el-fin-del-cepo-y-una-nueva-era-economica","status":"publish","type":"post","link":"https:\/\/cdnoticias.com\/index.php\/2025\/04\/12\/milei-anuncio-por-cadena-nacional-el-fin-del-cepo-y-una-nueva-era-economica\/","title":{"rendered":"Milei anunci\u00f3 por cadena nacional el fin del cepo y una \u201cnueva era\u201d econ\u00f3mica"},"content":{"rendered":"\n<p>Por Cadena Nacional tras el anuncio del Banco Central y Luis Caputo, el Presidente indic\u00f3 que el pr\u00e9stamo del FMI \u201crespaldar\u00e1n los pesos existentes en la econom\u00eda\u201d. Se prev\u00e9 un salto cambiario el lunes.&nbsp;<\/p>\n\n\n\n<hr class=\"wp-block-separator aligncenter has-alpha-channel-opacity\"\/>\n\n\n\n<p>El presidente<strong> Javier Milei brind\u00f3 este viernes un mensaje por cadena nacional en el que confirm\u00f3 la eliminaci\u00f3n definitiva del cepo cambiario, celebr\u00f3 el nuevo acuerdo con el Fondo Monetario Internacional (FMI) <\/strong>y destac\u00f3 el saneamiento de las cuentas p\u00fablicas como inicio de una nueva etapa econ\u00f3mica en la Argentina.<\/p>\n\n\n\n<p>\u201c<em>Se rompi\u00f3 el \u00faltimo eslab\u00f3n de la cadena econ\u00f3mica: eliminamos el cepo para siempre\u201d,<\/em> asegur\u00f3 el mandatario. Durante su discurso, defini\u00f3 al cepo como <em>\u201cuna aberraci\u00f3n que nunca deber\u00edamos haber tenido\u201d <\/em>y explic\u00f3 que su eliminaci\u00f3n marca el comienzo de <em>\u201cuna nueva era de libertad y estabilidad para los argentinos\u201d.<\/em><\/p>\n\n\n\n<p>El anuncio estuvo acompa\u00f1ado por la confirmaci\u00f3n de un<strong> nuevo programa con el FMI que incluye un pr\u00e9stamo por 32.000 millones de d\u00f3lares<\/strong>. Seg\u00fan Milei, estos fondos permitir\u00e1n <em><strong>\u201crespaldar todos los pesos existentes en la econom\u00eda\u201d<\/strong><\/em> y garantizar un sistema monetario y cambiario m\u00e1s previsible.<\/p>\n\n\n\n<p>Entre las frases m\u00e1s destacadas de su intervenci\u00f3n, el Presidente afirm\u00f3:<\/p>\n\n\n\n<p><em>\u201cPasamos de ser el peor alumno a un alumno ejemplar que s\u00f3lo gasta lo que entra y ni un peso m\u00e1s.\u201d<\/em><\/p>\n\n\n\n<p><em>\u201cPusimos las cuentas en orden en tiempo r\u00e9cord.\u201d<\/em><\/p>\n\n\n\n<p><em>\u201cEl cepo cambiario generaba distorsiones que destruyeron el ahorro y la inversi\u00f3n.\u201d<\/em><\/p>\n\n\n\n<p>El jefe de Estado insisti\u00f3 en que <strong>el nuevo esquema refuerza la pol\u00edtica de equilibrio fiscal y deja atr\u00e1s la posibilidad de financiamiento con emisi\u00f3n monetaria<\/strong>.<em> \u201cNo hay m\u00e1s lugar para el gasto desmedido ni para imprimir billetes sin respaldo\u201d, <\/em>subray\u00f3.<\/p>\n\n\n\n<p>La cadena nacional fue transmitida tambi\u00e9n por el sitio web de Noticias Argentinas,<strong> agencia que confirm\u00f3 que el mensaje estuvo respaldado por la aprobaci\u00f3n formal del acuerdo con el FMI.<\/strong><\/p>\n","protected":false},"excerpt":{"rendered":"<p>Por Cadena Nacional tras el anuncio del Banco Central y Luis Caputo, el Presidente indic\u00f3 que el pr\u00e9stamo del FMI<\/p>\n","protected":false},"author":2,"featured_media":168907,"comment_status":"closed","ping_status":"closed","sticky":false,"template":"","format":"standard","meta":{"_jetpack_memberships_contains_paid_content":false,"footnotes":""},"categories":[6,1],"tags":[],"class_list":["post-168906","post","type-post","status-publish","format-standard","has-post-thumbnail","hentry","category-nacionales","category-portada"],"jetpack_featured_media_url":"https:\/\/i0.wp.com\/cdnoticias.com\/wp-content\/uploads\/2025\/04\/WhatsApp-Image-2025-04-11-at-22.57.25-scaled.jpeg?fit=2560%2C1668&ssl=1","jetpack_sharing_enabled":true,"_links":{"self":[{"href":"https:\/\/cdnoticias.com\/index.php\/wp-json\/wp\/v2\/posts\/168906","targetHints":{"allow":["GET"]}}],"collection":[{"href":"https:\/\/cdnoticias.com\/index.php\/wp-json\/wp\/v2\/posts"}],"about":[{"href":"https:\/\/cdnoticias.com\/index.php\/wp-json\/wp\/v2\/types\/post"}],"author":[{"embeddable":true,"href":"https:\/\/cdnoticias.com\/index.php\/wp-json\/wp\/v2\/users\/2"}],"replies":[{"embeddable":true,"href":"https:\/\/cdnoticias.com\/index.php\/wp-json\/wp\/v2\/comments?post=168906"}],"version-history":[{"count":0,"href":"https:\/\/cdnoticias.com\/index.php\/wp-json\/wp\/v2\/posts\/168906\/revisions"}],"wp:featuredmedia":[{"embeddable":true,"href":"https:\/\/cdnoticias.com\/index.php\/wp-json\/wp\/v2\/media\/168907"}],"wp:attachment":[{"href":"https:\/\/cdnoticias.com\/index.php\/wp-json\/wp\/v2\/media?parent=168906"}],"wp:term":[{"taxonomy":"category","embeddable":true,"href":"https:\/\/cdnoticias.com\/index.php\/wp-json\/wp\/v2\/categories?post=168906"},{"taxonomy":"post_tag","embeddable":true,"href":"https:\/\/cdnoticias.com\/index.php\/wp-json\/wp\/v2\/tags?post=168906"}],"curies":[{"name":"wp","href":"https:\/\/api.w.org\/{rel}","templated":true}]}}