{"id":16890,"date":"2021-03-22T20:18:35","date_gmt":"2021-03-22T23:18:35","guid":{"rendered":"http:\/\/www.centraldenoticias.com.ar\/?p=16890"},"modified":"2021-03-23T08:42:53","modified_gmt":"2021-03-23T11:42:53","slug":"final-feliz-la-escuela-de-mapis-ya-tiene-su-heladera","status":"publish","type":"post","link":"https:\/\/cdnoticias.com\/index.php\/2021\/03\/22\/final-feliz-la-escuela-de-mapis-ya-tiene-su-heladera\/","title":{"rendered":"Final feliz: La Escuela de Mapis ya tiene su heladera"},"content":{"rendered":"<p>Fue adquirida desde el Consejo Escolar, que se la entreg\u00f3 en la jornada de este lunes. La Escuela anunci\u00f3 que devolver\u00e1 las donaciones.<!--more--><\/p>\n<hr \/>\n<p>\u201cLa Escuela N\u00b0 35 de Mapis informa con gran alegr\u00eda,\u00a0 que en el d\u00eda de hoy lleg\u00f3 la heladera Inverter que necesitamos\u201d, de esa manera se inicia el comunicado que en la jornada de este lunes fue enviado desde la Escuela Rural que <a href=\"https:\/\/cdnoticias.com\/index.php\/2021\/03\/19\/continua-la-campana-solidaria-para-poder-comprar-una-heladera-para-la-escuela-de-mapis\/\" target=\"_blank\" rel=\"noopener\">en los \u00faltimos d\u00edas fue noticia a partir de la campa\u00f1a para poder contar con una heladera para el personal docente y la comunidad educativa que all\u00ed concurre<\/a>.<\/p>\n<p>&nbsp;<\/p>\n<p><img data-recalc-dims=\"1\" loading=\"lazy\" decoding=\"async\" class=\"alignnone size-full wp-image-15038\" src=\"https:\/\/i0.wp.com\/cdnoticias.com\/wp-content\/uploads\/2021\/03\/mapis-escuela-35-foto-el-federal.jpg?resize=800%2C491&#038;ssl=1\" alt=\"\" width=\"800\" height=\"491\" srcset=\"https:\/\/i0.wp.com\/cdnoticias.com\/wp-content\/uploads\/2021\/03\/mapis-escuela-35-foto-el-federal.jpg?w=850&amp;ssl=1 850w, https:\/\/i0.wp.com\/cdnoticias.com\/wp-content\/uploads\/2021\/03\/mapis-escuela-35-foto-el-federal.jpg?resize=300%2C184&amp;ssl=1 300w, https:\/\/i0.wp.com\/cdnoticias.com\/wp-content\/uploads\/2021\/03\/mapis-escuela-35-foto-el-federal.jpg?resize=768%2C472&amp;ssl=1 768w\" sizes=\"auto, (max-width: 800px) 100vw, 800px\" \/><\/p>\n<p>&nbsp;<\/p>\n<p><strong>\u201cLa Comunidad Educativa agradece al Consejo Escolar la provisi\u00f3n de la heladera, que fue adquirida con fondos propios del Consejo Escolar de Olavarr\u00eda\u201d<\/strong>, avanza el documento en sinton\u00eda con lo que fue difundido por otros voceros, quienes enfatizaron que se trata de una heladera Inverter de 330 litros con freezer marca Samsung.<\/p>\n<p>&nbsp;<\/p>\n<p>Tal como hab\u00eda narrado a este portal d\u00edas atr\u00e1s la secretaria de la cooperadora escolar, <strong>necesitaban de un equipo de esas caracter\u00edsticas teniendo en cuenta las limitaciones que poseen en materia energ\u00e9tica, ya que la localidad no cuenta con suministro el\u00e9ctrico.<\/strong> Este tipo de refrigerados cuentan con una tecnolog\u00eda que optimiza el consumo, pudiendo ser abastecida con los paneles solares que ya posee el establecimiento.<\/p>\n<p>&nbsp;<\/p>\n<p><img data-recalc-dims=\"1\" loading=\"lazy\" decoding=\"async\" class=\"alignnone size-large wp-image-16891\" src=\"https:\/\/i0.wp.com\/cdnoticias.com\/wp-content\/uploads\/2021\/03\/mapisdicarlo-1.jpeg?resize=800%2C449&#038;ssl=1\" alt=\"\" width=\"800\" height=\"449\" srcset=\"https:\/\/i0.wp.com\/cdnoticias.com\/wp-content\/uploads\/2021\/03\/mapisdicarlo-1.jpeg?resize=1024%2C575&amp;ssl=1 1024w, https:\/\/i0.wp.com\/cdnoticias.com\/wp-content\/uploads\/2021\/03\/mapisdicarlo-1.jpeg?resize=300%2C168&amp;ssl=1 300w, https:\/\/i0.wp.com\/cdnoticias.com\/wp-content\/uploads\/2021\/03\/mapisdicarlo-1.jpeg?resize=768%2C431&amp;ssl=1 768w, https:\/\/i0.wp.com\/cdnoticias.com\/wp-content\/uploads\/2021\/03\/mapisdicarlo-1.jpeg?w=1040&amp;ssl=1 1040w\" sizes=\"auto, (max-width: 800px) 100vw, 800px\" \/><\/p>\n<p>&nbsp;<\/p>\n<p><strong>\u201cNo llegaron los recursos de Provincia para adquirir equipamiento y se utilizaron los fondos del Consejo. Por eso es que se produjo la demora en la entrega de la heladera\u201d, se\u00f1al\u00f3 Bruno Di Carlo<\/strong>, el presidente del Consejo Escolar y quien encabez\u00f3 la entrega del equipamiento.<\/p>\n<p>&nbsp;<\/p>\n<p>Desde la Escuela se puso el acento en el agradecimiento tambi\u00e9n hacia la comunidad por las donaciones desinteresadas, que les permitieron obtener una suma de m\u00e1s de 50 mil pesos en la cuenta bancaria que hab\u00edan abierto para poder hallar una soluci\u00f3n ante la demora en la respuesta.<strong> \u201cGestos como los suyos demuestran una vez m\u00e1s que la solidaridad de los argentinos es inmensa y que las escuelas rurales son valoradas y respetadas\u201d, se enfatiz\u00f3 y agreg\u00f3 que \u201cnos comunicaremos con cada uno de los donantes para reiterarles nuestro agradecimiento y\u00a0 organizar la devoluci\u00f3n del dinero recibido\u201d.<\/strong><\/p>\n","protected":false},"excerpt":{"rendered":"<p>Fue adquirida desde el Consejo Escolar, que se la entreg\u00f3 en la jornada de este lunes. La Escuela anunci\u00f3 que<\/p>\n","protected":false},"author":3,"featured_media":16894,"comment_status":"closed","ping_status":"closed","sticky":false,"template":"","format":"standard","meta":{"_jetpack_memberships_contains_paid_content":false,"footnotes":""},"categories":[5,1],"tags":[],"class_list":["post-16890","post","type-post","status-publish","format-standard","has-post-thumbnail","hentry","category-informacion-general","category-portada"],"jetpack_featured_media_url":"https:\/\/i0.wp.com\/cdnoticias.com\/wp-content\/uploads\/2021\/03\/di-carlo-heladera.jpg?fit=800%2C445&ssl=1","jetpack_sharing_enabled":true,"_links":{"self":[{"href":"https:\/\/cdnoticias.com\/index.php\/wp-json\/wp\/v2\/posts\/16890","targetHints":{"allow":["GET"]}}],"collection":[{"href":"https:\/\/cdnoticias.com\/index.php\/wp-json\/wp\/v2\/posts"}],"about":[{"href":"https:\/\/cdnoticias.com\/index.php\/wp-json\/wp\/v2\/types\/post"}],"author":[{"embeddable":true,"href":"https:\/\/cdnoticias.com\/index.php\/wp-json\/wp\/v2\/users\/3"}],"replies":[{"embeddable":true,"href":"https:\/\/cdnoticias.com\/index.php\/wp-json\/wp\/v2\/comments?post=16890"}],"version-history":[{"count":0,"href":"https:\/\/cdnoticias.com\/index.php\/wp-json\/wp\/v2\/posts\/16890\/revisions"}],"wp:featuredmedia":[{"embeddable":true,"href":"https:\/\/cdnoticias.com\/index.php\/wp-json\/wp\/v2\/media\/16894"}],"wp:attachment":[{"href":"https:\/\/cdnoticias.com\/index.php\/wp-json\/wp\/v2\/media?parent=16890"}],"wp:term":[{"taxonomy":"category","embeddable":true,"href":"https:\/\/cdnoticias.com\/index.php\/wp-json\/wp\/v2\/categories?post=16890"},{"taxonomy":"post_tag","embeddable":true,"href":"https:\/\/cdnoticias.com\/index.php\/wp-json\/wp\/v2\/tags?post=16890"}],"curies":[{"name":"wp","href":"https:\/\/api.w.org\/{rel}","templated":true}]}}