{"id":168892,"date":"2025-04-12T08:55:14","date_gmt":"2025-04-12T11:55:14","guid":{"rendered":"https:\/\/cdnoticias.com\/?p=168892"},"modified":"2025-04-12T10:57:12","modified_gmt":"2025-04-12T13:57:12","slug":"mas-de-1300-estudiantes-participaron-del-show-circense-el-gran-sueno-en-olavarria","status":"publish","type":"post","link":"https:\/\/cdnoticias.com\/index.php\/2025\/04\/12\/mas-de-1300-estudiantes-participaron-del-show-circense-el-gran-sueno-en-olavarria\/","title":{"rendered":"M\u00e1s de 1300 estudiantes participaron del show circense \u201cEl Gran Sue\u00f1o\u201d en Olavarr\u00eda"},"content":{"rendered":"\n<p>Fue tras un trabajo entre Jefatura Distrital y colegios de la ciudad que pudieron acceder al imponente show de Circo Servi\u00e1n, que tiene una propuesta educativa del cuidado del medio ambiente.<\/p>\n\n\n\n<hr class=\"wp-block-separator aligncenter has-alpha-channel-opacity\"\/>\n\n\n\n<p>Este viernes se llev\u00f3 a cabo la <strong>propuesta de Jefatura Distrital que consisti\u00f3 en que estudiantes de establecimientos p\u00fablicos y privados de Olavarr\u00eda asistan al espect\u00e1culo circense \u201cEl Gran Sue\u00f1o\u201d con eje en la concientizaci\u00f3n ambiental que convoc\u00f3 a estudiantes de jardines de infantes y escuelas primarias.<\/strong><\/p>\n\n\n\n<figure class=\"wp-block-image size-large\"><img data-recalc-dims=\"1\" loading=\"lazy\" decoding=\"async\" width=\"800\" height=\"600\" src=\"https:\/\/i0.wp.com\/cdnoticias.com\/wp-content\/uploads\/2025\/04\/WhatsApp-Image-2025-04-11-at-11.40.09.jpeg?resize=800%2C600&#038;ssl=1\" alt=\"\" class=\"wp-image-168897\" srcset=\"https:\/\/i0.wp.com\/cdnoticias.com\/wp-content\/uploads\/2025\/04\/WhatsApp-Image-2025-04-11-at-11.40.09.jpeg?resize=1024%2C768&amp;ssl=1 1024w, https:\/\/i0.wp.com\/cdnoticias.com\/wp-content\/uploads\/2025\/04\/WhatsApp-Image-2025-04-11-at-11.40.09.jpeg?resize=300%2C225&amp;ssl=1 300w, https:\/\/i0.wp.com\/cdnoticias.com\/wp-content\/uploads\/2025\/04\/WhatsApp-Image-2025-04-11-at-11.40.09.jpeg?resize=768%2C576&amp;ssl=1 768w, https:\/\/i0.wp.com\/cdnoticias.com\/wp-content\/uploads\/2025\/04\/WhatsApp-Image-2025-04-11-at-11.40.09.jpeg?resize=1536%2C1152&amp;ssl=1 1536w, https:\/\/i0.wp.com\/cdnoticias.com\/wp-content\/uploads\/2025\/04\/WhatsApp-Image-2025-04-11-at-11.40.09.jpeg?w=1600&amp;ssl=1 1600w\" sizes=\"auto, (max-width: 800px) 100vw, 800px\" \/><\/figure>\n\n\n\n<figure class=\"wp-block-image size-large\"><img data-recalc-dims=\"1\" loading=\"lazy\" decoding=\"async\" width=\"800\" height=\"600\" src=\"https:\/\/i0.wp.com\/cdnoticias.com\/wp-content\/uploads\/2025\/04\/WhatsApp-Image-2025-04-11-at-11.40.07.jpeg?resize=800%2C600&#038;ssl=1\" alt=\"\" class=\"wp-image-168895\" srcset=\"https:\/\/i0.wp.com\/cdnoticias.com\/wp-content\/uploads\/2025\/04\/WhatsApp-Image-2025-04-11-at-11.40.07.jpeg?resize=1024%2C768&amp;ssl=1 1024w, https:\/\/i0.wp.com\/cdnoticias.com\/wp-content\/uploads\/2025\/04\/WhatsApp-Image-2025-04-11-at-11.40.07.jpeg?resize=300%2C225&amp;ssl=1 300w, https:\/\/i0.wp.com\/cdnoticias.com\/wp-content\/uploads\/2025\/04\/WhatsApp-Image-2025-04-11-at-11.40.07.jpeg?resize=768%2C576&amp;ssl=1 768w, https:\/\/i0.wp.com\/cdnoticias.com\/wp-content\/uploads\/2025\/04\/WhatsApp-Image-2025-04-11-at-11.40.07.jpeg?w=1280&amp;ssl=1 1280w\" sizes=\"auto, (max-width: 800px) 100vw, 800px\" \/><\/figure>\n\n\n\n<p>La funci\u00f3n estuvo a cargo de<strong> Serv\u00edan el Circo, que present\u00f3 un show con una puesta visual impactante y actos sorprendentes como trapecio, payasos, acr\u00f3batas de fastrack y el tradicional globo de la muerte<\/strong>. La propuesta combin\u00f3 entretenimiento y mensaje educativo en dos funciones realizadas por la ma\u00f1ana y por la tarde, con una <strong>asistencia total de aproximadamente 1300 estudiantes.<\/strong><\/p>\n\n\n\n<p>Al finalizar la jornada,<strong> las y los docentes recibieron por v\u00eda digital materiales did\u00e1cticos vinculados al mundo del circo, que incluyen im\u00e1genes, videos, sinopsis y m\u00fasica original del espect\u00e1culo, con el objetivo de continuar el abordaje pedag\u00f3gico en el aula.<\/strong><\/p>\n\n\n\n<figure class=\"wp-block-image size-large\"><img data-recalc-dims=\"1\" loading=\"lazy\" decoding=\"async\" width=\"800\" height=\"450\" src=\"https:\/\/i0.wp.com\/cdnoticias.com\/wp-content\/uploads\/2025\/04\/WhatsApp-Image-2025-04-11-at-13.07.55.jpeg?resize=800%2C450&#038;ssl=1\" alt=\"\" class=\"wp-image-168896\" srcset=\"https:\/\/i0.wp.com\/cdnoticias.com\/wp-content\/uploads\/2025\/04\/WhatsApp-Image-2025-04-11-at-13.07.55.jpeg?resize=1024%2C576&amp;ssl=1 1024w, https:\/\/i0.wp.com\/cdnoticias.com\/wp-content\/uploads\/2025\/04\/WhatsApp-Image-2025-04-11-at-13.07.55.jpeg?resize=300%2C169&amp;ssl=1 300w, https:\/\/i0.wp.com\/cdnoticias.com\/wp-content\/uploads\/2025\/04\/WhatsApp-Image-2025-04-11-at-13.07.55.jpeg?resize=768%2C432&amp;ssl=1 768w, https:\/\/i0.wp.com\/cdnoticias.com\/wp-content\/uploads\/2025\/04\/WhatsApp-Image-2025-04-11-at-13.07.55.jpeg?w=1280&amp;ssl=1 1280w\" sizes=\"auto, (max-width: 800px) 100vw, 800px\" \/><\/figure>\n\n\n\n<figure class=\"wp-block-image size-large\"><img data-recalc-dims=\"1\" loading=\"lazy\" decoding=\"async\" width=\"800\" height=\"600\" src=\"https:\/\/i0.wp.com\/cdnoticias.com\/wp-content\/uploads\/2025\/04\/WhatsApp-Image-2025-04-11-at-14.26.09.jpeg?resize=800%2C600&#038;ssl=1\" alt=\"\" class=\"wp-image-168893\" srcset=\"https:\/\/i0.wp.com\/cdnoticias.com\/wp-content\/uploads\/2025\/04\/WhatsApp-Image-2025-04-11-at-14.26.09.jpeg?resize=1024%2C768&amp;ssl=1 1024w, https:\/\/i0.wp.com\/cdnoticias.com\/wp-content\/uploads\/2025\/04\/WhatsApp-Image-2025-04-11-at-14.26.09.jpeg?resize=300%2C225&amp;ssl=1 300w, https:\/\/i0.wp.com\/cdnoticias.com\/wp-content\/uploads\/2025\/04\/WhatsApp-Image-2025-04-11-at-14.26.09.jpeg?resize=768%2C576&amp;ssl=1 768w, https:\/\/i0.wp.com\/cdnoticias.com\/wp-content\/uploads\/2025\/04\/WhatsApp-Image-2025-04-11-at-14.26.09.jpeg?resize=1536%2C1152&amp;ssl=1 1536w, https:\/\/i0.wp.com\/cdnoticias.com\/wp-content\/uploads\/2025\/04\/WhatsApp-Image-2025-04-11-at-14.26.09.jpeg?w=1600&amp;ssl=1 1600w\" sizes=\"auto, (max-width: 800px) 100vw, 800px\" \/><\/figure>\n\n\n\n<p>Desde la organizaci\u00f3n destacaron<strong> el trabajo articulado entre la empresa circense y las autoridades educativas para garantizar el acceso a una experiencia enriquecedora que combin\u00f3 arte, diversi\u00f3n y reflexi\u00f3n ambiental en el marco escolar.<\/strong><\/p>\n","protected":false},"excerpt":{"rendered":"<p>Fue tras un trabajo entre Jefatura Distrital y colegios de la ciudad que pudieron acceder al imponente show de Circo<\/p>\n","protected":false},"author":2,"featured_media":168894,"comment_status":"closed","ping_status":"closed","sticky":false,"template":"","format":"standard","meta":{"_jetpack_memberships_contains_paid_content":false,"footnotes":""},"categories":[5,1],"tags":[],"class_list":["post-168892","post","type-post","status-publish","format-standard","has-post-thumbnail","hentry","category-informacion-general","category-portada"],"jetpack_featured_media_url":"https:\/\/i0.wp.com\/cdnoticias.com\/wp-content\/uploads\/2025\/04\/WhatsApp-Image-2025-04-11-at-14.23.41-3.jpeg?fit=1280%2C960&ssl=1","jetpack_sharing_enabled":true,"_links":{"self":[{"href":"https:\/\/cdnoticias.com\/index.php\/wp-json\/wp\/v2\/posts\/168892","targetHints":{"allow":["GET"]}}],"collection":[{"href":"https:\/\/cdnoticias.com\/index.php\/wp-json\/wp\/v2\/posts"}],"about":[{"href":"https:\/\/cdnoticias.com\/index.php\/wp-json\/wp\/v2\/types\/post"}],"author":[{"embeddable":true,"href":"https:\/\/cdnoticias.com\/index.php\/wp-json\/wp\/v2\/users\/2"}],"replies":[{"embeddable":true,"href":"https:\/\/cdnoticias.com\/index.php\/wp-json\/wp\/v2\/comments?post=168892"}],"version-history":[{"count":0,"href":"https:\/\/cdnoticias.com\/index.php\/wp-json\/wp\/v2\/posts\/168892\/revisions"}],"wp:featuredmedia":[{"embeddable":true,"href":"https:\/\/cdnoticias.com\/index.php\/wp-json\/wp\/v2\/media\/168894"}],"wp:attachment":[{"href":"https:\/\/cdnoticias.com\/index.php\/wp-json\/wp\/v2\/media?parent=168892"}],"wp:term":[{"taxonomy":"category","embeddable":true,"href":"https:\/\/cdnoticias.com\/index.php\/wp-json\/wp\/v2\/categories?post=168892"},{"taxonomy":"post_tag","embeddable":true,"href":"https:\/\/cdnoticias.com\/index.php\/wp-json\/wp\/v2\/tags?post=168892"}],"curies":[{"name":"wp","href":"https:\/\/api.w.org\/{rel}","templated":true}]}}