{"id":16888,"date":"2021-03-22T20:04:04","date_gmt":"2021-03-22T23:04:04","guid":{"rendered":"http:\/\/www.centraldenoticias.com.ar\/?p=16888"},"modified":"2021-03-22T20:04:04","modified_gmt":"2021-03-22T23:04:04","slug":"solange-poyo-sol-q-e-p-d","status":"publish","type":"post","link":"https:\/\/cdnoticias.com\/index.php\/2021\/03\/22\/solange-poyo-sol-q-e-p-d\/","title":{"rendered":"Solange Poyo &#8220;Sol&#8221; (Q.E.P.D.)"},"content":{"rendered":"<p>Falleci\u00f3 en Olavarr\u00eda el d\u00eda\u00a0 22\u00a0 de Marzo de 2021 a los\u00a0 22\u00a0 a\u00f1os de edad. Sus padres Norma y Manuel, su hermano William, su abuela, sus t\u00edos, sus primos, sus amigos y dem\u00e1s deudos participan su fallecimiento.<\/p>\n<p>&nbsp;<\/p>\n<p>Sus restos ser\u00e1n velados este martes desde las 8.30 en la sala velatoria de Espa\u00f1a 2942, departamento C, y ser\u00e1n inhumados desde las 10.30 en el cementerio Loma de Paz.<\/p>\n<p>&nbsp;<\/p>\n<p>Vecina del Barrio Luj\u00e1n. Estudiante del Instituto Superior de Formaci\u00f3n Docente Nro. 22.<\/p>\n<p>&nbsp;<\/p>\n<p>&nbsp;<\/p>\n","protected":false},"excerpt":{"rendered":"<p>Falleci\u00f3 en Olavarr\u00eda el d\u00eda\u00a0 22\u00a0 de Marzo de 2021 a los\u00a0 22\u00a0 a\u00f1os de edad. Sus padres Norma y<\/p>\n","protected":false},"author":3,"featured_media":0,"comment_status":"closed","ping_status":"closed","sticky":false,"template":"","format":"standard","meta":{"_jetpack_memberships_contains_paid_content":false,"footnotes":""},"categories":[10],"tags":[],"class_list":["post-16888","post","type-post","status-publish","format-standard","hentry","category-necrologicas"],"jetpack_featured_media_url":"","jetpack_sharing_enabled":true,"_links":{"self":[{"href":"https:\/\/cdnoticias.com\/index.php\/wp-json\/wp\/v2\/posts\/16888","targetHints":{"allow":["GET"]}}],"collection":[{"href":"https:\/\/cdnoticias.com\/index.php\/wp-json\/wp\/v2\/posts"}],"about":[{"href":"https:\/\/cdnoticias.com\/index.php\/wp-json\/wp\/v2\/types\/post"}],"author":[{"embeddable":true,"href":"https:\/\/cdnoticias.com\/index.php\/wp-json\/wp\/v2\/users\/3"}],"replies":[{"embeddable":true,"href":"https:\/\/cdnoticias.com\/index.php\/wp-json\/wp\/v2\/comments?post=16888"}],"version-history":[{"count":0,"href":"https:\/\/cdnoticias.com\/index.php\/wp-json\/wp\/v2\/posts\/16888\/revisions"}],"wp:attachment":[{"href":"https:\/\/cdnoticias.com\/index.php\/wp-json\/wp\/v2\/media?parent=16888"}],"wp:term":[{"taxonomy":"category","embeddable":true,"href":"https:\/\/cdnoticias.com\/index.php\/wp-json\/wp\/v2\/categories?post=16888"},{"taxonomy":"post_tag","embeddable":true,"href":"https:\/\/cdnoticias.com\/index.php\/wp-json\/wp\/v2\/tags?post=16888"}],"curies":[{"name":"wp","href":"https:\/\/api.w.org\/{rel}","templated":true}]}}