{"id":168871,"date":"2025-04-11T18:13:54","date_gmt":"2025-04-11T21:13:54","guid":{"rendered":"https:\/\/cdnoticias.com\/?p=168871"},"modified":"2025-04-11T19:23:27","modified_gmt":"2025-04-11T22:23:27","slug":"la-inflacion-de-marzo-fue-del-37-y-los-alimentos-marcaron-la-suba-mas-alta-en-casi-un-ano","status":"publish","type":"post","link":"https:\/\/cdnoticias.com\/index.php\/2025\/04\/11\/la-inflacion-de-marzo-fue-del-37-y-los-alimentos-marcaron-la-suba-mas-alta-en-casi-un-ano\/","title":{"rendered":"La inflaci\u00f3n de marzo fue del 3,7% y los alimentos marcaron la suba m\u00e1s alta en casi un a\u00f1o"},"content":{"rendered":"\n<p>El \u00edndice super\u00f3 las proyecciones del mercado y alcanz\u00f3 el nivel m\u00e1s alto en siete meses. Educaci\u00f3n y alimentos impulsaron el aumento del costo de vida.<\/p>\n\n\n\n<hr class=\"wp-block-separator aligncenter has-alpha-channel-opacity\"\/>\n\n\n\n<p>La inflaci\u00f3n de marzo se aceler\u00f3 m\u00e1s de lo previsto y alcanz\u00f3 el <strong>3,7%<\/strong>, seg\u00fan el informe difundido este mi\u00e9rcoles por el Indec. Se trata del mayor registro mensual desde agosto del a\u00f1o pasado, y marca la segunda suba consecutiva en el \u00cdndice de Precios al Consumidor (IPC).<\/p>\n\n\n\n<p>Con este dato, la inflaci\u00f3n acumula un <strong>8,6% en lo que va de 2025<\/strong>, mientras que la variaci\u00f3n interanual se ubic\u00f3 en <strong>55,9%<\/strong>, completando once meses seguidos de desaceleraci\u00f3n respecto al mismo mes del a\u00f1o anterior.<\/p>\n\n\n\n<p>Desde el Ministerio de Econom\u00eda destacaron que, pese a la aceleraci\u00f3n mensual, se trata de la inflaci\u00f3n m\u00e1s baja para un mes de marzo desde 2020. Sin embargo, el dato <strong>sorprendi\u00f3 al alza respecto a las proyecciones privadas<\/strong>, que en promedio esperaban un 2,6%.<\/p>\n\n\n\n<p>La divisi\u00f3n que m\u00e1s aument\u00f3 fue <strong>educaci\u00f3n<\/strong>, con un 21,6% impulsado por el inicio del ciclo lectivo. Pero el dato m\u00e1s preocupante fue el de <strong>alimentos y bebidas no alcoh\u00f3licas<\/strong>, que subieron un <strong>5,9%<\/strong> mensual, su mayor incremento en 11 meses. Dentro de esta categor\u00eda, se destacaron las subas en <strong>verduras, tub\u00e9rculos, legumbres y carnes<\/strong>.<\/p>\n\n\n\n<p>Las menores subas fueron en <strong>recreaci\u00f3n y cultura (0,2%)<\/strong> y <strong>bebidas alcoh\u00f3licas y tabaco (0,8%)<\/strong>. A nivel de categor\u00edas, los <strong>precios estacionales<\/strong> encabezaron el alza con un 8,4%, seguidos por regulados e IPC n\u00facleo, ambos con 3,2%.<\/p>\n\n\n\n<p class=\"has-medium-font-size\">M\u00e1s de $1,1 millones para no ser pobre<\/p>\n\n\n\n<p>En paralelo, el Indec tambi\u00e9n inform\u00f3 que una familia tipo necesit\u00f3 <strong>$1.100.267<\/strong> en marzo para no caer bajo la l\u00ednea de pobreza en el Gran Buenos Aires, seg\u00fan la <strong>Canasta B\u00e1sica Total (CBT)<\/strong>. Esta canasta subi\u00f3 un 4% en el mes, y un 7,4% en el primer trimestre del a\u00f1o.<\/p>\n\n\n\n<p>La <strong>Canasta B\u00e1sica Alimentaria (CBA)<\/strong> \u2014que define la l\u00ednea de indigencia\u2014 fue de <strong>$495.616<\/strong> para una familia tipo, con una suba mensual del <strong>5,9%<\/strong> y un alza del 10,3% en lo que va de 2025.<\/p>\n\n\n\n<p>Los datos reflejan el impacto que el aumento del costo de vida tiene sobre los ingresos familiares y ser\u00e1n claves para monitorear los pr\u00f3ximos \u00edndices de <strong>pobreza e indigencia<\/strong> que elabora el organismo oficial.<\/p>\n\n\n\n<p><\/p>\n","protected":false},"excerpt":{"rendered":"<p>El \u00edndice super\u00f3 las proyecciones del mercado y alcanz\u00f3 el nivel m\u00e1s alto en siete meses. Educaci\u00f3n y alimentos impulsaron<\/p>\n","protected":false},"author":2,"featured_media":168873,"comment_status":"closed","ping_status":"closed","sticky":false,"template":"","format":"standard","meta":{"_jetpack_memberships_contains_paid_content":false,"footnotes":""},"categories":[6,1],"tags":[],"class_list":["post-168871","post","type-post","status-publish","format-standard","has-post-thumbnail","hentry","category-nacionales","category-portada"],"jetpack_featured_media_url":"https:\/\/i0.wp.com\/cdnoticias.com\/wp-content\/uploads\/2025\/04\/supermercados-gondolas.jpg?fit=1200%2C800&ssl=1","jetpack_sharing_enabled":true,"_links":{"self":[{"href":"https:\/\/cdnoticias.com\/index.php\/wp-json\/wp\/v2\/posts\/168871","targetHints":{"allow":["GET"]}}],"collection":[{"href":"https:\/\/cdnoticias.com\/index.php\/wp-json\/wp\/v2\/posts"}],"about":[{"href":"https:\/\/cdnoticias.com\/index.php\/wp-json\/wp\/v2\/types\/post"}],"author":[{"embeddable":true,"href":"https:\/\/cdnoticias.com\/index.php\/wp-json\/wp\/v2\/users\/2"}],"replies":[{"embeddable":true,"href":"https:\/\/cdnoticias.com\/index.php\/wp-json\/wp\/v2\/comments?post=168871"}],"version-history":[{"count":0,"href":"https:\/\/cdnoticias.com\/index.php\/wp-json\/wp\/v2\/posts\/168871\/revisions"}],"wp:featuredmedia":[{"embeddable":true,"href":"https:\/\/cdnoticias.com\/index.php\/wp-json\/wp\/v2\/media\/168873"}],"wp:attachment":[{"href":"https:\/\/cdnoticias.com\/index.php\/wp-json\/wp\/v2\/media?parent=168871"}],"wp:term":[{"taxonomy":"category","embeddable":true,"href":"https:\/\/cdnoticias.com\/index.php\/wp-json\/wp\/v2\/categories?post=168871"},{"taxonomy":"post_tag","embeddable":true,"href":"https:\/\/cdnoticias.com\/index.php\/wp-json\/wp\/v2\/tags?post=168871"}],"curies":[{"name":"wp","href":"https:\/\/api.w.org\/{rel}","templated":true}]}}