{"id":168870,"date":"2025-04-11T18:48:10","date_gmt":"2025-04-11T21:48:10","guid":{"rendered":"https:\/\/cdnoticias.com\/?p=168870"},"modified":"2025-04-11T18:48:12","modified_gmt":"2025-04-11T21:48:12","slug":"la-cgt-califico-de-exito-rotundo-el-paro-y-el-gobierno-busco-instalar-que-fue-un-dia-normal","status":"publish","type":"post","link":"https:\/\/cdnoticias.com\/index.php\/2025\/04\/11\/la-cgt-califico-de-exito-rotundo-el-paro-y-el-gobierno-busco-instalar-que-fue-un-dia-normal\/","title":{"rendered":"La CGT calific\u00f3 de \u201c\u00e9xito rotundo\u201d el paro y el gobierno busc\u00f3 instalar que fue un d\u00eda normal"},"content":{"rendered":"\n<p>Hubo contraposici\u00f3n de evaluaciones, pero la central obrera hizo una conferencia de prensa mientras que el gobierno prefiri\u00f3 filtrar sus posiciones y emitir mensajes que la daban por supuesta.<\/p>\n\n\n\n<hr class=\"wp-block-separator aligncenter has-alpha-channel-opacity\"\/>\n\n\n\n<p>La <strong>Confederaci\u00f3n General de Trabajo <\/strong>(CGT) calific\u00f3 de \u201c\u00e9xito rotundo\u201d el paro general y remarc\u00f3 que <strong>se logr\u00f3 una alta adhesi\u00f3n <\/strong>\u201c<em>de todos los sectores industriales, en todo el transporte, en todos los servicios y en todos los sectores que mueven el proceso econ\u00f3mico de nuestro pa\u00eds\u201d<\/em>, mientras que <strong>el gobierno desliz\u00f3 que lo considera \u201cun fracaso\u201d e intent\u00f3 mostrar que hubo \u201cun d\u00eda de trabajo normal\u201d.<\/strong><\/p>\n\n\n\n<p><\/p>\n\n\n\n<p>La evaluaci\u00f3n oficial del paro por parte de sus organizadores qued\u00f3 a cargo del <strong>cosecretario de la CGT, H\u00e9ctor Daer,<\/strong> quien en una conferencia de prensa felicit\u00f3 a <strong><em>\u201ctodos los trabajadores que el d\u00eda de hoy mostraron la decisi\u00f3n de parar sus actividades para demostrar una vez m\u00e1s que el movimiento lleva adelante una agenda clara y concreta para que se cambien las pol\u00edticas de ingreso que est\u00e1 teniendo nuestro pa\u00eds encargada por el gobierno\u201d.<\/em><\/strong><\/p>\n\n\n\n<p><\/p>\n\n\n\n<blockquote class=\"wp-block-quote is-layout-flow wp-block-quote-is-layout-flow\">\n<p>Daer apunt\u00f3 directo contra Javier Milei al advertir sobre \u201cla gravedad del ajuste que est\u00e1 recayendo sobre las econom\u00edas regionales, la obra p\u00fablica, las provincias\u201c.\u00a0<\/p>\n<\/blockquote>\n\n\n\n<p><\/p>\n\n\n\n<p>Asimismo remarc\u00f3, <em>\u201csobre todas las cosas, la porci\u00f3n de ajuste m\u00e1s importante que lleva adelante este plan econ\u00f3mico o estas medidas econ\u00f3micas porque todav\u00eda no vislumbramos un plan, tiene que ver con los pasivos del sector jubilado, los pensionados\u201d.<\/em><\/p>\n\n\n\n<p><\/p>\n\n\n\n<p>Al insistir con \u201cel \u00e9xito\u201d de la medida de fuerza y \u201cel paro contundente\u201d, Daer felicit\u00f3 \u201ca todos los trabajadores que tomaron la decisi\u00f3n de acompa\u00f1ar al llamado a la huelga de la CGT\u201d y cuestion\u00f3: \u201c\u00bfCu\u00e1nta presi\u00f3n hicieron sobre tantos sectores? \u00bfCu\u00e1nto nos vend\u00edan los medios de que hab\u00eda lugares que no iban a parar? Y lo claro estuvo, lo m\u00e1s claro estuvo que hoy el principal emprendimiento estrat\u00e9gico como es Vaca Muerta par\u00f3\u201d.<\/p>\n\n\n\n<p><\/p>\n\n\n\n<p>En contraste,<strong> el gobierno busc\u00f3 mostrar que fue un d\u00eda de actividad normal<\/strong>, comenzando por el propio presidente Milei, quien <strong>comparti\u00f3 mensajes en las redes contra la medida de fuerza,<\/strong> en las que identific\u00f3 al sindicalismo con el kirchnerismo.\u00a0<\/p>\n\n\n\n<p><\/p>\n\n\n\n<blockquote class=\"wp-block-quote is-layout-flow wp-block-quote-is-layout-flow\">\n<p>\u201cHoy se trabaja\u201d, fue uno de los mensajes que comparti\u00f3 Milei, quien adem\u00e1s encabez\u00f3 una reuni\u00f3n de gabinete para reforzar la idea de un d\u00eda laborable normal.\u00a0<\/p>\n<\/blockquote>\n\n\n\n<p><\/p>\n\n\n\n<p>A diferencia de otras veces, el mandatario permiti\u00f3 que se saquen fotos y hasta filmaciones, en se\u00f1al de querer mostrar el despliegue oficial en medio de la par\u00e1lisis en la mayor\u00eda de los \u00e1mbitos estatales.<\/p>\n\n\n\n<p><\/p>\n\n\n\n<p>Si bien el oficialismo habla de \u201cfracaso\u201d, tambi\u00e9n da cuenta de <strong>millonarias p\u00e9rdidas en concepto de ca\u00edda de actividad econ\u00f3mica producto de la medida.<\/strong> De acuerdo con un informe del Ministerio de Econom\u00eda, la huelga <strong>implicar\u00e1 una p\u00e9rdida de 880 millones de d\u00f3lares, <\/strong>como se\u00f1al\u00f3 el subsecretario de Prensa, Javier Lanari.\u00a0<\/p>\n\n\n\n<p><\/p>\n\n\n\n<p><em>Fuente: DIB<\/em><\/p>\n","protected":false},"excerpt":{"rendered":"<p>Hubo contraposici\u00f3n de evaluaciones, pero la central obrera hizo una conferencia de prensa mientras que el gobierno prefiri\u00f3 filtrar sus<\/p>\n","protected":false},"author":6,"featured_media":115383,"comment_status":"closed","ping_status":"closed","sticky":false,"template":"","format":"standard","meta":{"_jetpack_memberships_contains_paid_content":false,"footnotes":""},"categories":[6,1],"tags":[],"class_list":["post-168870","post","type-post","status-publish","format-standard","has-post-thumbnail","hentry","category-nacionales","category-portada"],"jetpack_featured_media_url":"https:\/\/i0.wp.com\/cdnoticias.com\/wp-content\/uploads\/2024\/05\/hector-daer-0.jpg?fit=800%2C444&ssl=1","jetpack_sharing_enabled":true,"_links":{"self":[{"href":"https:\/\/cdnoticias.com\/index.php\/wp-json\/wp\/v2\/posts\/168870","targetHints":{"allow":["GET"]}}],"collection":[{"href":"https:\/\/cdnoticias.com\/index.php\/wp-json\/wp\/v2\/posts"}],"about":[{"href":"https:\/\/cdnoticias.com\/index.php\/wp-json\/wp\/v2\/types\/post"}],"author":[{"embeddable":true,"href":"https:\/\/cdnoticias.com\/index.php\/wp-json\/wp\/v2\/users\/6"}],"replies":[{"embeddable":true,"href":"https:\/\/cdnoticias.com\/index.php\/wp-json\/wp\/v2\/comments?post=168870"}],"version-history":[{"count":0,"href":"https:\/\/cdnoticias.com\/index.php\/wp-json\/wp\/v2\/posts\/168870\/revisions"}],"wp:featuredmedia":[{"embeddable":true,"href":"https:\/\/cdnoticias.com\/index.php\/wp-json\/wp\/v2\/media\/115383"}],"wp:attachment":[{"href":"https:\/\/cdnoticias.com\/index.php\/wp-json\/wp\/v2\/media?parent=168870"}],"wp:term":[{"taxonomy":"category","embeddable":true,"href":"https:\/\/cdnoticias.com\/index.php\/wp-json\/wp\/v2\/categories?post=168870"},{"taxonomy":"post_tag","embeddable":true,"href":"https:\/\/cdnoticias.com\/index.php\/wp-json\/wp\/v2\/tags?post=168870"}],"curies":[{"name":"wp","href":"https:\/\/api.w.org\/{rel}","templated":true}]}}