{"id":168868,"date":"2025-04-11T18:27:50","date_gmt":"2025-04-11T21:27:50","guid":{"rendered":"https:\/\/cdnoticias.com\/?p=168868"},"modified":"2025-04-11T18:27:51","modified_gmt":"2025-04-11T21:27:51","slug":"comision-sin-quorum-en-el-hcd-todos-los-bloques-estabamos-ahi-fue-un-error-de-comunicacion","status":"publish","type":"post","link":"https:\/\/cdnoticias.com\/index.php\/2025\/04\/11\/comision-sin-quorum-en-el-hcd-todos-los-bloques-estabamos-ahi-fue-un-error-de-comunicacion\/","title":{"rendered":"Comisi\u00f3n sin qu\u00f3rum en el HCD: \u201cTodos los bloques est\u00e1bamos ah\u00ed, fue un error de comunicaci\u00f3n\u201d"},"content":{"rendered":"\n<p>Central de Noticias habl\u00f3 con dos de los concejales opositores que forman parte de la comisi\u00f3n especial por la venta de la calle. Se\u00f1alaron que no se hab\u00eda oficializado la fecha de reuni\u00f3n y que estaban en el Concejo cuando fue Land\u00edvar.<\/p>\n\n\n\n<hr class=\"wp-block-separator aligncenter has-alpha-channel-opacity\"\/>\n\n\n\n<p>Este viernes desde el Concejo Deliberante se emiti\u00f3 un comunicado que expuso que<strong> \u201cpor falta de qu\u00f3rum\u201d no se pudo concretar una reuni\u00f3n de la comisi\u00f3n especial creada para hacer el seguimiento de los fondos por la venta de una calle a la empresa Loma Negra. <\/strong>Se se\u00f1al\u00f3 que estuvieron ausentes \u201cHilario Galli, Oliver Gamondi, Sebasti\u00e1n Matrella, Carlos Coscia y Marcelo Petehs\u201d y que asisti\u00f3 solo el representante del oficialismo, Federico Aguilera, para recibir a la jefa de Gabinete, Mercedes Land\u00edvar, quien concurri\u00f3 especialmente.<\/p>\n\n\n\n<figure class=\"wp-block-embed is-type-wp-embed is-provider-central-de-noticias-olavarr-a wp-block-embed-central-de-noticias-olavarr-a\"><div class=\"wp-block-embed__wrapper\">\n<blockquote class=\"wp-embedded-content\" data-secret=\"tiiYmT4c6T\"><a href=\"https:\/\/cdnoticias.com\/index.php\/2025\/04\/11\/no-hubo-quorum-en-la-primera-reunion-de-la-comision-de-control-por-la-venta-de-la-calle-a-loma-negra\/\">No hubo qu\u00f3rum en la primera reuni\u00f3n de la Comisi\u00f3n de Control por la venta de la calle a Loma Negra<\/a><\/blockquote><iframe loading=\"lazy\" class=\"wp-embedded-content\" sandbox=\"allow-scripts\" security=\"restricted\" style=\"position: absolute; visibility: hidden;\" title=\"&#8220;No hubo qu\u00f3rum en la primera reuni\u00f3n de la Comisi\u00f3n de Control por la venta de la calle a Loma Negra&#8221; &#8212; Central de Noticias | Olavarr\u00eda\" src=\"https:\/\/cdnoticias.com\/index.php\/2025\/04\/11\/no-hubo-quorum-en-la-primera-reunion-de-la-comision-de-control-por-la-venta-de-la-calle-a-loma-negra\/embed\/#?secret=39lZTxl6HD#?secret=tiiYmT4c6T\" data-secret=\"tiiYmT4c6T\" width=\"600\" height=\"338\" frameborder=\"0\" marginwidth=\"0\" marginheight=\"0\" scrolling=\"no\"><\/iframe>\n<\/div><\/figure>\n\n\n\n<p>Se trata de la<strong> comisi\u00f3n creada por la ordenanza del a\u00f1o pasado en la que se habilit\u00f3 la venta de terrenos municipales a la empresa cementera y donde se establec\u00eda el destino de los fondos.<\/strong><\/p>\n\n\n\n<p>Result\u00f3 llamativa la ausencia de todos los representantes opositores, con lo que <strong>Central de Noticias habl\u00f3 con dos de los mencionados. Hilario Galli y Marcelo Petehs<\/strong> expusieron que no se hab\u00eda definido formalmente la realizaci\u00f3n del encuentro ni tampoco se dio aviso a los concejales una vez que Land\u00edvar estaba en la sede del Legislativo.<\/p>\n\n\n\n<p>Ambos coincidieron en se\u00f1alar que<strong> casi todos los miembros de la comisi\u00f3n se encontraban en el Concejo, aunque cada uno trabajaba en su bloque. <\/strong>Es decir, en pocos minutos podr\u00eda haberse logrado concretar el encuentro con un llamado personal en los bloques o con un mensaje por chat.<\/p>\n\n\n\n<p><em>\u201cNo le avisaron a nadie. Nos avisaron de la reuni\u00f3n despu\u00e9s de que se hab\u00eda ido Mercedes\u201d <\/em>respondi\u00f3 <strong>Hilario Galli ante la consulta sobre su ausencia<\/strong>. Expuso que<strong> la situaci\u00f3n qued\u00f3 en evidencia minutos antes de las 11 cuando en un grupo de Whatsapp de concejales tres de los seis ausentes explicitaron que no estaba agendada la reuni\u00f3n.<\/strong><\/p>\n\n\n\n<p>El concejal del bloque Pro-ERF cont\u00f3 que, habitualmente, cuando se inician las reuniones de comisiones,<strong> si alg\u00fan miembro falta o se demora se da aviso por el grupo de chat para informar del inicio del encuentro, pero \u201cesta vez no mandaron ning\u00fan mensaje\u201d.<\/strong><\/p>\n\n\n\n<p>Por su lado, <strong>Marcelo Petehs cont\u00f3 que en el primer encuentro, cuando se conform\u00f3 la comisi\u00f3n, se hab\u00eda elegido una fecha tentativa para recibir a Land\u00edvar.<\/strong> \u201cNo se tomaron apuntes, ni se hizo acta. Todos entendimos que iba a haber un acta y una comunicaci\u00f3n. Esa comunicaci\u00f3n sali\u00f3 de Presidencia con la fecha y las preguntas que hab\u00edamos hecho\u201d hacia el Ejecutivo.<strong> All\u00ed se inform\u00f3 a la Jefa de Gabinete que deb\u00eda presentarse este viernes, pero los concejales no recibieron ese documento. <em>\u201cEst\u00e1bamos trabajando, cada uno en su bloque\u201d<\/em> afirm\u00f3.<\/strong><\/p>\n\n\n\n<p><em>\u201cLo raro es que todos los bloques est\u00e1bamos ah\u00ed. A ninguno se nos comunic\u00f3 que estaba la Jefa de Gabinete. Fue un error de comunicaci\u00f3n. Si fue motivado o no, no lo s\u00e9<\/em>\u201d interpret\u00f3 el concejal de Por M\u00e1s Libertad quien concluy\u00f3 en que<em><strong> \u201ces una pena y una falta de respeto hacia la Jefa de Gabinete\u201d.<\/strong><\/em><\/p>\n","protected":false},"excerpt":{"rendered":"<p>Central de Noticias habl\u00f3 con dos de los concejales opositores que forman parte de la comisi\u00f3n especial por la venta<\/p>\n","protected":false},"author":2,"featured_media":168729,"comment_status":"closed","ping_status":"closed","sticky":false,"template":"","format":"standard","meta":{"_jetpack_memberships_contains_paid_content":false,"footnotes":""},"categories":[4,1],"tags":[],"class_list":["post-168868","post","type-post","status-publish","format-standard","has-post-thumbnail","hentry","category-politica","category-portada"],"jetpack_featured_media_url":"https:\/\/i0.wp.com\/cdnoticias.com\/wp-content\/uploads\/2025\/04\/HCD-sesion-10-de-abril-2025.jpg?fit=1000%2C563&ssl=1","jetpack_sharing_enabled":true,"_links":{"self":[{"href":"https:\/\/cdnoticias.com\/index.php\/wp-json\/wp\/v2\/posts\/168868","targetHints":{"allow":["GET"]}}],"collection":[{"href":"https:\/\/cdnoticias.com\/index.php\/wp-json\/wp\/v2\/posts"}],"about":[{"href":"https:\/\/cdnoticias.com\/index.php\/wp-json\/wp\/v2\/types\/post"}],"author":[{"embeddable":true,"href":"https:\/\/cdnoticias.com\/index.php\/wp-json\/wp\/v2\/users\/2"}],"replies":[{"embeddable":true,"href":"https:\/\/cdnoticias.com\/index.php\/wp-json\/wp\/v2\/comments?post=168868"}],"version-history":[{"count":0,"href":"https:\/\/cdnoticias.com\/index.php\/wp-json\/wp\/v2\/posts\/168868\/revisions"}],"wp:featuredmedia":[{"embeddable":true,"href":"https:\/\/cdnoticias.com\/index.php\/wp-json\/wp\/v2\/media\/168729"}],"wp:attachment":[{"href":"https:\/\/cdnoticias.com\/index.php\/wp-json\/wp\/v2\/media?parent=168868"}],"wp:term":[{"taxonomy":"category","embeddable":true,"href":"https:\/\/cdnoticias.com\/index.php\/wp-json\/wp\/v2\/categories?post=168868"},{"taxonomy":"post_tag","embeddable":true,"href":"https:\/\/cdnoticias.com\/index.php\/wp-json\/wp\/v2\/tags?post=168868"}],"curies":[{"name":"wp","href":"https:\/\/api.w.org\/{rel}","templated":true}]}}