{"id":168851,"date":"2025-04-11T19:00:55","date_gmt":"2025-04-11T22:00:55","guid":{"rendered":"https:\/\/cdnoticias.com\/?p=168851"},"modified":"2025-04-11T19:00:57","modified_gmt":"2025-04-11T22:00:57","slug":"bolivar-un-muerto-y-un-herido-en-un-choque-frontal-en-la-ruta-226","status":"publish","type":"post","link":"https:\/\/cdnoticias.com\/index.php\/2025\/04\/11\/bolivar-un-muerto-y-un-herido-en-un-choque-frontal-en-la-ruta-226\/","title":{"rendered":"Bol\u00edvar: un muerto y un herido en un choque frontal en la ruta 226"},"content":{"rendered":"\n<p>Impactaron una Ford Ranger y un Volkswagen Gol. El conductor del veh\u00edculo de menor porte falleci\u00f3 en el lugar, mientras que el chofer de la camioneta fue derivado al hospital local.<\/p>\n\n\n\n<hr class=\"wp-block-separator aligncenter has-alpha-channel-opacity\"\/>\n\n\n\n<p>Este jueves una <strong>camioneta Ford Ranger y un Volkswagen Gol chocaron de frente<\/strong>, por causas que se intentan determinar, a la altura del kil\u00f3metro 397 de la Ruta Nacional 226, a <strong>tres kil\u00f3metros del acceso a la ciudad de Bol\u00edvar.\u00a0<\/strong><\/p>\n\n\n\n<p><\/p>\n\n\n\n<p>Como consecuencia del impacto, <strong>el conductor del Gol falleci\u00f3 instant\u00e1neamente. <\/strong>De acuerdo a informaciones recabadas por La Ma\u00f1ana, la pickup se desplazaba por la cinta asf\u00e1ltica en sentido Bol\u00edvar-Olavarr\u00eda, en tanto que el auto de menor porte lo hac\u00eda en sentido contrario.<\/p>\n\n\n\n<p><\/p>\n\n\n\n<blockquote class=\"wp-block-quote is-layout-flow wp-block-quote-is-layout-flow\">\n<p>El fallecido fue identificado como Ignacio Caviglia, de 32 a\u00f1os. Asimismo,\u00a0 el hombre que circulaba en la camioneta, identificado como Federico Ricci de 21 a\u00f1os de edad, fue llevado al hospital local para su atenci\u00f3n.<\/p>\n<\/blockquote>\n\n\n\n<p><\/p>\n\n\n\n<figure class=\"wp-block-image aligncenter size-full\"><img data-recalc-dims=\"1\" loading=\"lazy\" decoding=\"async\" width=\"800\" height=\"450\" src=\"https:\/\/i0.wp.com\/cdnoticias.com\/wp-content\/uploads\/2025\/04\/vwgol-accidente.webp?resize=800%2C450&#038;ssl=1\" alt=\"\" class=\"wp-image-168852\" srcset=\"https:\/\/i0.wp.com\/cdnoticias.com\/wp-content\/uploads\/2025\/04\/vwgol-accidente.webp?w=1006&amp;ssl=1 1006w, https:\/\/i0.wp.com\/cdnoticias.com\/wp-content\/uploads\/2025\/04\/vwgol-accidente.webp?resize=300%2C169&amp;ssl=1 300w, https:\/\/i0.wp.com\/cdnoticias.com\/wp-content\/uploads\/2025\/04\/vwgol-accidente.webp?resize=768%2C432&amp;ssl=1 768w\" sizes=\"auto, (max-width: 800px) 100vw, 800px\" \/><\/figure>\n\n\n\n<p><\/p>\n\n\n\n<p>La ruta qued\u00f3 cortada durante varias horas<strong> en ambos sentidos de circulaci\u00f3n<\/strong>. Actuaron peritos de la Polic\u00eda Cient\u00edfica y funcionarios de la Fiscal\u00eda 15 de Bol\u00edvar.<\/p>\n\n\n\n<p><\/p>\n\n\n\n<p>Por otra parte, en el lugar trabajaron Bomberos Voluntarios, estamento que destin\u00f3 una dotaci\u00f3n de efectivos a cargo de Franco Rojas y se destac\u00f3 tambi\u00e9n la presencia de funcionarios policiales y de Defensa Civil.&nbsp;<\/p>\n\n\n\n<p><\/p>\n\n\n\n<p><em>Fuente: DIB<\/em><\/p>\n\n\n\n<p><\/p>\n","protected":false},"excerpt":{"rendered":"<p>Impactaron una Ford Ranger y un Volkswagen Gol. El conductor del veh\u00edculo de menor porte falleci\u00f3 en el lugar, mientras<\/p>\n","protected":false},"author":6,"featured_media":168853,"comment_status":"closed","ping_status":"closed","sticky":false,"template":"","format":"standard","meta":{"_jetpack_memberships_contains_paid_content":false,"footnotes":""},"categories":[14,1],"tags":[],"class_list":["post-168851","post","type-post","status-publish","format-standard","has-post-thumbnail","hentry","category-policiales","category-portada"],"jetpack_featured_media_url":"https:\/\/i0.wp.com\/cdnoticias.com\/wp-content\/uploads\/2025\/04\/choque-bolivar.jpeg?fit=1000%2C563&ssl=1","jetpack_sharing_enabled":true,"_links":{"self":[{"href":"https:\/\/cdnoticias.com\/index.php\/wp-json\/wp\/v2\/posts\/168851","targetHints":{"allow":["GET"]}}],"collection":[{"href":"https:\/\/cdnoticias.com\/index.php\/wp-json\/wp\/v2\/posts"}],"about":[{"href":"https:\/\/cdnoticias.com\/index.php\/wp-json\/wp\/v2\/types\/post"}],"author":[{"embeddable":true,"href":"https:\/\/cdnoticias.com\/index.php\/wp-json\/wp\/v2\/users\/6"}],"replies":[{"embeddable":true,"href":"https:\/\/cdnoticias.com\/index.php\/wp-json\/wp\/v2\/comments?post=168851"}],"version-history":[{"count":0,"href":"https:\/\/cdnoticias.com\/index.php\/wp-json\/wp\/v2\/posts\/168851\/revisions"}],"wp:featuredmedia":[{"embeddable":true,"href":"https:\/\/cdnoticias.com\/index.php\/wp-json\/wp\/v2\/media\/168853"}],"wp:attachment":[{"href":"https:\/\/cdnoticias.com\/index.php\/wp-json\/wp\/v2\/media?parent=168851"}],"wp:term":[{"taxonomy":"category","embeddable":true,"href":"https:\/\/cdnoticias.com\/index.php\/wp-json\/wp\/v2\/categories?post=168851"},{"taxonomy":"post_tag","embeddable":true,"href":"https:\/\/cdnoticias.com\/index.php\/wp-json\/wp\/v2\/tags?post=168851"}],"curies":[{"name":"wp","href":"https:\/\/api.w.org\/{rel}","templated":true}]}}