{"id":168848,"date":"2025-04-11T14:21:54","date_gmt":"2025-04-11T17:21:54","guid":{"rendered":"https:\/\/cdnoticias.com\/?p=168848"},"modified":"2025-04-11T18:15:16","modified_gmt":"2025-04-11T21:15:16","slug":"no-hubo-quorum-en-la-primera-reunion-de-la-comision-de-control-por-la-venta-de-la-calle-a-loma-negra","status":"publish","type":"post","link":"https:\/\/cdnoticias.com\/index.php\/2025\/04\/11\/no-hubo-quorum-en-la-primera-reunion-de-la-comision-de-control-por-la-venta-de-la-calle-a-loma-negra\/","title":{"rendered":"No hubo qu\u00f3rum en la primera reuni\u00f3n de la Comisi\u00f3n de Control por la venta de la calle a Loma Negra"},"content":{"rendered":"<p>Lo inform\u00f3 el HCD sobre el encuentro programado para este viernes. Asistieron la jefa de gabinete, Mercedes Land\u00edvar, y el concejal de UxP, Federico Aguilera.<!--more--><\/p>\n<hr \/>\n<p><strong>Este viernes se deb\u00eda llevar a cabo la primera reuni\u00f3n de la Comisi\u00f3n de Control y Seguimiento de Recursos Afectados y Control de Da\u00f1o<\/strong>, creada en el marco de la Ordenanza N\u00b05461\/24, que <a href=\"https:\/\/cdnoticias.com\/index.php\/2024\/11\/01\/hcd-quedo-aprobada-por-mayoria-la-venta-de-la-calle-a-loma-negra\/\" target=\"_blank\" rel=\"noopener\">autoriz\u00f3 la venta de un tramo de la calle 16 de Julio a la empresa Loma Negra<\/a>.<\/p>\n<blockquote><p>La reuni\u00f3n debi\u00f3 ser levantada por falta de qu\u00f3rum, inform\u00f3 oficialmente el HCD a trav\u00e9s de un comunicado.<\/p><\/blockquote>\n<p>Dicha norma establece en su art\u00edculo 4\u00b0 que <em>los recursos ingresados por la operaci\u00f3n deben destinarse al Programa de Inversi\u00f3n para el Desarrollo<\/em>, asignando un 60% a la ciudad de Olavarr\u00eda y un 40% a las localidades del partido.<\/p>\n<p>Se record\u00f3 que <strong>por iniciativa de los bloques opositores, se incorpor\u00f3 el art\u00edculo 7\u00b0<\/strong>, que prev\u00e9 la <strong>conformaci\u00f3n de una comisi\u00f3n<\/strong> encargada de realizar un seguimiento espec\u00edfico del uso de esos fondos y de eventuales da\u00f1os surgidos por la venta. La misma est\u00e1 <strong>integrada por un concejal de cada bloque pol\u00edtico y un representante del Poder Ejecutivo Municipal<\/strong>, y est\u00e1 pautado que se re\u00fana mensualmente.<\/p>\n<p><strong>En el mes de marzo se constituy\u00f3 formalmente la comisi\u00f3n<\/strong>, se elevaron al Ejecutivo Municipal las consultas correspondientes de los distintos bloques, y se fij\u00f3 la <strong>primera reuni\u00f3n para este viernes 11 de abril<\/strong> a las 10:30 horas.<\/p>\n<blockquote><p>&#8220;En la misma estuvieron presentes Mercedes Land\u00edvar, en representaci\u00f3n del Ejecutivo, y el concejal Federico Aguilera, mientras que se registraron las ausencias de Hilario Galli, Oliver Gamondi, Sebasti\u00e1n Matrella, Carlos Coscia y Marcelo Pethes, registr\u00e1ndose falta de qu\u00f3rum&#8221; inform\u00f3 el HCD.<\/p><\/blockquote>\n<p>Acerca de lo sucedido en el encuentro, <strong>Land\u00edvar entreg\u00f3 por escrito las respuestas del Ejecutivo Municipal a las consultas realizadas por los ediles<\/strong>. Luego la reuni\u00f3n fue dada por finalizada.<\/p>\n","protected":false},"excerpt":{"rendered":"<p>Lo inform\u00f3 el HCD sobre el encuentro programado para este viernes. Asistieron la jefa de gabinete, Mercedes Land\u00edvar, y el<\/p>\n","protected":false},"author":4,"featured_media":127016,"comment_status":"closed","ping_status":"closed","sticky":false,"template":"","format":"standard","meta":{"_jetpack_memberships_contains_paid_content":false,"footnotes":""},"categories":[4,1],"tags":[],"class_list":["post-168848","post","type-post","status-publish","format-standard","has-post-thumbnail","hentry","category-politica","category-portada"],"jetpack_featured_media_url":"https:\/\/i0.wp.com\/cdnoticias.com\/wp-content\/uploads\/2024\/10\/hcd-sesion-especial-calle-lomanegra-01.jpg?fit=800%2C445&ssl=1","jetpack_sharing_enabled":true,"_links":{"self":[{"href":"https:\/\/cdnoticias.com\/index.php\/wp-json\/wp\/v2\/posts\/168848","targetHints":{"allow":["GET"]}}],"collection":[{"href":"https:\/\/cdnoticias.com\/index.php\/wp-json\/wp\/v2\/posts"}],"about":[{"href":"https:\/\/cdnoticias.com\/index.php\/wp-json\/wp\/v2\/types\/post"}],"author":[{"embeddable":true,"href":"https:\/\/cdnoticias.com\/index.php\/wp-json\/wp\/v2\/users\/4"}],"replies":[{"embeddable":true,"href":"https:\/\/cdnoticias.com\/index.php\/wp-json\/wp\/v2\/comments?post=168848"}],"version-history":[{"count":0,"href":"https:\/\/cdnoticias.com\/index.php\/wp-json\/wp\/v2\/posts\/168848\/revisions"}],"wp:featuredmedia":[{"embeddable":true,"href":"https:\/\/cdnoticias.com\/index.php\/wp-json\/wp\/v2\/media\/127016"}],"wp:attachment":[{"href":"https:\/\/cdnoticias.com\/index.php\/wp-json\/wp\/v2\/media?parent=168848"}],"wp:term":[{"taxonomy":"category","embeddable":true,"href":"https:\/\/cdnoticias.com\/index.php\/wp-json\/wp\/v2\/categories?post=168848"},{"taxonomy":"post_tag","embeddable":true,"href":"https:\/\/cdnoticias.com\/index.php\/wp-json\/wp\/v2\/tags?post=168848"}],"curies":[{"name":"wp","href":"https:\/\/api.w.org\/{rel}","templated":true}]}}