{"id":168845,"date":"2025-04-12T17:26:19","date_gmt":"2025-04-12T20:26:19","guid":{"rendered":"https:\/\/cdnoticias.com\/?p=168845"},"modified":"2025-04-13T09:37:15","modified_gmt":"2025-04-13T12:37:15","slug":"los-despachos-de-cemento-para-arriba-en-marzo","status":"publish","type":"post","link":"https:\/\/cdnoticias.com\/index.php\/2025\/04\/12\/los-despachos-de-cemento-para-arriba-en-marzo\/","title":{"rendered":"Los despachos de cemento, para arriba en marzo"},"content":{"rendered":"<p>La suba mensual interanual fue de 17% y el acumulado anual marc\u00f3 11% por encima de los primeros tres meses de 2024.<!--more--><\/p>\n<hr \/>\n<p>El <strong>mercado de la construcci\u00f3n<\/strong> mostr\u00f3 un dato alentador:<strong> el mes pasado crecieron los despachos de cemento<\/strong>.<\/p>\n<p>La<strong> Asociaci\u00f3n de Fabricantes de Cemento Portland (AFCP)<\/strong> indic\u00f3 que <strong>en marzo<\/strong> se despacharon <strong>747.934 toneladas<\/strong> lo que sum\u00f3 <strong>2.331.791 toneladas en los primeros tres meses del a\u00f1o.<\/strong><\/p>\n<blockquote><p>El dato mensual indica un 17,1% por encima de marzo de 2024 y 0,6% m\u00e1s que en febrero de 2025.<\/p><\/blockquote>\n<p>En tanto, el acumulado del primer trimestre es un <strong>11% superior al del mismo per\u00edodo del a\u00f1o 2024<\/strong>. Igualmente, se trata de un acumulado inferior a lo registrados en 2021, 2022 y 2023.<\/p>\n<blockquote class=\"wp-embedded-content\" data-secret=\"d5QtnR0YaQ\"><p><a href=\"https:\/\/cdnoticias.com\/index.php\/2025\/02\/10\/despachos-de-cemento-inicio-positivo-de-2025\/\">Despachos de cemento: inicio positivo de 2025<\/a><\/p><\/blockquote>\n<p><iframe loading=\"lazy\" class=\"wp-embedded-content\" sandbox=\"allow-scripts\" security=\"restricted\" style=\"position: absolute; visibility: hidden;\" title=\"&#8220;Despachos de cemento: inicio positivo de 2025&#8221; &#8212; Central de Noticias | Olavarr\u00eda\" src=\"https:\/\/cdnoticias.com\/index.php\/2025\/02\/10\/despachos-de-cemento-inicio-positivo-de-2025\/embed\/#?secret=BkyisliXdc#?secret=d5QtnR0YaQ\" data-secret=\"d5QtnR0YaQ\" width=\"600\" height=\"338\" frameborder=\"0\" marginwidth=\"0\" marginheight=\"0\" scrolling=\"no\"><\/iframe><\/p>\n<blockquote class=\"wp-embedded-content\" data-secret=\"C4ZOE5bxo4\"><p><a href=\"https:\/\/cdnoticias.com\/index.php\/2025\/01\/07\/despachos-de-cemento-2024-dejo-los-peores-registros-en-15-anos\/\">Despachos de cemento: 2024 dej\u00f3 los peores registros en 15 a\u00f1os<\/a><\/p><\/blockquote>\n<p><iframe loading=\"lazy\" class=\"wp-embedded-content\" sandbox=\"allow-scripts\" security=\"restricted\" style=\"position: absolute; visibility: hidden;\" title=\"&#8220;Despachos de cemento: 2024 dej\u00f3 los peores registros en 15 a\u00f1os&#8221; &#8212; Central de Noticias | Olavarr\u00eda\" src=\"https:\/\/cdnoticias.com\/index.php\/2025\/01\/07\/despachos-de-cemento-2024-dejo-los-peores-registros-en-15-anos\/embed\/#?secret=VrNSeFXzyM#?secret=C4ZOE5bxo4\" data-secret=\"C4ZOE5bxo4\" width=\"600\" height=\"338\" frameborder=\"0\" marginwidth=\"0\" marginheight=\"0\" scrolling=\"no\"><\/iframe><\/p>\n","protected":false},"excerpt":{"rendered":"<p>La suba mensual interanual fue de 17% y el acumulado anual marc\u00f3 11% por encima de los primeros tres meses<\/p>\n","protected":false},"author":4,"featured_media":168846,"comment_status":"closed","ping_status":"closed","sticky":false,"template":"","format":"standard","meta":{"_jetpack_memberships_contains_paid_content":false,"footnotes":""},"categories":[4,1],"tags":[],"class_list":["post-168845","post","type-post","status-publish","format-standard","has-post-thumbnail","hentry","category-politica","category-portada"],"jetpack_featured_media_url":"https:\/\/i0.wp.com\/cdnoticias.com\/wp-content\/uploads\/2025\/04\/AFCP-despachos-de-cemento-marzo-2025.jpg?fit=800%2C445&ssl=1","jetpack_sharing_enabled":true,"_links":{"self":[{"href":"https:\/\/cdnoticias.com\/index.php\/wp-json\/wp\/v2\/posts\/168845","targetHints":{"allow":["GET"]}}],"collection":[{"href":"https:\/\/cdnoticias.com\/index.php\/wp-json\/wp\/v2\/posts"}],"about":[{"href":"https:\/\/cdnoticias.com\/index.php\/wp-json\/wp\/v2\/types\/post"}],"author":[{"embeddable":true,"href":"https:\/\/cdnoticias.com\/index.php\/wp-json\/wp\/v2\/users\/4"}],"replies":[{"embeddable":true,"href":"https:\/\/cdnoticias.com\/index.php\/wp-json\/wp\/v2\/comments?post=168845"}],"version-history":[{"count":0,"href":"https:\/\/cdnoticias.com\/index.php\/wp-json\/wp\/v2\/posts\/168845\/revisions"}],"wp:featuredmedia":[{"embeddable":true,"href":"https:\/\/cdnoticias.com\/index.php\/wp-json\/wp\/v2\/media\/168846"}],"wp:attachment":[{"href":"https:\/\/cdnoticias.com\/index.php\/wp-json\/wp\/v2\/media?parent=168845"}],"wp:term":[{"taxonomy":"category","embeddable":true,"href":"https:\/\/cdnoticias.com\/index.php\/wp-json\/wp\/v2\/categories?post=168845"},{"taxonomy":"post_tag","embeddable":true,"href":"https:\/\/cdnoticias.com\/index.php\/wp-json\/wp\/v2\/tags?post=168845"}],"curies":[{"name":"wp","href":"https:\/\/api.w.org\/{rel}","templated":true}]}}