{"id":168831,"date":"2025-04-12T18:47:58","date_gmt":"2025-04-12T21:47:58","guid":{"rendered":"https:\/\/cdnoticias.com\/?p=168831"},"modified":"2025-04-12T18:48:00","modified_gmt":"2025-04-12T21:48:00","slug":"capacitacion-anual-del-cuerpo-activo-inicio-de-las-instrucciones-2025","status":"publish","type":"post","link":"https:\/\/cdnoticias.com\/index.php\/2025\/04\/12\/capacitacion-anual-del-cuerpo-activo-inicio-de-las-instrucciones-2025\/","title":{"rendered":"Capacitaci\u00f3n anual del cuerpo activo: inicio de las instrucciones 2025"},"content":{"rendered":"\n<p>Durar\u00e1 hasta noviembre con el prop\u00f3sito de mejorar la calidad de sus intervenciones.<\/p>\n\n\n\n<hr class=\"wp-block-separator has-alpha-channel-opacity\"\/>\n\n\n\n<p>El jueves por la noche, se llev\u00f3 a cabo la primera instrucci\u00f3n del a\u00f1o, destinada al personal activo del Cuartel Central. Estas capacitaciones -que tienen una periodicidad semanal- tienen como objetivo fundamental <strong>profesionalizar a las y los bomberos, brind\u00e1ndoles formaci\u00f3n en diversas \u00e1reas t\u00e9cnicas y operativas.<\/strong><\/p>\n\n\n\n<p><\/p>\n\n\n\n<p>La inauguraci\u00f3n de estas capacitaciones estuvo a cargo del Segundo Comandante Marcelo Menchaca, quien organiz\u00f3 una charla informativa para todos los participantes junto a oficiales y suboficiales. Durante esta instrucci\u00f3n, se expusieron las metas que la instituci\u00f3n se ha fijado para el a\u00f1o en curso, con el fin de <strong>elevar las capacidades t\u00e9cnicas y operativas de todo el cuerpo activo y, de esta manera, mejorar la calidad en cada intervenci\u00f3n <\/strong>a la que la asociaci\u00f3n deba responder.<\/p>\n\n\n\n<p><\/p>\n\n\n\n<p>Las capacitaciones<strong> se llevar\u00e1n a cabo de manera continua todos los jueves hasta finales de noviembre, <\/strong>momento en el cual se dar\u00e1 por finalizado oficialmente el ciclo de formaciones anuales.<\/p>\n\n\n\n<p><\/p>\n\n\n\n<p>Adem\u00e1s, tanto el Consejo Directivo como la Subcomisi\u00f3n de Damas y la Jefatura seguir\u00e1n trabajando, como lo han hecho en a\u00f1os anteriores, en pos de la seguridad y el bienestar de los bomberos de Olavarr\u00eda.<\/p>\n","protected":false},"excerpt":{"rendered":"<p>Durar\u00e1 hasta noviembre con el prop\u00f3sito de mejorar la calidad de sus intervenciones. El jueves por la noche, se llev\u00f3<\/p>\n","protected":false},"author":5,"featured_media":168832,"comment_status":"closed","ping_status":"closed","sticky":false,"template":"","format":"standard","meta":{"_jetpack_memberships_contains_paid_content":false,"footnotes":""},"categories":[5,1],"tags":[],"class_list":["post-168831","post","type-post","status-publish","format-standard","has-post-thumbnail","hentry","category-informacion-general","category-portada"],"jetpack_featured_media_url":"https:\/\/i0.wp.com\/cdnoticias.com\/wp-content\/uploads\/2025\/04\/bomberos-instrucciones-2025.png?fit=800%2C445&ssl=1","jetpack_sharing_enabled":true,"_links":{"self":[{"href":"https:\/\/cdnoticias.com\/index.php\/wp-json\/wp\/v2\/posts\/168831","targetHints":{"allow":["GET"]}}],"collection":[{"href":"https:\/\/cdnoticias.com\/index.php\/wp-json\/wp\/v2\/posts"}],"about":[{"href":"https:\/\/cdnoticias.com\/index.php\/wp-json\/wp\/v2\/types\/post"}],"author":[{"embeddable":true,"href":"https:\/\/cdnoticias.com\/index.php\/wp-json\/wp\/v2\/users\/5"}],"replies":[{"embeddable":true,"href":"https:\/\/cdnoticias.com\/index.php\/wp-json\/wp\/v2\/comments?post=168831"}],"version-history":[{"count":0,"href":"https:\/\/cdnoticias.com\/index.php\/wp-json\/wp\/v2\/posts\/168831\/revisions"}],"wp:featuredmedia":[{"embeddable":true,"href":"https:\/\/cdnoticias.com\/index.php\/wp-json\/wp\/v2\/media\/168832"}],"wp:attachment":[{"href":"https:\/\/cdnoticias.com\/index.php\/wp-json\/wp\/v2\/media?parent=168831"}],"wp:term":[{"taxonomy":"category","embeddable":true,"href":"https:\/\/cdnoticias.com\/index.php\/wp-json\/wp\/v2\/categories?post=168831"},{"taxonomy":"post_tag","embeddable":true,"href":"https:\/\/cdnoticias.com\/index.php\/wp-json\/wp\/v2\/tags?post=168831"}],"curies":[{"name":"wp","href":"https:\/\/api.w.org\/{rel}","templated":true}]}}