{"id":168823,"date":"2025-04-11T11:28:29","date_gmt":"2025-04-11T14:28:29","guid":{"rendered":"https:\/\/cdnoticias.com\/?p=168823"},"modified":"2025-04-11T16:05:16","modified_gmt":"2025-04-11T19:05:16","slug":"en-el-ministerio-de-trabajo-ya-cuentan-mas-de-1-000-despidos-en-olavarria","status":"publish","type":"post","link":"https:\/\/cdnoticias.com\/index.php\/2025\/04\/11\/en-el-ministerio-de-trabajo-ya-cuentan-mas-de-1-000-despidos-en-olavarria\/","title":{"rendered":"En el Ministerio de Trabajo ya cuentan m\u00e1s de 1.000 despidos en Olavarr\u00eda"},"content":{"rendered":"<p>Lo confirm\u00f3 el delegado, Lucas Miriuka. Destac\u00f3 que en el sector minero cayeron m\u00e1s de 300 puestos. Los tr\u00e1mites para el Fondo de Desempleo y el Monotributo Social, en ascenso. \u201cNo se est\u00e1n creando nuevas empresas\u201d dijo.<!--more--><\/p>\n<hr \/>\n<p>Tras el <a href=\"https:\/\/cdnoticias.com\/index.php\/2025\/04\/08\/fabi-bolsas-industriales-informo-el-cierre-de-su-planta\/\" target=\"_blank\" rel=\"noopener\">cierre de la empresa FABI<\/a> con la salida del pa\u00eds del grupo CMPC que signific\u00f3 <strong>100 despidos<\/strong> y el <a href=\"https:\/\/cdnoticias.com\/index.php\/2025\/03\/20\/cerca-de-un-centenar-de-despidos-en-cerro-negro-habra-audiencia-en-el-ministerio-de-trabajo\/\" target=\"_blank\" rel=\"noopener\">cierre de una l\u00ednea de producci\u00f3n en Cerro Negro<\/a> que envi\u00f3 96 telegramas de despidos, <strong>en el Ministerio de Trabajo de Olavarr\u00eda cuentan en m\u00e1s de 1.000 los puestos laborales ca\u00eddos<\/strong> desde el inicio de la gesti\u00f3n de Javier Milei.<\/p>\n<blockquote><p>El delegado, Lucas Miriuka, habl\u00f3 sobre el tema en el programa Levantate por Radio Sapiens (FM 102.7), quien explic\u00f3 que la estad\u00edstica local se reporta semanalmente al ministro bonaerense Walter Correa. \u201cEl conteo que llevamos supera los 1.000 despidos en las \u00faltimas dos semanas. A finales del a\u00f1o pasado est\u00e1bamos lejos de ese n\u00famero, pero en los \u00faltimos 20 o 25 d\u00edas subi\u00f3 much\u00edsimo, lamentablemente\u201d dijo.<\/p><\/blockquote>\n<p>La labor de la cartera de Trabajo busca anticiparse y evitar despidos. Pero en los dos \u00faltimos casos de Olavarr\u00eda esas instancias no fueron posibles. El funcionario provincial apunt\u00f3 a que<em> \u201ccuando hay cierre de una l\u00ednea de producci\u00f3n, como en Cerro Negro, o directamente el cierre de una f\u00e1brica, la intervenci\u00f3n ya no es para que no haya ning\u00fan despido sino para ver c\u00f3mo podemos hacer para que la empresa cambie la medida\u201d<\/em>.<\/p>\n<p>En ese punto, explic\u00f3 que <strong>\u201cen el \u00faltimo a\u00f1o tuvimos algunos 223 bis<\/strong> que est\u00e1 previsto en la Ley de Contrato de Trabajo. Es un mecanismo en el cual <strong>la empresa abona un porcentaje menor de la remuneraci\u00f3n, el trabajador concurre menos d\u00edas a trabajar, pero no se produce un despido<\/strong>\u201d. Miriuka explic\u00f3 que con ese mecanismo se busca mantener los puestos de trabajo ya que tiene una duraci\u00f3n predeterminada en la cual, habitualmente, las empresas logran revertir la adversidad. No obstante, no se dio en el caso de Cerro Negro.<strong> \u201cCerro Negro ya ven\u00eda de un 223 bis y de dar vacaciones a los trabajadores<\/strong>. Estuvimos reunidos antes de que se produjeran los despidos, manifestaron que lo hab\u00edan analizado y <strong>no les hab\u00eda dado resultado tampoco<\/strong>. Entonces se produjeron tantos despidos\u201d se\u00f1al\u00f3.<\/p>\n<p><img data-recalc-dims=\"1\" loading=\"lazy\" decoding=\"async\" class=\"size-full wp-image-41489 aligncenter\" src=\"https:\/\/i0.wp.com\/cdnoticias.com\/wp-content\/uploads\/2021\/12\/malvinas-ministerio-de-trabajo-00.jpg?resize=800%2C445&#038;ssl=1\" alt=\"\" width=\"800\" height=\"445\" srcset=\"https:\/\/i0.wp.com\/cdnoticias.com\/wp-content\/uploads\/2021\/12\/malvinas-ministerio-de-trabajo-00.jpg?w=800&amp;ssl=1 800w, https:\/\/i0.wp.com\/cdnoticias.com\/wp-content\/uploads\/2021\/12\/malvinas-ministerio-de-trabajo-00.jpg?resize=300%2C167&amp;ssl=1 300w, https:\/\/i0.wp.com\/cdnoticias.com\/wp-content\/uploads\/2021\/12\/malvinas-ministerio-de-trabajo-00.jpg?resize=768%2C427&amp;ssl=1 768w\" sizes=\"auto, (max-width: 800px) 100vw, 800px\" \/><\/p>\n<p>Miriuka inform\u00f3 que tambi\u00e9n mantuvo<a href=\"https:\/\/cdnoticias.com\/index.php\/2025\/04\/08\/cierre-de-fabi-reunion-con-el-ministerio-de-trabajo-pero-sin-presentacion-del-sindicato\/\" target=\"_blank\" rel=\"noopener\"> reuni\u00f3n con los directivos de la empresa de Hinojo<\/a>. \u201cEn el caso de Fabi, <strong>reunido con los industriales de Chile me manifestaron que no era viable la operaci\u00f3n en Argentina<\/strong>. Tomaron la decisi\u00f3n directamente de cerrar la f\u00e1brica y llevarse la maquinaria\u201d remarc\u00f3.<\/p>\n<blockquote><p>La mayor\u00eda de estos 1.000 despidos se dieron \u201cpor goteo\u201d aunque tambi\u00e9n hubo n\u00fameros impactantes, como en los casos de Fabi y Cerro Negro. Miriuka se\u00f1al\u00f3 que \u201ca principios del a\u00f1o pasado fue muy grande la cantidad de despedidos en construcci\u00f3n\u201d para mencionar lo sucedido a partir de la suspensi\u00f3n de la obra p\u00fablica desde el Gobierno Nacional: entre 120 y 140 trabajadores afectados de la empresa Paolini Hnos que ten\u00eda a su cargo la construcci\u00f3n de un puente en el acceso a Sierras Bayas y los contratados para la ampliaci\u00f3n de la Facultad de Ciencias de la Salud.<\/p><\/blockquote>\n<blockquote class=\"wp-embedded-content\" data-secret=\"ed14xCu4a0\"><p><a href=\"https:\/\/cdnoticias.com\/index.php\/2025\/04\/11\/cerro-negro-sigue-la-conciliacion-obligatoria\/\">Cerro Negro: sigue la conciliaci\u00f3n obligatoria<\/a><\/p><\/blockquote>\n<p><iframe loading=\"lazy\" class=\"wp-embedded-content\" sandbox=\"allow-scripts\" security=\"restricted\" style=\"position: absolute; visibility: hidden;\" title=\"&#8220;Cerro Negro: sigue la conciliaci\u00f3n obligatoria&#8221; &#8212; Central de Noticias | Olavarr\u00eda\" src=\"https:\/\/cdnoticias.com\/index.php\/2025\/04\/11\/cerro-negro-sigue-la-conciliacion-obligatoria\/embed\/#?secret=cMWjQBAhix#?secret=ed14xCu4a0\" data-secret=\"ed14xCu4a0\" width=\"600\" height=\"338\" frameborder=\"0\" marginwidth=\"0\" marginheight=\"0\" scrolling=\"no\"><\/iframe><\/p>\n<h3>Miner\u00eda, menos trabajadores y m\u00e1s riesgo de accidentes<\/h3>\n<p><strong>\u201cEn miner\u00eda ya llevamos arriba de los 300 despidos desde 2024 a ahora\u201d<\/strong> subray\u00f3 el titular de la Delegaci\u00f3n Olavarr\u00eda del Ministerio de Trabajo. Remarc\u00f3 que muchas empresas de este sector se adhieren a esa reducci\u00f3n de los d\u00edas de trabajo y de sueldos para evitar despidos.<strong> \u201cAOMA est\u00e1 permanentemente con acuerdos de 223 bis o en la cuerda floja<\/strong> sosteniendo que no haya cierres de empresas. Pero esto tiene un l\u00edmite,<strong> no creo que podamos seguir sosteniendo esto mucho tiempo m\u00e1s\u201d<\/strong> adelant\u00f3.<\/p>\n<p>Ante la consulta, Miriuka respondi\u00f3 que<strong> son \u201cmuchas\u201d las empresas que se adhieren al \u201cacuerdo de 223 bis\u201d y \u201csobre todo en el \u00e1mbito minero\u201d<\/strong>.<\/p>\n<p><img data-recalc-dims=\"1\" loading=\"lazy\" decoding=\"async\" class=\"aligncenter wp-image-6219\" src=\"https:\/\/i0.wp.com\/cdnoticias.com\/wp-content\/uploads\/2020\/11\/unnamed-3.jpg?resize=800%2C450&#038;ssl=1\" alt=\"\" width=\"800\" height=\"450\" srcset=\"https:\/\/i0.wp.com\/cdnoticias.com\/wp-content\/uploads\/2020\/11\/unnamed-3.jpg?w=500&amp;ssl=1 500w, https:\/\/i0.wp.com\/cdnoticias.com\/wp-content\/uploads\/2020\/11\/unnamed-3.jpg?resize=300%2C169&amp;ssl=1 300w\" sizes=\"auto, (max-width: 800px) 100vw, 800px\" \/><\/p>\n<p><strong>La mayor\u00eda de los despidos en el sector minero se dan \u201cpor goteo\u201d<\/strong>, no en n\u00fameros impactantes como las empresas ya mencionadas. \u201cA veces uno se entera porque lo cuentan los mismos trabajadores, pero <strong>no vienen al Ministerio. Son despidos que no son contradictorios<\/strong>, la empresa se sienta con el trabajador, le comenta que le ofrece un retiro voluntario, un mutuo acuerdo, en base al 241 del Tratado de Trabajo, y se van\u201d dijo para referir que <strong>el n\u00famero total de nuevos desempleados es mayor al registro que lleva el Ministerio<\/strong>.<\/p>\n<blockquote><p>En ese marco, inform\u00f3 que con los despidos tambi\u00e9n aumenta el riesgo de accidentes laborales. A modo de ejemplo cit\u00f3 que \u201cestaba charlando con un trabajador y me sorprendi\u00f3 cuando me dijo que una cantera que hasta hace no mucho tiempo ten\u00eda 60 trabajadores, ahora hay 20. Este trabajador me hab\u00eda venido a ver por un tema de un accidente laboral y me contaba que \u00e9l estaba haciendo la tarea que antes hac\u00edan tres\u201d.<\/p><\/blockquote>\n<h3>Desempleo y Monotributo Social<\/h3>\n<p>El Ministerio de Trabajo tiene<strong> injerencia parcial en el tr\u00e1mite del Fondo de Desempleo<\/strong>, ya que se solicita en la Anses. Sin embargo, Miriuka tambi\u00e9n destac\u00f3 que aument\u00f3 el n\u00famero de personas que lo solicitan.<\/p>\n<p><img data-recalc-dims=\"1\" loading=\"lazy\" decoding=\"async\" class=\"aligncenter wp-image-101974 size-full\" src=\"https:\/\/i0.wp.com\/cdnoticias.com\/wp-content\/uploads\/2023\/11\/ruta-226-sierras-bayas-distribuidor-1.jpg?resize=800%2C800&#038;ssl=1\" alt=\"\" width=\"800\" height=\"800\" srcset=\"https:\/\/i0.wp.com\/cdnoticias.com\/wp-content\/uploads\/2023\/11\/ruta-226-sierras-bayas-distribuidor-1.jpg?w=800&amp;ssl=1 800w, https:\/\/i0.wp.com\/cdnoticias.com\/wp-content\/uploads\/2023\/11\/ruta-226-sierras-bayas-distribuidor-1.jpg?resize=300%2C300&amp;ssl=1 300w, https:\/\/i0.wp.com\/cdnoticias.com\/wp-content\/uploads\/2023\/11\/ruta-226-sierras-bayas-distribuidor-1.jpg?resize=150%2C150&amp;ssl=1 150w, https:\/\/i0.wp.com\/cdnoticias.com\/wp-content\/uploads\/2023\/11\/ruta-226-sierras-bayas-distribuidor-1.jpg?resize=768%2C768&amp;ssl=1 768w\" sizes=\"auto, (max-width: 800px) 100vw, 800px\" \/><\/p>\n<blockquote><p>\u201cNosotros el Fondo de Desempleo lo hacemos en el Ministerio de Trabajo solamente ante situaciones contradictoras\u201d aclar\u00f3 para informar que \u201cantes manej\u00e1bamos 5 o 6 por mes. Ahora a veces hacemos 10 por semana, es una cifra alt\u00edsima. Son situaciones que no est\u00e1bamos acostumbrados a hacer en nuestra delegaci\u00f3n\u201d dijo.<\/p><\/blockquote>\n<p>M\u00e1s adelante coment\u00f3 que<strong> \u201ctrabajamos la Ley ALAS (Ley Provincial de Actividades Laborales de Autoempleo y Subsistencia) que otorga el Monotributo Social.<\/strong> Es para aquellos microemprendimientos en la cual el trabajador no paga el impuesto a los Ingresos Brutos. <strong>Eso tambi\u00e9n creci\u00f3 much\u00edsimo. Son trabajadores que han quedado desvinculados, que inician alg\u00fan tipo de actividad<\/strong> y nosotros, de alguna manera, estamos dando una mano. Eso tambi\u00e9n es importante y es otro dato que estamos viendo que est\u00e1 aumentando\u201d.<\/p>\n<p>En ese sentido, Miriuka fue consultado por posibilidad de reinserci\u00f3n laboral de los trabajadores despedidos. En la entrevista radial expres\u00f3 que \u201cno me parece factible en este momento que estamos atravesando que el trabajador consiga un puesto de trabajo, por lo menos a corto o mediano plazo.<strong> Yo veo que las empresas est\u00e1n cerrando. No se est\u00e1n creando nuevas empresas\u201d<\/strong>.<\/p>\n<p>El delegado provincial interpret\u00f3 que <strong>para Olavarr\u00eda, el problema clave es el parate de la obra p\u00fablica nacional<\/strong>. \u201cCuando hab\u00eda crisis grandes en Argentina la obra p\u00fablica se manten\u00eda. Al moverse la industria minera, la industria cementera, mov\u00eda al resto de las industrias en Olavarr\u00eda. La crisis de desempleo y cierre de empresas no se ve\u00eda. Entonces, <strong>ten\u00edamos un \u00edndice de desempleo muy bajo. La p\u00e9sima pol\u00edtica nacional en lo que respecta a la obra p\u00fablica lo hizo caer\u201d<\/strong> expres\u00f3.<\/p>\n","protected":false},"excerpt":{"rendered":"<p>Lo confirm\u00f3 el delegado, Lucas Miriuka. Destac\u00f3 que en el sector minero cayeron m\u00e1s de 300 puestos. Los tr\u00e1mites para<\/p>\n","protected":false},"author":4,"featured_media":114006,"comment_status":"closed","ping_status":"closed","sticky":false,"template":"","format":"standard","meta":{"_jetpack_memberships_contains_paid_content":false,"footnotes":""},"categories":[5,1],"tags":[],"class_list":["post-168823","post","type-post","status-publish","format-standard","has-post-thumbnail","hentry","category-informacion-general","category-portada"],"jetpack_featured_media_url":"https:\/\/i0.wp.com\/cdnoticias.com\/wp-content\/uploads\/2024\/04\/miriuka-lucas.jpg?fit=800%2C445&ssl=1","jetpack_sharing_enabled":true,"_links":{"self":[{"href":"https:\/\/cdnoticias.com\/index.php\/wp-json\/wp\/v2\/posts\/168823","targetHints":{"allow":["GET"]}}],"collection":[{"href":"https:\/\/cdnoticias.com\/index.php\/wp-json\/wp\/v2\/posts"}],"about":[{"href":"https:\/\/cdnoticias.com\/index.php\/wp-json\/wp\/v2\/types\/post"}],"author":[{"embeddable":true,"href":"https:\/\/cdnoticias.com\/index.php\/wp-json\/wp\/v2\/users\/4"}],"replies":[{"embeddable":true,"href":"https:\/\/cdnoticias.com\/index.php\/wp-json\/wp\/v2\/comments?post=168823"}],"version-history":[{"count":0,"href":"https:\/\/cdnoticias.com\/index.php\/wp-json\/wp\/v2\/posts\/168823\/revisions"}],"wp:featuredmedia":[{"embeddable":true,"href":"https:\/\/cdnoticias.com\/index.php\/wp-json\/wp\/v2\/media\/114006"}],"wp:attachment":[{"href":"https:\/\/cdnoticias.com\/index.php\/wp-json\/wp\/v2\/media?parent=168823"}],"wp:term":[{"taxonomy":"category","embeddable":true,"href":"https:\/\/cdnoticias.com\/index.php\/wp-json\/wp\/v2\/categories?post=168823"},{"taxonomy":"post_tag","embeddable":true,"href":"https:\/\/cdnoticias.com\/index.php\/wp-json\/wp\/v2\/tags?post=168823"}],"curies":[{"name":"wp","href":"https:\/\/api.w.org\/{rel}","templated":true}]}}