{"id":168772,"date":"2025-04-10T18:34:34","date_gmt":"2025-04-10T21:34:34","guid":{"rendered":"https:\/\/cdnoticias.com\/?p=168772"},"modified":"2025-04-10T18:34:36","modified_gmt":"2025-04-10T21:34:36","slug":"tras-el-desdoblamiento-la-provincia-coordina-con-nacion-las-elecciones-legislativas","status":"publish","type":"post","link":"https:\/\/cdnoticias.com\/index.php\/2025\/04\/10\/tras-el-desdoblamiento-la-provincia-coordina-con-nacion-las-elecciones-legislativas\/","title":{"rendered":"Tras el desdoblamiento, la Provincia coordina con Naci\u00f3n las Elecciones Legislativas"},"content":{"rendered":"\n<p>Carlos Bianco se reuni\u00f3 en Casa Rosada con funcionarios de Interior y obtuvo respaldo para coordinar el operativo de las elecciones provinciales. Crece la presi\u00f3n para suspender las PASO en territorio bonaerense.<\/p>\n\n\n\n<hr class=\"wp-block-separator aligncenter has-alpha-channel-opacity\"\/>\n\n\n\n<p>El jefe de Gabinete de la provincia de Buenos Aires,<strong> Carlos Bianco, mantuvo este jueves una serie de reuniones en Casa Rosada con funcionarios del Gobierno nacional, en las que recibi\u00f3 el compromiso de colaboraci\u00f3n para desplegar el operativo necesario para las elecciones provinciales del 7 de septiembre<\/strong>, que se realizar\u00e1n en fecha distinta a los comicios nacionales del 26 de octubre.<\/p>\n\n\n\n<p>Bianco fue recibido por el secretario de Interior, Lisandro Catal\u00e1n, y tambi\u00e9n se reuni\u00f3 con su par nacional, Guillermo Francos. <strong>Durante los encuentros, present\u00f3 una carpeta con los detalles t\u00e9cnicos del proceso electoral y solicit\u00f3 la asistencia del comando electoral nacional para tareas de seguridad, especialmente en la custodia de urnas y el resguardo en escuelas.<\/strong><\/p>\n\n\n\n<p><em><strong>\u201cEl Gobierno nacional mostr\u00f3 muy buena predisposici\u00f3n para asistir a la Provincia\u201d,<\/strong><\/em> se\u00f1al\u00f3 Bianco tras el encuentro, y adelant\u00f3 que podr\u00edan coordinar directamente con la ministra Patricia Bullrich el operativo de seguridad. En tanto, la impresi\u00f3n de boletas y el conteo de votos quedar\u00e1 a cargo de la Provincia, que ya inici\u00f3 gestiones con el Correo Argentino.<\/p>\n\n\n\n<p>Desde el Ministerio del Interior recordaron que <strong>el comando electoral est\u00e1 pensado para elecciones nacionales, pero aceptaron conformar una mesa t\u00e9cnica para evaluar en qu\u00e9 medida pueden ayudar al desarrollo de los comicios bonaerenses.<\/strong><\/p>\n\n\n\n<p>En paralelo, se mantiene la tensi\u00f3n dentro del oficialismo provincial. La decisi\u00f3n de desdoblar los comicios encendi\u00f3 la interna con sectores que responden a Cristina Fern\u00e1ndez de Kirchner y al massismo, que prefer\u00edan una votaci\u00f3n concurrente. En ese contexto, <strong>Bianco volvi\u00f3 a presionar para suspender las PASO provinciales previstas para el 13 de julio,<\/strong> con el argumento de que<em> \u201cuna tercera elecci\u00f3n en el a\u00f1o complica la organizaci\u00f3n y puede afectar la participaci\u00f3n ciudadana\u201d.<\/em><\/p>\n\n\n\n<p><strong>Por ahora, el tratamiento legislativo para suspender las primarias est\u00e1 trabado, ya que algunos sectores usan esa discusi\u00f3n como moneda de negociaci\u00f3n con la Gobernaci\u00f3n<\/strong>. Mientras tanto, la cuenta regresiva para definir el calendario electoral bonaerense ya empez\u00f3.<\/p>\n","protected":false},"excerpt":{"rendered":"<p>Carlos Bianco se reuni\u00f3 en Casa Rosada con funcionarios de Interior y obtuvo respaldo para coordinar el operativo de las<\/p>\n","protected":false},"author":2,"featured_media":92987,"comment_status":"closed","ping_status":"closed","sticky":false,"template":"","format":"standard","meta":{"_jetpack_memberships_contains_paid_content":false,"footnotes":""},"categories":[6,1],"tags":[],"class_list":["post-168772","post","type-post","status-publish","format-standard","has-post-thumbnail","hentry","category-nacionales","category-portada"],"jetpack_featured_media_url":"https:\/\/i0.wp.com\/cdnoticias.com\/wp-content\/uploads\/2023\/08\/elecciones-paso2023-votacion-voto-02.jpg?fit=800%2C445&ssl=1","jetpack_sharing_enabled":true,"_links":{"self":[{"href":"https:\/\/cdnoticias.com\/index.php\/wp-json\/wp\/v2\/posts\/168772","targetHints":{"allow":["GET"]}}],"collection":[{"href":"https:\/\/cdnoticias.com\/index.php\/wp-json\/wp\/v2\/posts"}],"about":[{"href":"https:\/\/cdnoticias.com\/index.php\/wp-json\/wp\/v2\/types\/post"}],"author":[{"embeddable":true,"href":"https:\/\/cdnoticias.com\/index.php\/wp-json\/wp\/v2\/users\/2"}],"replies":[{"embeddable":true,"href":"https:\/\/cdnoticias.com\/index.php\/wp-json\/wp\/v2\/comments?post=168772"}],"version-history":[{"count":0,"href":"https:\/\/cdnoticias.com\/index.php\/wp-json\/wp\/v2\/posts\/168772\/revisions"}],"wp:featuredmedia":[{"embeddable":true,"href":"https:\/\/cdnoticias.com\/index.php\/wp-json\/wp\/v2\/media\/92987"}],"wp:attachment":[{"href":"https:\/\/cdnoticias.com\/index.php\/wp-json\/wp\/v2\/media?parent=168772"}],"wp:term":[{"taxonomy":"category","embeddable":true,"href":"https:\/\/cdnoticias.com\/index.php\/wp-json\/wp\/v2\/categories?post=168772"},{"taxonomy":"post_tag","embeddable":true,"href":"https:\/\/cdnoticias.com\/index.php\/wp-json\/wp\/v2\/tags?post=168772"}],"curies":[{"name":"wp","href":"https:\/\/api.w.org\/{rel}","templated":true}]}}