{"id":168766,"date":"2025-04-11T07:54:25","date_gmt":"2025-04-11T10:54:25","guid":{"rendered":"https:\/\/cdnoticias.com\/?p=168766"},"modified":"2025-04-11T08:18:56","modified_gmt":"2025-04-11T11:18:56","slug":"presentacion-del-dispositivo-de-acompanamiento-pedagogico-para-la-coleccion-esi-en-las-escuelas-bonaerenses","status":"publish","type":"post","link":"https:\/\/cdnoticias.com\/index.php\/2025\/04\/11\/presentacion-del-dispositivo-de-acompanamiento-pedagogico-para-la-coleccion-esi-en-las-escuelas-bonaerenses\/","title":{"rendered":"Presentaci\u00f3n del Dispositivo de Acompa\u00f1amiento Pedag\u00f3gico para la Colecci\u00f3n \u201cESI en las escuelas bonaerenses\u201d"},"content":{"rendered":"\n<p>Re\u00fane obras literarias, libros para la formaci\u00f3n docente y materiales pedag\u00f3gico-did\u00e1cticos que acompa\u00f1an la implementaci\u00f3n y fortalecimiento de la Educaci\u00f3n Sexual Integral en todos los niveles y modalidades del sistema educativo.<\/p>\n\n\n\n<hr class=\"wp-block-separator aligncenter has-alpha-channel-opacity\"\/>\n\n\n\n<p>Este mi\u00e9rcoles se llev\u00f3 a cabo la presentaci\u00f3n del <strong>Dispositivo de Acompa\u00f1amiento Pedag\u00f3gico para la Colecci\u00f3n \u201cESI en las escuelas bonaerenses, m\u00e1s derechos en las aulas\u201d<\/strong> en el <strong>Centro Cultural San Jos\u00e9. <\/strong><\/p>\n\n\n\n<p><\/p>\n\n\n\n<p>La propuesta, coordinada a nivel local por la referente distrital de ESI, Celeste B\u00f3rmida, dependiente de la Direcci\u00f3n de ESI de la Direcci\u00f3n General de Cultura y Educaci\u00f3n de la Provincia, se enmarc\u00f3 en el Programa Municipal de Capacitaci\u00f3n para el abordaje con Ni\u00f1eces, Adolescencias y Familias, impulsado por la Subsecretar\u00eda de Protecci\u00f3n Integral de Derechos del Municipio de Olavarr\u00eda. Asimismo, participaron equipos municipales de jardines maternales, centros de d\u00eda y hogares convivenciales.<\/p>\n\n\n\n<p><\/p>\n\n\n\n<figure class=\"wp-block-image aligncenter size-full\"><img data-recalc-dims=\"1\" loading=\"lazy\" decoding=\"async\" width=\"800\" height=\"508\" src=\"https:\/\/i0.wp.com\/cdnoticias.com\/wp-content\/uploads\/2025\/04\/encuentro-esi-coleccion-libros.png?resize=800%2C508&#038;ssl=1\" alt=\"\" class=\"wp-image-168769\" srcset=\"https:\/\/i0.wp.com\/cdnoticias.com\/wp-content\/uploads\/2025\/04\/encuentro-esi-coleccion-libros.png?w=889&amp;ssl=1 889w, https:\/\/i0.wp.com\/cdnoticias.com\/wp-content\/uploads\/2025\/04\/encuentro-esi-coleccion-libros.png?resize=300%2C191&amp;ssl=1 300w, https:\/\/i0.wp.com\/cdnoticias.com\/wp-content\/uploads\/2025\/04\/encuentro-esi-coleccion-libros.png?resize=768%2C488&amp;ssl=1 768w\" sizes=\"auto, (max-width: 800px) 100vw, 800px\" \/><\/figure>\n\n\n\n<p><\/p>\n\n\n\n<blockquote class=\"wp-block-quote is-layout-flow wp-block-quote-is-layout-flow\">\n<p>La colecci\u00f3n provincial mencionada re\u00fane obras literarias, libros para la formaci\u00f3n docente y materiales pedag\u00f3gico-did\u00e1cticos que acompa\u00f1an la implementaci\u00f3n y fortalecimiento de la Educaci\u00f3n Sexual Integral en todos los niveles y modalidades del sistema educativo. <\/p>\n<\/blockquote>\n\n\n\n<p><\/p>\n\n\n\n<p>En el <strong>marco de su lanzamiento,<\/strong> el a\u00f1o pasado los servicios municipales, a trav\u00e9s de gestiones realizadas junto a la Jefatura Regional de Educaci\u00f3n, <strong>lograron obtener una colecci\u00f3n propia.<\/strong><\/p>\n\n\n\n<p><\/p>\n\n\n\n<p>Durante la jornada se gener\u00f3 un espacio de intercambio con el <strong>objetivo de brindar herramientas y estrategias para el abordaje de los materiales en las instituciones, <\/strong>promoviendo la reflexi\u00f3n sobre las pr\u00e1cticas cotidianas y fortaleciendo el trabajo con enfoque de derechos.<\/p>\n\n\n\n<p><\/p>\n\n\n\n<p>De este modo, el dispositivo permite acercar <strong>recursos clave a los equipos que trabajan con ni\u00f1eces y adolescencias, <\/strong>para que puedan desarrollar propuestas significativas y contextualizadas, ajustadas a las necesidades y caracter\u00edsticas de cada grupo etario.<\/p>\n\n\n\n<p><\/p>\n","protected":false},"excerpt":{"rendered":"<p>Re\u00fane obras literarias, libros para la formaci\u00f3n docente y materiales pedag\u00f3gico-did\u00e1cticos que acompa\u00f1an la implementaci\u00f3n y fortalecimiento de la Educaci\u00f3n<\/p>\n","protected":false},"author":6,"featured_media":168768,"comment_status":"closed","ping_status":"closed","sticky":false,"template":"","format":"standard","meta":{"_jetpack_memberships_contains_paid_content":false,"footnotes":""},"categories":[3,1],"tags":[],"class_list":["post-168766","post","type-post","status-publish","format-standard","has-post-thumbnail","hentry","category-genero","category-portada"],"jetpack_featured_media_url":"https:\/\/i0.wp.com\/cdnoticias.com\/wp-content\/uploads\/2025\/04\/encuentro-esi-coleccion-libros1.png?fit=886%2C559&ssl=1","jetpack_sharing_enabled":true,"_links":{"self":[{"href":"https:\/\/cdnoticias.com\/index.php\/wp-json\/wp\/v2\/posts\/168766","targetHints":{"allow":["GET"]}}],"collection":[{"href":"https:\/\/cdnoticias.com\/index.php\/wp-json\/wp\/v2\/posts"}],"about":[{"href":"https:\/\/cdnoticias.com\/index.php\/wp-json\/wp\/v2\/types\/post"}],"author":[{"embeddable":true,"href":"https:\/\/cdnoticias.com\/index.php\/wp-json\/wp\/v2\/users\/6"}],"replies":[{"embeddable":true,"href":"https:\/\/cdnoticias.com\/index.php\/wp-json\/wp\/v2\/comments?post=168766"}],"version-history":[{"count":0,"href":"https:\/\/cdnoticias.com\/index.php\/wp-json\/wp\/v2\/posts\/168766\/revisions"}],"wp:featuredmedia":[{"embeddable":true,"href":"https:\/\/cdnoticias.com\/index.php\/wp-json\/wp\/v2\/media\/168768"}],"wp:attachment":[{"href":"https:\/\/cdnoticias.com\/index.php\/wp-json\/wp\/v2\/media?parent=168766"}],"wp:term":[{"taxonomy":"category","embeddable":true,"href":"https:\/\/cdnoticias.com\/index.php\/wp-json\/wp\/v2\/categories?post=168766"},{"taxonomy":"post_tag","embeddable":true,"href":"https:\/\/cdnoticias.com\/index.php\/wp-json\/wp\/v2\/tags?post=168766"}],"curies":[{"name":"wp","href":"https:\/\/api.w.org\/{rel}","templated":true}]}}