{"id":168722,"date":"2025-04-10T12:10:29","date_gmt":"2025-04-10T15:10:29","guid":{"rendered":"https:\/\/cdnoticias.com\/?p=168722"},"modified":"2025-04-10T12:10:30","modified_gmt":"2025-04-10T15:10:30","slug":"se-suspendio-mercados-bonaerenses-por-cuestiones-climaticas","status":"publish","type":"post","link":"https:\/\/cdnoticias.com\/index.php\/2025\/04\/10\/se-suspendio-mercados-bonaerenses-por-cuestiones-climaticas\/","title":{"rendered":"Se suspendi\u00f3 Mercados Bonaerenses por cuestiones clim\u00e1ticas"},"content":{"rendered":"<p>La jornada se iba a realizar este viernes en el Parque Avellaneda. A\u00fan no se inform\u00f3 la fecha de reprogramaci\u00f3n.<!--more--><\/p>\n<hr \/>\n<p>Desde la <strong>Secretar\u00eda de Desarrollo Econ\u00f3mico y Productivo del Municipio de Olavarr\u00eda<\/strong>, a trav\u00e9s de la Coordinaci\u00f3n de Econom\u00eda Popular, se inform\u00f3 que <strong>la edici\u00f3n de Mercados Bonaerenses <a href=\"https:\/\/cdnoticias.com\/index.php\/2025\/04\/07\/nueva-edicion-de-mercados-bonaerenses-en-parque-avellaneda\/\" target=\"_blank\" rel=\"noopener\">prevista para este viernes 11 de abril<\/a> qued\u00f3 suspendida<\/strong> por los <strong>pron\u00f3sticos de clima desfavorable<\/strong> que se anuncian para la ciudad de Olavarr\u00eda.<\/p>\n<p>El Programa \u201cMercados Bonaerenses\u201d es impulsado desde el Ministerio de Desarrollo Agrario de la Provincia de Buenos Aires, promociona la producci\u00f3n y el consumo de Alimentos Bonaerenses acercando a productores, productoras, consumidores y consumidoras a trav\u00e9s de una red de ferias y mercados en toda la provincia de Buenos Aires.<\/p>\n<p>Las ferias tienen por objetivo fortalecer y asistir experiencias de producci\u00f3n, comercializaci\u00f3n y abastecimiento local de agroalimentos, que se desarrollen en el \u00e1mbito de la provincia de Buenos Aires; fomentar la producci\u00f3n y el consumo de \u201cAlimentos Bonaerenses\u201d a trav\u00e9s de la asistencia, formalizaci\u00f3n y capacitaci\u00f3n a productores, comercializadores y municipios, para crear, ampliar y fortalecer mercados y ferias de alimentos fijas o itinerantes.<\/p>\n","protected":false},"excerpt":{"rendered":"<p>La jornada se iba a realizar este viernes en el Parque Avellaneda. A\u00fan no se inform\u00f3 la fecha de reprogramaci\u00f3n.<\/p>\n","protected":false},"author":4,"featured_media":134867,"comment_status":"closed","ping_status":"closed","sticky":false,"template":"","format":"standard","meta":{"_jetpack_memberships_contains_paid_content":false,"footnotes":""},"categories":[5,1],"tags":[],"class_list":["post-168722","post","type-post","status-publish","format-standard","has-post-thumbnail","hentry","category-informacion-general","category-portada"],"jetpack_featured_media_url":"https:\/\/i0.wp.com\/cdnoticias.com\/wp-content\/uploads\/2025\/01\/mercados-bonaerenses-enero-2025-2.jpg?fit=1072%2C597&ssl=1","jetpack_sharing_enabled":true,"_links":{"self":[{"href":"https:\/\/cdnoticias.com\/index.php\/wp-json\/wp\/v2\/posts\/168722","targetHints":{"allow":["GET"]}}],"collection":[{"href":"https:\/\/cdnoticias.com\/index.php\/wp-json\/wp\/v2\/posts"}],"about":[{"href":"https:\/\/cdnoticias.com\/index.php\/wp-json\/wp\/v2\/types\/post"}],"author":[{"embeddable":true,"href":"https:\/\/cdnoticias.com\/index.php\/wp-json\/wp\/v2\/users\/4"}],"replies":[{"embeddable":true,"href":"https:\/\/cdnoticias.com\/index.php\/wp-json\/wp\/v2\/comments?post=168722"}],"version-history":[{"count":0,"href":"https:\/\/cdnoticias.com\/index.php\/wp-json\/wp\/v2\/posts\/168722\/revisions"}],"wp:featuredmedia":[{"embeddable":true,"href":"https:\/\/cdnoticias.com\/index.php\/wp-json\/wp\/v2\/media\/134867"}],"wp:attachment":[{"href":"https:\/\/cdnoticias.com\/index.php\/wp-json\/wp\/v2\/media?parent=168722"}],"wp:term":[{"taxonomy":"category","embeddable":true,"href":"https:\/\/cdnoticias.com\/index.php\/wp-json\/wp\/v2\/categories?post=168722"},{"taxonomy":"post_tag","embeddable":true,"href":"https:\/\/cdnoticias.com\/index.php\/wp-json\/wp\/v2\/tags?post=168722"}],"curies":[{"name":"wp","href":"https:\/\/api.w.org\/{rel}","templated":true}]}}