{"id":168720,"date":"2025-04-10T10:58:55","date_gmt":"2025-04-10T13:58:55","guid":{"rendered":"https:\/\/cdnoticias.com\/?p=168720"},"modified":"2025-04-10T15:51:41","modified_gmt":"2025-04-10T18:51:41","slug":"paro-general-hoy-la-variable-de-ajuste-son-nuestros-sueldos","status":"publish","type":"post","link":"https:\/\/cdnoticias.com\/index.php\/2025\/04\/10\/paro-general-hoy-la-variable-de-ajuste-son-nuestros-sueldos\/","title":{"rendered":"Paro general: \u201choy la variable de ajuste son nuestros sueldos\u201d"},"content":{"rendered":"\n<p>Lo dijo el delegado regional de la CGT Olavarr\u00eda, Ezequiel Collado. El impacto de la medida en Olavarr\u00eda y la ca\u00edda del empleo registrado y no registrado.<\/p>\n\n\n\n<hr class=\"wp-block-separator has-alpha-channel-opacity\"\/>\n\n\n\n<p>El<strong> delegado regional de la CGT Olavarr\u00eda, Ezequiel Collado<\/strong>, habl\u00f3 con el programa<strong> Levantate por Radio Sapiens (FM 102.7) <\/strong>en el marco del paro general impulsado por la CGT.<\/p>\n\n\n\n<p><\/p>\n\n\n\n<p>Collado indic\u00f3 que la medida se inici\u00f3 durante la jornada del mi\u00e9rcoles en <a href=\"https:\/\/cdnoticias.com\/index.php\/2025\/04\/09\/mas-de-mil-olavarrienses-salieron-a-las-calles-en-apoyo-a-los-jubilados\/\" data-type=\"link\" data-id=\"https:\/\/cdnoticias.com\/index.php\/2025\/04\/09\/mas-de-mil-olavarrienses-salieron-a-las-calles-en-apoyo-a-los-jubilados\/\">apoyo al reclamo de los jubilados<\/a> que en nuestra ciudad tuvo concentraci\u00f3n frente al a sede de Anses y una marcha por las calles c\u00e9ntrica.<\/p>\n\n\n\n<p><\/p>\n\n\n\n<p>\u201cEstamos en un momento muy complicado en Olavarr\u00eda. Da tristeza todo lo que est\u00e1 pasando. <strong>Hoy estamos m\u00e1s preocupados en poder retener las fuentes de trabajo<\/strong>\u201d, lanz\u00f3 el dirigente gremial.<\/p>\n\n\n\n<p><\/p>\n\n\n\n<p>En ese sentido, describi\u00f3 un<strong> panorama cr\u00edtico y poco alentador<\/strong>. \u201cHace poquito sali\u00f3 una nota de Lucas Miriuka, el delegado del Ministerio de Trabajo, que en Olavarr\u00eda en los \u00faltimos meses hubo registrados 1300 despidos, que para la ciudad es terrible\u201d.<\/p>\n\n\n\n<p><\/p>\n\n\n\n<p>\u201cEsto no termina ac\u00e1 <strong>y tenemos que hablar tambi\u00e9n del trabajo no registrado, es impresionante la ca\u00edda laboral que hay<\/strong>\u201d, sum\u00f3 Collado.<\/p>\n\n\n\n<p><\/p>\n\n\n\n<blockquote class=\"wp-block-quote is-layout-flow wp-block-quote-is-layout-flow\">\n<p>Respecto al <strong>impacto del acatamiento del paro<\/strong> en nuestra ciudad, asegur\u00f3 que <strong>\u201cest\u00e1 dividido\u201d <\/strong>ya que \u201chay mucha gente que tiene miedo, mucha gente que no puede perder un peso porque ya al d\u00eda 15 no est\u00e1 llegando a fin de mes. No es que no quieren parar, sino que estamos en una situaci\u00f3n muy compleja\u201d.<\/p>\n<\/blockquote>\n\n\n\n<p><\/p>\n\n\n\n<p>Por otra parte, el delegado regional de la CGT Olavarr\u00eda, sostuvo que \u201c<strong>la mayor\u00eda de las actividades hace m\u00e1s de un a\u00f1o que pr\u00e1cticamente no tienen discusi\u00f3n paritaria. <\/strong>Hoy el trabajador est\u00e1 sometido a lo que te quieren pagar, que es el famoso IPC (\u00cdndice de Precios al Consumidor), que el que vive el d\u00eda a d\u00eda saben que es totalmente una mentira\u201d.<\/p>\n\n\n\n<p><\/p>\n\n\n\n<p>A ra\u00edz de los despidos en f\u00e1bricas hist\u00f3ricas como <a href=\"https:\/\/cdnoticias.com\/index.php\/2025\/03\/20\/cerca-de-un-centenar-de-despidos-en-cerro-negro-habra-audiencia-en-el-ministerio-de-trabajo\/\" data-type=\"link\" data-id=\"https:\/\/cdnoticias.com\/index.php\/2025\/03\/20\/cerca-de-un-centenar-de-despidos-en-cerro-negro-habra-audiencia-en-el-ministerio-de-trabajo\/\">Cerro Negro <\/a>o el<a href=\"https:\/\/cdnoticias.com\/index.php\/2025\/04\/08\/fabi-bolsas-industriales-informo-el-cierre-de-su-planta\/\" data-type=\"link\" data-id=\"https:\/\/cdnoticias.com\/index.php\/2025\/04\/08\/fabi-bolsas-industriales-informo-el-cierre-de-su-planta\/\"> cierre de FABI<\/a>, Collado se\u00f1al\u00f3 que <strong>\u201ccuando se cierra la persiana es porque no hay una mirada hacia adelante que esto va a mejorar\u201d.<\/strong><\/p>\n\n\n\n<p><\/p>\n\n\n\n<p>\u201cLo m\u00e1s complicado es que <strong>esto reci\u00e9n est\u00e1 empezando<\/strong> porque cuando vos hablas con empresarios ya te est\u00e1n diciendo que esto viene mal, otro sector que por ah\u00ed son los que m\u00e1s espalda tienen, te dicen que hay que esperar un poco m\u00e1s, pero en ese esperar te quedaste con un mont\u00f3n de puestos de trabajo\u201d, resalt\u00f3 Collado.<\/p>\n\n\n\n<p><\/p>\n\n\n\n<p>\u201c<strong>Hoy la variable de ajuste son nuestros sueldos. Hoy somos baratos.<\/strong> La verdad que la situaci\u00f3n es muy compleja, muy triste y hay una desaz\u00f3n terrible\u201d, concluy\u00f3.<\/p>\n","protected":false},"excerpt":{"rendered":"<p>Lo dijo el delegado regional de la CGT Olavarr\u00eda, Ezequiel Collado. El impacto de la medida en Olavarr\u00eda y la<\/p>\n","protected":false},"author":5,"featured_media":114981,"comment_status":"closed","ping_status":"closed","sticky":false,"template":"","format":"standard","meta":{"_jetpack_memberships_contains_paid_content":false,"footnotes":""},"categories":[5,1],"tags":[],"class_list":["post-168720","post","type-post","status-publish","format-standard","has-post-thumbnail","hentry","category-informacion-general","category-portada"],"jetpack_featured_media_url":"https:\/\/i0.wp.com\/cdnoticias.com\/wp-content\/uploads\/2024\/04\/collado-cgt.jpg?fit=1072%2C597&ssl=1","jetpack_sharing_enabled":true,"_links":{"self":[{"href":"https:\/\/cdnoticias.com\/index.php\/wp-json\/wp\/v2\/posts\/168720","targetHints":{"allow":["GET"]}}],"collection":[{"href":"https:\/\/cdnoticias.com\/index.php\/wp-json\/wp\/v2\/posts"}],"about":[{"href":"https:\/\/cdnoticias.com\/index.php\/wp-json\/wp\/v2\/types\/post"}],"author":[{"embeddable":true,"href":"https:\/\/cdnoticias.com\/index.php\/wp-json\/wp\/v2\/users\/5"}],"replies":[{"embeddable":true,"href":"https:\/\/cdnoticias.com\/index.php\/wp-json\/wp\/v2\/comments?post=168720"}],"version-history":[{"count":0,"href":"https:\/\/cdnoticias.com\/index.php\/wp-json\/wp\/v2\/posts\/168720\/revisions"}],"wp:featuredmedia":[{"embeddable":true,"href":"https:\/\/cdnoticias.com\/index.php\/wp-json\/wp\/v2\/media\/114981"}],"wp:attachment":[{"href":"https:\/\/cdnoticias.com\/index.php\/wp-json\/wp\/v2\/media?parent=168720"}],"wp:term":[{"taxonomy":"category","embeddable":true,"href":"https:\/\/cdnoticias.com\/index.php\/wp-json\/wp\/v2\/categories?post=168720"},{"taxonomy":"post_tag","embeddable":true,"href":"https:\/\/cdnoticias.com\/index.php\/wp-json\/wp\/v2\/tags?post=168720"}],"curies":[{"name":"wp","href":"https:\/\/api.w.org\/{rel}","templated":true}]}}