{"id":168710,"date":"2025-04-10T09:07:16","date_gmt":"2025-04-10T12:07:16","guid":{"rendered":"https:\/\/cdnoticias.com\/?p=168710"},"modified":"2025-04-10T09:07:18","modified_gmt":"2025-04-10T12:07:18","slug":"este-jueves-sesiona-el-hcd-con-43-proyectos-en-debate","status":"publish","type":"post","link":"https:\/\/cdnoticias.com\/index.php\/2025\/04\/10\/este-jueves-sesiona-el-hcd-con-43-proyectos-en-debate\/","title":{"rendered":"Este jueves sesiona el HCD con 43 proyectos en debate"},"content":{"rendered":"<p>A partir de las 9 de la ma\u00f1ana se desarrollar\u00e1n la segunda y tercera sesiones ordinarias del a\u00f1o. Los despidos en Cerro Negro y FABI, entre los temas. Tambi\u00e9n lo sucedido en una escuela donde un alumno ten\u00eda un arma.<!--more--><\/p>\n<hr \/>\n<p><strong>Este jueves sesionar\u00e1 el Concejo Deliberante de Olavarr\u00eda<\/strong> a partir de las 9 en el recinto ubicado en el CCO. En el orden del d\u00eda se incluyeron<strong> 43 expedientes<\/strong> para el tratamiento de los ediles ya que <em>se unificaron la segunda y tercera sesiones ordinarias del a\u00f1o<\/em>.<\/p>\n<p>En el inicio de la actividad legislativa se realizar\u00e1 una sesi\u00f3n especial para <strong>aprobar la licencia solicitada<\/strong> por el concejal radical <strong>Sebasti\u00e1n Matrella<\/strong> del 21 al 25 de abril.<\/p>\n<p>Entre los numerosos <strong>proyectos ingresados para estudio<\/strong> de los concejales se cuenta la <strong>Rendici\u00f3n de Cuentas 2024<\/strong> que el<a href=\"https:\/\/cdnoticias.com\/index.php\/2025\/03\/31\/presentaron-la-rendicion-de-cuentas-2024-con-casi-1-500-millones-de-superavit\/\" target=\"_blank\" rel=\"noopener\"> intendente Maximiliano Wesner present\u00f3 el 31 de marzo<\/a>. Este jueves pasar\u00e1 formalmente a las comisiones de Hacienda y Legislaci\u00f3n para el an\u00e1lisis de los miembros del Legislativo local.<\/p>\n<p><iframe loading=\"lazy\" title=\"YouTube video player\" src=\"https:\/\/www.youtube.com\/embed\/oDPWab1ZDO8?si=4dRBvelrhGAz_1LS\" width=\"560\" height=\"315\" frameborder=\"0\" allowfullscreen=\"allowfullscreen\"><\/iframe><\/p>\n<p>En tanto, entre los temas que cuentan con despacho de las comisiones se votar\u00e1n <strong>cinco ordenanzas de donaciones de inmuebles y una retrocesi\u00f3n<\/strong> en la donaci\u00f3n de un inmueble. Asimismo, <strong>ocho ordenanzas sobre convalidaciones de compras<\/strong> para distintos servicios del Hospital Municipal y<strong> tres ordenanzas de reconocimientos de deuda<\/strong> a distintas empresas.<\/p>\n<blockquote><p>Varios son los proyectos ingresados para debate sobre tablas. Entre los destacados, se cuentan dos iniciativas del bloque Uni\u00f3n por la Patria para \u201cmanifestar preocupaci\u00f3n\u201d por los despidos de trabajadores en las empresas <a href=\"https:\/\/cdnoticias.com\/index.php\/2025\/03\/21\/el-bloque-de-uxp-manifesto-preocupacion-por-los-despidos-masivos-en-cerro-negro\/\" target=\"_blank\" rel=\"noopener\">Cerro Negro<\/a> y <a href=\"https:\/\/cdnoticias.com\/index.php\/2025\/04\/09\/cierre-de-fabi-el-bloque-union-por-la-patria-senalo-aceleracion-del-proceso-de-desindustrializacion\/\" target=\"_blank\" rel=\"noopener\">FABI<\/a>. En este \u00faltimo expediente se agreg\u00f3 el<a href=\"https:\/\/cdnoticias.com\/index.php\/2025\/04\/08\/fabi-bolsas-industriales-informo-el-cierre-de-su-planta\/\" target=\"_blank\" rel=\"noopener\"> cierre definitivo de la empresa en Hinojo<\/a>, conocido este martes.<\/p><\/blockquote>\n<p>De la misma bancada se tratar\u00e1 un proyecto de ordenanza sobre la <strong>creaci\u00f3n del Observatorio Vial Municipal<\/strong>.<\/p>\n<p>El <a href=\"https:\/\/cdnoticias.com\/index.php\/2025\/04\/08\/por-mas-libertad-apunto-a-errores-y-sobrecostos-en-trabajos-de-demarcacion-vial\/\" target=\"_blank\" rel=\"noopener\">bloque Por M\u00e1s Libertad<\/a> tendr\u00e1 en tratamiento un <strong>pedido de informe sobre tareas de demarcaci\u00f3n vial<\/strong>.<\/p>\n<figure id=\"attachment_122470\" aria-describedby=\"caption-attachment-122470\" style=\"width: 800px\" class=\"wp-caption aligncenter\"><img data-recalc-dims=\"1\" loading=\"lazy\" decoding=\"async\" class=\"wp-image-122470\" src=\"https:\/\/i0.wp.com\/cdnoticias.com\/wp-content\/uploads\/2024\/08\/HCD-sebastian-matrella-03.jpg?resize=800%2C446&#038;ssl=1\" alt=\"\" width=\"800\" height=\"446\" srcset=\"https:\/\/i0.wp.com\/cdnoticias.com\/wp-content\/uploads\/2024\/08\/HCD-sebastian-matrella-03.jpg?w=1000&amp;ssl=1 1000w, https:\/\/i0.wp.com\/cdnoticias.com\/wp-content\/uploads\/2024\/08\/HCD-sebastian-matrella-03.jpg?resize=300%2C167&amp;ssl=1 300w, https:\/\/i0.wp.com\/cdnoticias.com\/wp-content\/uploads\/2024\/08\/HCD-sebastian-matrella-03.jpg?resize=768%2C428&amp;ssl=1 768w, https:\/\/i0.wp.com\/cdnoticias.com\/wp-content\/uploads\/2024\/08\/HCD-sebastian-matrella-03.jpg?resize=800%2C445&amp;ssl=1 800w\" sizes=\"auto, (max-width: 800px) 100vw, 800px\" \/><figcaption id=\"caption-attachment-122470\" class=\"wp-caption-text\">Este jueves se aprobar\u00e1 la licencia del concejal Matrella.<\/figcaption><\/figure>\n<p>El bloque UCR impuls\u00f3 un proyecto de comunicaci\u00f3n sobre la <strong>falta de iluminaci\u00f3n en el cruce de ruta 226 y avenida Emiliozzi.<\/strong> Cabe recordar que es un problema abordado por la actual gesti\u00f3n municipal y la anterior con pedidos al Ejecutivo nacional para que se concreten los arreglos necesarios. En ninguno de los casos se logr\u00f3 respuesta favorable.<\/p>\n<p>Tambi\u00e9n los concejales radicales pidieron a la intendencia un<strong> \u201cinforme t\u00e9cnico de los puentes viales y peatonales<\/strong> en virtud del \u00faltimo temporal y si se realizaron inspecciones recientes de los mismos\u201d.<\/p>\n<p>En ese sentido, La Libertad Avanza present\u00f3 un pedido de informe sobre la<strong> \u201crestauraci\u00f3n de las barrancas del arroyo Tapalqu\u00e9<\/strong> de calle Riobamba entre Hornos y Coronel Su\u00e1rez\u201d.<\/p>\n<p>Por \u00faltimo, los bloques Pro-ERF y Juntos por Olavarr\u00eda presentaron un proyecto de comunicaci\u00f3n referente a la <strong>activaci\u00f3n del protocolo por la presencia de un arma de fuego en un establecimiento educativo<\/strong> local. <a href=\"https:\/\/cdnoticias.com\/index.php\/2025\/04\/08\/un-estudiante-olavarriense-concurrio-al-aula-con-un-arma-de-fuego\/\" target=\"_blank\" rel=\"noopener\">El caso tom\u00f3 estado p\u00fablico en la noche del martes<\/a>.<\/p>\n","protected":false},"excerpt":{"rendered":"<p>A partir de las 9 de la ma\u00f1ana se desarrollar\u00e1n la segunda y tercera sesiones ordinarias del a\u00f1o. Los despidos<\/p>\n","protected":false},"author":4,"featured_media":166552,"comment_status":"closed","ping_status":"closed","sticky":false,"template":"","format":"standard","meta":{"_jetpack_memberships_contains_paid_content":false,"footnotes":""},"categories":[4,1],"tags":[],"class_list":["post-168710","post","type-post","status-publish","format-standard","has-post-thumbnail","hentry","category-politica","category-portada"],"jetpack_featured_media_url":"https:\/\/i0.wp.com\/cdnoticias.com\/wp-content\/uploads\/2025\/03\/HCD-sesion-02.jpg?fit=1000%2C556&ssl=1","jetpack_sharing_enabled":true,"_links":{"self":[{"href":"https:\/\/cdnoticias.com\/index.php\/wp-json\/wp\/v2\/posts\/168710","targetHints":{"allow":["GET"]}}],"collection":[{"href":"https:\/\/cdnoticias.com\/index.php\/wp-json\/wp\/v2\/posts"}],"about":[{"href":"https:\/\/cdnoticias.com\/index.php\/wp-json\/wp\/v2\/types\/post"}],"author":[{"embeddable":true,"href":"https:\/\/cdnoticias.com\/index.php\/wp-json\/wp\/v2\/users\/4"}],"replies":[{"embeddable":true,"href":"https:\/\/cdnoticias.com\/index.php\/wp-json\/wp\/v2\/comments?post=168710"}],"version-history":[{"count":0,"href":"https:\/\/cdnoticias.com\/index.php\/wp-json\/wp\/v2\/posts\/168710\/revisions"}],"wp:featuredmedia":[{"embeddable":true,"href":"https:\/\/cdnoticias.com\/index.php\/wp-json\/wp\/v2\/media\/166552"}],"wp:attachment":[{"href":"https:\/\/cdnoticias.com\/index.php\/wp-json\/wp\/v2\/media?parent=168710"}],"wp:term":[{"taxonomy":"category","embeddable":true,"href":"https:\/\/cdnoticias.com\/index.php\/wp-json\/wp\/v2\/categories?post=168710"},{"taxonomy":"post_tag","embeddable":true,"href":"https:\/\/cdnoticias.com\/index.php\/wp-json\/wp\/v2\/tags?post=168710"}],"curies":[{"name":"wp","href":"https:\/\/api.w.org\/{rel}","templated":true}]}}