{"id":16871,"date":"2021-03-22T17:08:32","date_gmt":"2021-03-22T20:08:32","guid":{"rendered":"http:\/\/www.centraldenoticias.com.ar\/?p=16871"},"modified":"2021-03-22T19:02:00","modified_gmt":"2021-03-22T22:02:00","slug":"invertiran-mas-de-16-millones-de-pesos-en-obras-para-la-escuela-media-no-7","status":"publish","type":"post","link":"https:\/\/cdnoticias.com\/index.php\/2021\/03\/22\/invertiran-mas-de-16-millones-de-pesos-en-obras-para-la-escuela-media-no-7\/","title":{"rendered":"Invertir\u00e1n m\u00e1s de 16 millones de pesos en obras para la Escuela Media N\u00ba 7"},"content":{"rendered":"<p>Se realiz\u00f3 este lunes la apertura de la licitaci\u00f3n p\u00fablica para las obras en la escuela ubicada en Dorrego y De\u00e1n Funes de nuestra ciudad.<!--more--><\/p>\n<hr \/>\n<p>En la ma\u00f1ana de este lunes se realiz\u00f3 apertura de la licitaci\u00f3n p\u00fablica para llevar adelante importantes obras en la Escuela Media N\u00ba 7 de nuestra ciudad, ubicada en calle Dorrego y De\u00e1n Funes. <strong>Se trata de una inversi\u00f3n de m\u00e1s de 16 millones de pesos, con recursos provenientes del Fondo de Infraestructura Escolar.<\/strong><\/p>\n<p>&nbsp;<\/p>\n<p><strong>La apertura de la licitaci\u00f3n cont\u00f3 con la participaci\u00f3n del secretario de Mantenimiento y Obras P\u00fablicas de la Municipalidad Julio Ferraro, la directora de Licitaciones Pilar Ciardelli y los representantes de las empresas oferente<\/strong>s. Se presentaron dos ofertas, en primer lugar la empresa Vigas y Bloques S.R.L. cotiz\u00f3 la suma de 16.100.000 pesos, mientras que la firma Pecma estim\u00f3 un c\u00e1lculo de 19.242.481,50 pesos. El presupuesto oficial fue fijado en\u00a0 16.244.410 pesos.<\/p>\n<p>&nbsp;<\/p>\n<p>Desde Obras P\u00fablicas de la Municipalidad se indic\u00f3 que <strong>en esta primera etapa de intervenci\u00f3n se trabajar\u00e1 en el \u00e1rea administrativa del establecimiento, con la construcci\u00f3n de un hall de acceso, tres oficinas administrativas, una sala de profesores y un pasillo de circulaci\u00f3n.<\/strong><\/p>\n<p>&nbsp;<\/p>\n<blockquote><p>El plan comprende la reforma interior y la\u00a0 puesta en valor del edificio, la construcci\u00f3n de cuatro aulas, sanitarios, oficinas administrativas y sala de profesores.<\/p><\/blockquote>\n<p>&nbsp;<\/p>\n<p>El plan contempla la construcci\u00f3n de un nuevo sector con cuatro aulas, que se conectar\u00e1 al edificio antes mencionado mediante un pasillo, con acceso independiente desde la vereda.\u00a0 Adem\u00e1s como apoyo al sector administrativo, <strong>se prev\u00e9 la construcci\u00f3n de una bater\u00eda de\u00a0 sanitarios para profesores y para personas con capacidades diferentes.<\/strong><\/p>\n<p>&nbsp;<\/p>\n<p><strong>Sobre calle Dorrego, un sector del muro de cerramiento sobre l\u00ednea municipal ser\u00e1 demolido, se realizar\u00e1 la provisi\u00f3n y colaci\u00f3n de rejas similares y el reemplazo del port\u00f3n<\/strong>. Tambi\u00e9n se reorganizar\u00e1n los caminos que conforman los solados de acceso y circulaci\u00f3n del patio, seg\u00fan la nueva disposici\u00f3n de las edificaciones.<\/p>\n<p>&nbsp;<\/p>\n<p>Debido a que el establecimiento cuenta con \u00e1rboles a\u00f1osos, y sus ra\u00edces afectan la infraestructura edilicia, se realizar\u00e1n los trabajos de poda, extracci\u00f3n, cortes y tratamientos de ra\u00edces antes de realizar las obras. <strong>Estas reformas abarcan todos los trabajos de alba\u00f1iler\u00eda, cambio de pisos, mamposter\u00eda, revestimiento, cielorrasos, cubierta, carpinter\u00eda, pintura y las instalaciones sanitaria, gas y el\u00e9ctrica.<\/strong><\/p>\n","protected":false},"excerpt":{"rendered":"<p>Se realiz\u00f3 este lunes la apertura de la licitaci\u00f3n p\u00fablica para las obras en la escuela ubicada en Dorrego y<\/p>\n","protected":false},"author":3,"featured_media":16872,"comment_status":"closed","ping_status":"closed","sticky":false,"template":"","format":"standard","meta":{"_jetpack_memberships_contains_paid_content":false,"footnotes":""},"categories":[5],"tags":[],"class_list":["post-16871","post","type-post","status-publish","format-standard","has-post-thumbnail","hentry","category-informacion-general"],"jetpack_featured_media_url":"https:\/\/i0.wp.com\/cdnoticias.com\/wp-content\/uploads\/2021\/03\/Licitaciones-Escuela-Media-N%C2%B07-Reformas-1024x685.jpg?fit=1024%2C685&ssl=1","jetpack_sharing_enabled":true,"_links":{"self":[{"href":"https:\/\/cdnoticias.com\/index.php\/wp-json\/wp\/v2\/posts\/16871","targetHints":{"allow":["GET"]}}],"collection":[{"href":"https:\/\/cdnoticias.com\/index.php\/wp-json\/wp\/v2\/posts"}],"about":[{"href":"https:\/\/cdnoticias.com\/index.php\/wp-json\/wp\/v2\/types\/post"}],"author":[{"embeddable":true,"href":"https:\/\/cdnoticias.com\/index.php\/wp-json\/wp\/v2\/users\/3"}],"replies":[{"embeddable":true,"href":"https:\/\/cdnoticias.com\/index.php\/wp-json\/wp\/v2\/comments?post=16871"}],"version-history":[{"count":0,"href":"https:\/\/cdnoticias.com\/index.php\/wp-json\/wp\/v2\/posts\/16871\/revisions"}],"wp:featuredmedia":[{"embeddable":true,"href":"https:\/\/cdnoticias.com\/index.php\/wp-json\/wp\/v2\/media\/16872"}],"wp:attachment":[{"href":"https:\/\/cdnoticias.com\/index.php\/wp-json\/wp\/v2\/media?parent=16871"}],"wp:term":[{"taxonomy":"category","embeddable":true,"href":"https:\/\/cdnoticias.com\/index.php\/wp-json\/wp\/v2\/categories?post=16871"},{"taxonomy":"post_tag","embeddable":true,"href":"https:\/\/cdnoticias.com\/index.php\/wp-json\/wp\/v2\/tags?post=16871"}],"curies":[{"name":"wp","href":"https:\/\/api.w.org\/{rel}","templated":true}]}}