{"id":16869,"date":"2021-03-22T16:28:01","date_gmt":"2021-03-22T19:28:01","guid":{"rendered":"http:\/\/www.centraldenoticias.com.ar\/?p=16869"},"modified":"2021-03-22T16:43:15","modified_gmt":"2021-03-22T19:43:15","slug":"con-154-testeos-confirman-30-nuevos-casos-de-covid-en-la-ciudad","status":"publish","type":"post","link":"https:\/\/cdnoticias.com\/index.php\/2021\/03\/22\/con-154-testeos-confirman-30-nuevos-casos-de-covid-en-la-ciudad\/","title":{"rendered":"Con 154 testeos, confirman 30 nuevos casos de COVID en la ciudad"},"content":{"rendered":"<p>As\u00ed fue informado por la Secretar\u00eda de Salud municipal. En paralelo, tambi\u00e9n 30 pacientes recibieron el alta.<!--more--><\/p>\n<hr \/>\n<p>Este lunes,<strong> tras una importante cantidad de hisopados realizados y analizados, se confirmaron 30 nuevos casos de COVID en la ciudad.<\/strong><\/p>\n<p>&nbsp;<\/p>\n<p>Cabe se\u00f1alar que se realizaron 154 testeos, y se descartaron 124.<strong> A su vez, otros 30 pacientes fueron dados de alta por lo que los casos activos contin\u00faan igual que el s\u00e1bado pasado, con 201 personas transitando la enfermedad.<\/strong><\/p>\n<p>&nbsp;<\/p>\n<p><img data-recalc-dims=\"1\" loading=\"lazy\" decoding=\"async\" class=\"alignnone size-large wp-image-16874\" src=\"https:\/\/i0.wp.com\/cdnoticias.com\/wp-content\/uploads\/2021\/03\/parte-15.jpg?resize=800%2C405&#038;ssl=1\" alt=\"\" width=\"800\" height=\"405\" srcset=\"https:\/\/i0.wp.com\/cdnoticias.com\/wp-content\/uploads\/2021\/03\/parte-15.jpg?resize=1024%2C519&amp;ssl=1 1024w, https:\/\/i0.wp.com\/cdnoticias.com\/wp-content\/uploads\/2021\/03\/parte-15.jpg?resize=300%2C152&amp;ssl=1 300w, https:\/\/i0.wp.com\/cdnoticias.com\/wp-content\/uploads\/2021\/03\/parte-15.jpg?resize=768%2C389&amp;ssl=1 768w, https:\/\/i0.wp.com\/cdnoticias.com\/wp-content\/uploads\/2021\/03\/parte-15.jpg?w=1214&amp;ssl=1 1214w\" sizes=\"auto, (max-width: 800px) 100vw, 800px\" \/><\/p>\n<p>&nbsp;<\/p>\n<p>Desde el \u00e1rea de Salud explicaron que<strong> los positivos de hoy corresponden a nexos con positivos anteriores. De los 30 casos de hoy, uno corresponde al RTA Pedi\u00e1trico que se desarrolla diariamente.<\/strong><\/p>\n<p>&nbsp;<\/p>\n<p><img data-recalc-dims=\"1\" loading=\"lazy\" decoding=\"async\" class=\"alignnone size-full wp-image-16863\" src=\"https:\/\/i0.wp.com\/cdnoticias.com\/wp-content\/uploads\/2021\/03\/parte03-1.jpg?resize=800%2C443&#038;ssl=1\" alt=\"\" width=\"800\" height=\"443\" srcset=\"https:\/\/i0.wp.com\/cdnoticias.com\/wp-content\/uploads\/2021\/03\/parte03-1.jpg?w=1099&amp;ssl=1 1099w, https:\/\/i0.wp.com\/cdnoticias.com\/wp-content\/uploads\/2021\/03\/parte03-1.jpg?resize=300%2C166&amp;ssl=1 300w, https:\/\/i0.wp.com\/cdnoticias.com\/wp-content\/uploads\/2021\/03\/parte03-1.jpg?resize=768%2C426&amp;ssl=1 768w, https:\/\/i0.wp.com\/cdnoticias.com\/wp-content\/uploads\/2021\/03\/parte03-1.jpg?resize=1024%2C567&amp;ssl=1 1024w\" sizes=\"auto, (max-width: 800px) 100vw, 800px\" \/><\/p>\n<p>&nbsp;<\/p>\n<p>En materia de ocupaci\u00f3n hospitalaria, <strong>la cifra de pacientes en Terapia Intensiva se increment\u00f3 a tres personas, y diez en Cl\u00ednica COVID o sala de Cuidados Generales.<\/strong><\/p>\n<p>&nbsp;<\/p>\n<p>En este sentido, desde la Secretar\u00eda de Salud Municipal aseguraron que<strong> el 86% de los casos positivos corresponden a personas con menos de 60 a\u00f1os<\/strong> y el 14% a mayores de 60 a\u00f1os.<\/p>\n","protected":false},"excerpt":{"rendered":"<p>As\u00ed fue informado por la Secretar\u00eda de Salud municipal. En paralelo, tambi\u00e9n 30 pacientes recibieron el alta.<\/p>\n","protected":false},"author":2,"featured_media":12846,"comment_status":"closed","ping_status":"closed","sticky":false,"template":"","format":"standard","meta":{"_jetpack_memberships_contains_paid_content":false,"footnotes":""},"categories":[5,1],"tags":[],"class_list":["post-16869","post","type-post","status-publish","format-standard","has-post-thumbnail","hentry","category-informacion-general","category-portada"],"jetpack_featured_media_url":"https:\/\/i0.wp.com\/cdnoticias.com\/wp-content\/uploads\/2021\/02\/rta-hisopados.jpg?fit=1140%2C660&ssl=1","jetpack_sharing_enabled":true,"_links":{"self":[{"href":"https:\/\/cdnoticias.com\/index.php\/wp-json\/wp\/v2\/posts\/16869","targetHints":{"allow":["GET"]}}],"collection":[{"href":"https:\/\/cdnoticias.com\/index.php\/wp-json\/wp\/v2\/posts"}],"about":[{"href":"https:\/\/cdnoticias.com\/index.php\/wp-json\/wp\/v2\/types\/post"}],"author":[{"embeddable":true,"href":"https:\/\/cdnoticias.com\/index.php\/wp-json\/wp\/v2\/users\/2"}],"replies":[{"embeddable":true,"href":"https:\/\/cdnoticias.com\/index.php\/wp-json\/wp\/v2\/comments?post=16869"}],"version-history":[{"count":0,"href":"https:\/\/cdnoticias.com\/index.php\/wp-json\/wp\/v2\/posts\/16869\/revisions"}],"wp:featuredmedia":[{"embeddable":true,"href":"https:\/\/cdnoticias.com\/index.php\/wp-json\/wp\/v2\/media\/12846"}],"wp:attachment":[{"href":"https:\/\/cdnoticias.com\/index.php\/wp-json\/wp\/v2\/media?parent=16869"}],"wp:term":[{"taxonomy":"category","embeddable":true,"href":"https:\/\/cdnoticias.com\/index.php\/wp-json\/wp\/v2\/categories?post=16869"},{"taxonomy":"post_tag","embeddable":true,"href":"https:\/\/cdnoticias.com\/index.php\/wp-json\/wp\/v2\/tags?post=16869"}],"curies":[{"name":"wp","href":"https:\/\/api.w.org\/{rel}","templated":true}]}}