{"id":168622,"date":"2025-04-10T10:53:14","date_gmt":"2025-04-10T13:53:14","guid":{"rendered":"https:\/\/cdnoticias.com\/?p=168622"},"modified":"2025-04-10T10:53:15","modified_gmt":"2025-04-10T13:53:15","slug":"alianza-francesa-regresa-el-ciclo-de-proyecciones-de-cine-frances","status":"publish","type":"post","link":"https:\/\/cdnoticias.com\/index.php\/2025\/04\/10\/alianza-francesa-regresa-el-ciclo-de-proyecciones-de-cine-frances\/","title":{"rendered":"Alianza Francesa: regresa el ciclo de proyecciones de cine franc\u00e9s\u00a0"},"content":{"rendered":"\n<p>Este viernes 11 de abril se proyectar\u00e1 \u201cLos Peores\u201d. La entrada tiene un valor de $4000 pesos.<\/p>\n\n\n\n<hr class=\"wp-block-separator aligncenter has-alpha-channel-opacity\"\/>\n\n\n\n<p>Este <strong>viernes 11 de abril,<\/strong> la Alianza Francesa regresa con el <em>ciclo de proyecciones de cine franc\u00e9s.\u00a0<\/em><\/p>\n\n\n\n<p><\/p>\n\n\n\n<p>En esta ocasi\u00f3n <strong>se proyectar\u00e1 \u201cLos Peores\u201d (2022) un drama franc\u00e9s <\/strong>de 96 minutos, premiado en el Festival de Cannes 2022 y con<strong> m\u00e1s de 13 nominaciones a premios internacionales.<\/strong><\/p>\n\n\n\n<p><\/p>\n\n\n\n<blockquote class=\"wp-block-quote is-layout-flow wp-block-quote-is-layout-flow\">\n<p>La funci\u00f3n se realizar\u00e1 a las 20:30 horas, en Dorrego 3161 con el apoyo del Instituto Franc\u00e9s y la Embajada de Francia.<\/p>\n<\/blockquote>\n\n\n\n<p><\/p>\n\n\n\n<p>Sinopsis:&nbsp; Un rodaje cinematogr\u00e1fico va a comenzar en la barriada Picasso, en Boulogne-Sur-Mer, al norte de Francia. Durante el casting, cuatro ni\u00f1os y adolescentes (Lily, Ryan, Maylis y Jessy) son elegidos para participar en la pel\u00edcula. En el barrio todos se sorprenden: \u00bfpor qu\u00e9 escoger s\u00f3lo a &#8220;los peores&#8221;?&nbsp;<\/p>\n\n\n\n<p><\/p>\n\n\n\n<p>La entrada colaboraci\u00f3n es de $3000 pesos para socios y $4000 para no socios.<\/p>\n","protected":false},"excerpt":{"rendered":"<p>Este viernes 11 de abril se proyectar\u00e1 \u201cLos Peores\u201d. La entrada tiene un valor de $4000 pesos. Este viernes 11<\/p>\n","protected":false},"author":6,"featured_media":79858,"comment_status":"closed","ping_status":"closed","sticky":false,"template":"","format":"standard","meta":{"_jetpack_memberships_contains_paid_content":false,"footnotes":""},"categories":[9,1],"tags":[],"class_list":["post-168622","post","type-post","status-publish","format-standard","has-post-thumbnail","hentry","category-cultura","category-portada"],"jetpack_featured_media_url":"https:\/\/i0.wp.com\/cdnoticias.com\/wp-content\/uploads\/2023\/03\/alianza-francesa-00.jpg?fit=800%2C445&ssl=1","jetpack_sharing_enabled":true,"_links":{"self":[{"href":"https:\/\/cdnoticias.com\/index.php\/wp-json\/wp\/v2\/posts\/168622","targetHints":{"allow":["GET"]}}],"collection":[{"href":"https:\/\/cdnoticias.com\/index.php\/wp-json\/wp\/v2\/posts"}],"about":[{"href":"https:\/\/cdnoticias.com\/index.php\/wp-json\/wp\/v2\/types\/post"}],"author":[{"embeddable":true,"href":"https:\/\/cdnoticias.com\/index.php\/wp-json\/wp\/v2\/users\/6"}],"replies":[{"embeddable":true,"href":"https:\/\/cdnoticias.com\/index.php\/wp-json\/wp\/v2\/comments?post=168622"}],"version-history":[{"count":0,"href":"https:\/\/cdnoticias.com\/index.php\/wp-json\/wp\/v2\/posts\/168622\/revisions"}],"wp:featuredmedia":[{"embeddable":true,"href":"https:\/\/cdnoticias.com\/index.php\/wp-json\/wp\/v2\/media\/79858"}],"wp:attachment":[{"href":"https:\/\/cdnoticias.com\/index.php\/wp-json\/wp\/v2\/media?parent=168622"}],"wp:term":[{"taxonomy":"category","embeddable":true,"href":"https:\/\/cdnoticias.com\/index.php\/wp-json\/wp\/v2\/categories?post=168622"},{"taxonomy":"post_tag","embeddable":true,"href":"https:\/\/cdnoticias.com\/index.php\/wp-json\/wp\/v2\/tags?post=168622"}],"curies":[{"name":"wp","href":"https:\/\/api.w.org\/{rel}","templated":true}]}}