{"id":16862,"date":"2021-03-22T16:17:54","date_gmt":"2021-03-22T19:17:54","guid":{"rendered":"http:\/\/www.centraldenoticias.com.ar\/?p=16862"},"modified":"2021-03-22T17:16:14","modified_gmt":"2021-03-22T20:16:14","slug":"emergencia-sanitaria-la-semana-comenzo-con-el-fallecimiento-de-una-mujer-por-covid","status":"publish","type":"post","link":"https:\/\/cdnoticias.com\/index.php\/2021\/03\/22\/emergencia-sanitaria-la-semana-comenzo-con-el-fallecimiento-de-una-mujer-por-covid\/","title":{"rendered":"Emergencia Sanitaria: la semana comenz\u00f3 con el fallecimiento de una mujer por COVID"},"content":{"rendered":"<p>Ten\u00eda 66 a\u00f1os. Desde el inicio de la pandemia, son 128 las v\u00edctimas producto de esta enfermedad.\u00a0<!--more--><\/p>\n<hr \/>\n<p>En el inicio de la semana,<strong> el Municipio inform\u00f3 el lamentable fallecimiento de una mujer de 66 a\u00f1os por COVID en el Hospital Municipal.<\/strong><\/p>\n<p>&nbsp;<\/p>\n<p><img data-recalc-dims=\"1\" loading=\"lazy\" decoding=\"async\" class=\"alignnone size-full wp-image-16864\" src=\"https:\/\/i0.wp.com\/cdnoticias.com\/wp-content\/uploads\/2021\/03\/parte02-12.jpg?resize=800%2C404&#038;ssl=1\" alt=\"\" width=\"800\" height=\"404\" srcset=\"https:\/\/i0.wp.com\/cdnoticias.com\/wp-content\/uploads\/2021\/03\/parte02-12.jpg?w=1207&amp;ssl=1 1207w, https:\/\/i0.wp.com\/cdnoticias.com\/wp-content\/uploads\/2021\/03\/parte02-12.jpg?resize=300%2C151&amp;ssl=1 300w, https:\/\/i0.wp.com\/cdnoticias.com\/wp-content\/uploads\/2021\/03\/parte02-12.jpg?resize=768%2C387&amp;ssl=1 768w, https:\/\/i0.wp.com\/cdnoticias.com\/wp-content\/uploads\/2021\/03\/parte02-12.jpg?resize=1024%2C517&amp;ssl=1 1024w\" sizes=\"auto, (max-width: 800px) 100vw, 800px\" \/><\/p>\n<p>&nbsp;<\/p>\n<p>Seg\u00fan especificaron en el parte de esta jornada, <strong>estaba internada en el centro de salud local y, adem\u00e1s, presentaba comorbilidades previas.<\/strong><\/p>\n<p>&nbsp;<\/p>\n<blockquote><p>La mujer se convirti\u00f3 en la v\u00edctima n\u00famero 128 de esta enfermedad que lleva m\u00e1s de un a\u00f1o declarada como pandemia.<\/p><\/blockquote>\n<p>&nbsp;<\/p>\n<p>El intendente Ezequiel Galli y la Municipalidad de Olavarr\u00eda enviaron condolencias a los familiares y amigos de la persona fallecida.<\/p>\n","protected":false},"excerpt":{"rendered":"<p>Ten\u00eda 66 a\u00f1os. Desde el inicio de la pandemia, son 128 las v\u00edctimas producto de esta enfermedad.\u00a0<\/p>\n","protected":false},"author":2,"featured_media":1549,"comment_status":"closed","ping_status":"closed","sticky":false,"template":"","format":"standard","meta":{"_jetpack_memberships_contains_paid_content":false,"footnotes":""},"categories":[5,1],"tags":[],"class_list":["post-16862","post","type-post","status-publish","format-standard","has-post-thumbnail","hentry","category-informacion-general","category-portada"],"jetpack_featured_media_url":"https:\/\/i0.wp.com\/cdnoticias.com\/wp-content\/uploads\/2020\/09\/HospitalMunicipal04.jpg?fit=4608%2C3072&ssl=1","jetpack_sharing_enabled":true,"_links":{"self":[{"href":"https:\/\/cdnoticias.com\/index.php\/wp-json\/wp\/v2\/posts\/16862","targetHints":{"allow":["GET"]}}],"collection":[{"href":"https:\/\/cdnoticias.com\/index.php\/wp-json\/wp\/v2\/posts"}],"about":[{"href":"https:\/\/cdnoticias.com\/index.php\/wp-json\/wp\/v2\/types\/post"}],"author":[{"embeddable":true,"href":"https:\/\/cdnoticias.com\/index.php\/wp-json\/wp\/v2\/users\/2"}],"replies":[{"embeddable":true,"href":"https:\/\/cdnoticias.com\/index.php\/wp-json\/wp\/v2\/comments?post=16862"}],"version-history":[{"count":0,"href":"https:\/\/cdnoticias.com\/index.php\/wp-json\/wp\/v2\/posts\/16862\/revisions"}],"wp:featuredmedia":[{"embeddable":true,"href":"https:\/\/cdnoticias.com\/index.php\/wp-json\/wp\/v2\/media\/1549"}],"wp:attachment":[{"href":"https:\/\/cdnoticias.com\/index.php\/wp-json\/wp\/v2\/media?parent=16862"}],"wp:term":[{"taxonomy":"category","embeddable":true,"href":"https:\/\/cdnoticias.com\/index.php\/wp-json\/wp\/v2\/categories?post=16862"},{"taxonomy":"post_tag","embeddable":true,"href":"https:\/\/cdnoticias.com\/index.php\/wp-json\/wp\/v2\/tags?post=16862"}],"curies":[{"name":"wp","href":"https:\/\/api.w.org\/{rel}","templated":true}]}}