{"id":168619,"date":"2025-04-14T17:06:24","date_gmt":"2025-04-14T20:06:24","guid":{"rendered":"https:\/\/cdnoticias.com\/?p=168619"},"modified":"2025-04-14T17:06:26","modified_gmt":"2025-04-14T20:06:26","slug":"la-facultad-de-ciencias-sociales-dictara-un-curso-de-sistema-braille","status":"publish","type":"post","link":"https:\/\/cdnoticias.com\/index.php\/2025\/04\/14\/la-facultad-de-ciencias-sociales-dictara-un-curso-de-sistema-braille\/","title":{"rendered":"La Facultad de Ciencias Sociales dictar\u00e1 un curso de sistema Braille\u00a0"},"content":{"rendered":"\n<p>Ser\u00e1 a partir del jueves 24 de abril con modalidad presencial a cargo de la Licenciada Milagros Agustina Brisa.<\/p>\n\n\n\n<hr class=\"wp-block-separator aligncenter has-alpha-channel-opacity\"\/>\n\n\n\n<p>El Laboratorio de Idiomas de la Facultad de Ciencias Sociales <strong>abri\u00f3 la inscripci\u00f3n al curso de Sistema Braille<\/strong>, el cual se extender\u00e1 a lo largo de<strong> ocho encuentros, <\/strong>con <strong>modalidad presencial <\/strong>en el<strong> Complejo Universitario Olavarr\u00eda, <\/strong>avenida Del Valle 5737.<\/p>\n\n\n\n<p><\/p>\n\n\n\n<blockquote class=\"wp-block-quote is-layout-flow wp-block-quote-is-layout-flow\">\n<p>El taller dar\u00e1 inicio el jueves 24 de abril desde las 17:30 a las 19:30 horas a cargo de la Licenciada Milagros Agustina Brisa.<\/p>\n<\/blockquote>\n\n\n\n<p><\/p>\n\n\n\n<p>En este curso se brindar\u00e1n conocimientos en torno al sistema de lectoescritura Braille, una herramienta sumamente \u00fatil que puede utilizarse en diferentes soportes e \u00edndoles de la vida cotidiana, tales como: materiales de lectura, se\u00f1alizaci\u00f3n de espacios urbanos y se\u00f1al\u00e9tica en espacios interiores.<\/p>\n\n\n\n<p><\/p>\n\n\n\n<p>La propuesta est\u00e1 <strong>destinada a personal del sistema educativo<\/strong> (docentes, miembros de equipos de orientaci\u00f3n, equipos de gesti\u00f3n), <strong>agentes del estado que trabajen en \u00e1reas de discapacidad y p\u00fablico en general.<\/strong> Para m\u00e1s informaci\u00f3n, <a href=\"https:\/\/www.soc.unicen.edu.ar\/index.php\/noticias\/5860-sociales-dictara-un-curso-de-sistema-braille\" target=\"_blank\" rel=\"noreferrer noopener\">ingresar en el siguiente link. <\/a><\/p>\n\n\n\n<p><\/p>\n","protected":false},"excerpt":{"rendered":"<p>Ser\u00e1 a partir del jueves 24 de abril con modalidad presencial a cargo de la Licenciada Milagros Agustina Brisa. El<\/p>\n","protected":false},"author":6,"featured_media":168620,"comment_status":"closed","ping_status":"closed","sticky":false,"template":"","format":"standard","meta":{"_jetpack_memberships_contains_paid_content":false,"footnotes":""},"categories":[5,1],"tags":[],"class_list":["post-168619","post","type-post","status-publish","format-standard","has-post-thumbnail","hentry","category-informacion-general","category-portada"],"jetpack_featured_media_url":"https:\/\/i0.wp.com\/cdnoticias.com\/wp-content\/uploads\/2025\/04\/sistema-braille.png?fit=887%2C517&ssl=1","jetpack_sharing_enabled":true,"_links":{"self":[{"href":"https:\/\/cdnoticias.com\/index.php\/wp-json\/wp\/v2\/posts\/168619","targetHints":{"allow":["GET"]}}],"collection":[{"href":"https:\/\/cdnoticias.com\/index.php\/wp-json\/wp\/v2\/posts"}],"about":[{"href":"https:\/\/cdnoticias.com\/index.php\/wp-json\/wp\/v2\/types\/post"}],"author":[{"embeddable":true,"href":"https:\/\/cdnoticias.com\/index.php\/wp-json\/wp\/v2\/users\/6"}],"replies":[{"embeddable":true,"href":"https:\/\/cdnoticias.com\/index.php\/wp-json\/wp\/v2\/comments?post=168619"}],"version-history":[{"count":0,"href":"https:\/\/cdnoticias.com\/index.php\/wp-json\/wp\/v2\/posts\/168619\/revisions"}],"wp:featuredmedia":[{"embeddable":true,"href":"https:\/\/cdnoticias.com\/index.php\/wp-json\/wp\/v2\/media\/168620"}],"wp:attachment":[{"href":"https:\/\/cdnoticias.com\/index.php\/wp-json\/wp\/v2\/media?parent=168619"}],"wp:term":[{"taxonomy":"category","embeddable":true,"href":"https:\/\/cdnoticias.com\/index.php\/wp-json\/wp\/v2\/categories?post=168619"},{"taxonomy":"post_tag","embeddable":true,"href":"https:\/\/cdnoticias.com\/index.php\/wp-json\/wp\/v2\/tags?post=168619"}],"curies":[{"name":"wp","href":"https:\/\/api.w.org\/{rel}","templated":true}]}}