{"id":168608,"date":"2025-04-09T19:48:01","date_gmt":"2025-04-09T22:48:01","guid":{"rendered":"https:\/\/cdnoticias.com\/?p=168608"},"modified":"2025-04-09T19:48:03","modified_gmt":"2025-04-09T22:48:03","slug":"mayra-domine-rodrigo-gonzalez-en-olavarria","status":"publish","type":"post","link":"https:\/\/cdnoticias.com\/index.php\/2025\/04\/09\/mayra-domine-rodrigo-gonzalez-en-olavarria\/","title":{"rendered":"Mayra D\u00f3mine &#038; Rodrigo Gonz\u00e1lez, en Olavarr\u00eda"},"content":{"rendered":"<p>El d\u00fao de piano y bater\u00eda se presentar\u00e1n este viernes desde las 21 en Garrison, Coronel Su\u00e1rez 2401.<!--more--><\/p>\n<hr \/>\n<p><strong>Mayra D\u00f3mine y Rodrigo Gonz\u00e1lez actuar\u00e1n en Olavarr\u00eda<\/strong>. El d\u00fao de piano y bater\u00eda se presentar\u00e1n<strong> este viernes desde las 21 en Garrison, Coronel Su\u00e1rez 2401<\/strong>, con entrada libre.<\/p>\n<p>Mayra y Rodrigo proponen una<strong> fusi\u00f3n que combina influencias de jazz , rock, world music<\/strong>, entre otros. Las composiciones equilibran de manera destacada lo mel\u00f3dico y lo r\u00edtmico, explorando r\u00edtmicas irregulares, polirritmias y momentos de improvisaci\u00f3n.<\/p>\n<p>En 2021, fueron seleccionados por el INAMU dentro de la convocatoria de Fomento para grabar su primer \u00e1lbum, Almas Inquietas, lanzado en septiembre de 2023, el cual ha recibido buenas cr\u00edticas tanto de la prensa argentina como internacional (\u201cAll About Jazz\u201d EE.UU. ,\u201cUniversos Paralelos\u201d, Espa\u00f1a). Fue elegido para Infobae como uno de los mejores discos de ese a\u00f1o. Adem\u00e1s, fueron reconocidos como el segundo mejor Grupo Revelaci\u00f3n 2023 por la revista especializada El Intruso. En 2024, dos de sus composiciones fueron incorporadas al Real Book Argentina.<\/p>\n<p>El s\u00e1bado 12 de abril a las 21 actuar\u00e1n en La Casa de la Palmera, Paz 1069, en Tandil. Entrada $7000<\/p>\n","protected":false},"excerpt":{"rendered":"<p>El d\u00fao de piano y bater\u00eda se presentar\u00e1n este viernes desde las 21 en Garrison, Coronel Su\u00e1rez 2401.<\/p>\n","protected":false},"author":4,"featured_media":168609,"comment_status":"closed","ping_status":"closed","sticky":false,"template":"","format":"standard","meta":{"_jetpack_memberships_contains_paid_content":false,"footnotes":""},"categories":[9,1],"tags":[],"class_list":["post-168608","post","type-post","status-publish","format-standard","has-post-thumbnail","hentry","category-cultura","category-portada"],"jetpack_featured_media_url":"https:\/\/i0.wp.com\/cdnoticias.com\/wp-content\/uploads\/2025\/04\/Mayra-Domine-Rodrigo-Gonzalez.jpg?fit=1000%2C556&ssl=1","jetpack_sharing_enabled":true,"_links":{"self":[{"href":"https:\/\/cdnoticias.com\/index.php\/wp-json\/wp\/v2\/posts\/168608","targetHints":{"allow":["GET"]}}],"collection":[{"href":"https:\/\/cdnoticias.com\/index.php\/wp-json\/wp\/v2\/posts"}],"about":[{"href":"https:\/\/cdnoticias.com\/index.php\/wp-json\/wp\/v2\/types\/post"}],"author":[{"embeddable":true,"href":"https:\/\/cdnoticias.com\/index.php\/wp-json\/wp\/v2\/users\/4"}],"replies":[{"embeddable":true,"href":"https:\/\/cdnoticias.com\/index.php\/wp-json\/wp\/v2\/comments?post=168608"}],"version-history":[{"count":0,"href":"https:\/\/cdnoticias.com\/index.php\/wp-json\/wp\/v2\/posts\/168608\/revisions"}],"wp:featuredmedia":[{"embeddable":true,"href":"https:\/\/cdnoticias.com\/index.php\/wp-json\/wp\/v2\/media\/168609"}],"wp:attachment":[{"href":"https:\/\/cdnoticias.com\/index.php\/wp-json\/wp\/v2\/media?parent=168608"}],"wp:term":[{"taxonomy":"category","embeddable":true,"href":"https:\/\/cdnoticias.com\/index.php\/wp-json\/wp\/v2\/categories?post=168608"},{"taxonomy":"post_tag","embeddable":true,"href":"https:\/\/cdnoticias.com\/index.php\/wp-json\/wp\/v2\/tags?post=168608"}],"curies":[{"name":"wp","href":"https:\/\/api.w.org\/{rel}","templated":true}]}}