{"id":168605,"date":"2025-04-09T12:51:04","date_gmt":"2025-04-09T15:51:04","guid":{"rendered":"https:\/\/cdnoticias.com\/?p=168605"},"modified":"2025-04-09T15:56:20","modified_gmt":"2025-04-09T18:56:20","slug":"el-partido-obrero-se-suma-a-la-manifestacion-de-los-jubilados","status":"publish","type":"post","link":"https:\/\/cdnoticias.com\/index.php\/2025\/04\/09\/el-partido-obrero-se-suma-a-la-manifestacion-de-los-jubilados\/","title":{"rendered":"El Partido Obrero se suma a la manifestaci\u00f3n de los jubilados"},"content":{"rendered":"<p>Ser\u00e1 este mi\u00e9rcoles a las 17.30 frente a Anses de Olavarr\u00eda. Adem\u00e1s, expresaron adhesi\u00f3n al paro nacional de este jueves.<!--more--><\/p>\n<hr \/>\n<p>El <strong>Partido Obrero de Olavarr\u00eda<\/strong> inform\u00f3 que se suma a la <strong>manifestaci\u00f3n de los jubilados y la adhesi\u00f3n al paro nacional<\/strong> de este jueves convocado por la CGT.<\/p>\n<blockquote><p>\u201cEste mi\u00e9rcoles 9\/4 a las 17.30 en frente a Anses, Rivadavia 2987, acompa\u00f1amos a los jubilados\u201d dio a conocer la agrupaci\u00f3n partidaria que adem\u00e1s convoc\u00f3 a toda la comunidad a sumarse.<\/p><\/blockquote>\n<p><strong>\u201cLos trabajadores tenemos que hacer sentir muy fuerte nuestra voz tambi\u00e9n en Olavarr\u00eda<\/strong>. El paro y la movilizaci\u00f3n tienen que continuar en un plan de lucha regional para derrotar los despidos entre los ceramistas, los estatales y el conjunto de la clase trabajadora olavarriense\u201d sostuvo el Partido Obrero.<\/p>\n<p>En un extenso comunicado en el que se analiza la situaci\u00f3n nacional con cr\u00edticas a las medidas de Javier Milei y al accionar de los sindicatos nucleados en la CGT, tambi\u00e9n se apunt\u00f3 que <strong>\u201cen todo el pa\u00eds han cerrado m\u00e1s de 13.000 empresas.<\/strong> Recientemente, en nuestro municipio<strong> cerr\u00f3 la F\u00e1brica de Bolsas Industriales de Hinojo.<\/strong> En general las patronales aprovechan la par\u00e1lisis de la CGT para reducir salarios, reventar convenios e imponer m\u00e1s flexibilizaci\u00f3n y precarizaci\u00f3n laboral&#8221;.<\/p>\n<blockquote><p>Sigui\u00f3: &#8220;Olavarr\u00eda es un ejemplo de esto con cientos de despidos en la construcci\u00f3n, la miner\u00eda, el casi centenar de despidos en Cerro Negro y las m\u00e1s de 100 familias que quedan en la calle con el cierre de FABI\u201d.<\/p><\/blockquote>\n<p><iframe loading=\"lazy\" src=\"https:\/\/www.facebook.com\/plugins\/post.php?href=https%3A%2F%2Fwww.facebook.com%2FPartidoObreroOlavarria%2Fposts%2Fpfbid031WvBjzQc6GszNJ8TxMnqG8cAiiZyc4NphSMVtxbALwSBP6xGAMkmS4noU7f8AmkRl&#038;show_text=true&#038;width=500\" width=\"500\" height=\"699\" style=\"border:none;overflow:hidden\" scrolling=\"no\" frameborder=\"0\" allowfullscreen=\"true\" allow=\"autoplay; clipboard-write; encrypted-media; picture-in-picture; web-share\"><\/iframe><\/p>\n","protected":false},"excerpt":{"rendered":"<p>Ser\u00e1 este mi\u00e9rcoles a las 17.30 frente a Anses de Olavarr\u00eda. Adem\u00e1s, expresaron adhesi\u00f3n al paro nacional de este jueves.<\/p>\n","protected":false},"author":4,"featured_media":168606,"comment_status":"closed","ping_status":"closed","sticky":false,"template":"","format":"standard","meta":{"_jetpack_memberships_contains_paid_content":false,"footnotes":""},"categories":[4,1],"tags":[],"class_list":["post-168605","post","type-post","status-publish","format-standard","has-post-thumbnail","hentry","category-politica","category-portada"],"jetpack_featured_media_url":"https:\/\/i0.wp.com\/cdnoticias.com\/wp-content\/uploads\/2025\/04\/partido-obrero-00.jpg?fit=1000%2C556&ssl=1","jetpack_sharing_enabled":true,"_links":{"self":[{"href":"https:\/\/cdnoticias.com\/index.php\/wp-json\/wp\/v2\/posts\/168605","targetHints":{"allow":["GET"]}}],"collection":[{"href":"https:\/\/cdnoticias.com\/index.php\/wp-json\/wp\/v2\/posts"}],"about":[{"href":"https:\/\/cdnoticias.com\/index.php\/wp-json\/wp\/v2\/types\/post"}],"author":[{"embeddable":true,"href":"https:\/\/cdnoticias.com\/index.php\/wp-json\/wp\/v2\/users\/4"}],"replies":[{"embeddable":true,"href":"https:\/\/cdnoticias.com\/index.php\/wp-json\/wp\/v2\/comments?post=168605"}],"version-history":[{"count":0,"href":"https:\/\/cdnoticias.com\/index.php\/wp-json\/wp\/v2\/posts\/168605\/revisions"}],"wp:featuredmedia":[{"embeddable":true,"href":"https:\/\/cdnoticias.com\/index.php\/wp-json\/wp\/v2\/media\/168606"}],"wp:attachment":[{"href":"https:\/\/cdnoticias.com\/index.php\/wp-json\/wp\/v2\/media?parent=168605"}],"wp:term":[{"taxonomy":"category","embeddable":true,"href":"https:\/\/cdnoticias.com\/index.php\/wp-json\/wp\/v2\/categories?post=168605"},{"taxonomy":"post_tag","embeddable":true,"href":"https:\/\/cdnoticias.com\/index.php\/wp-json\/wp\/v2\/tags?post=168605"}],"curies":[{"name":"wp","href":"https:\/\/api.w.org\/{rel}","templated":true}]}}