{"id":168602,"date":"2025-04-09T12:27:26","date_gmt":"2025-04-09T15:27:26","guid":{"rendered":"https:\/\/cdnoticias.com\/?p=168602"},"modified":"2025-04-09T17:03:48","modified_gmt":"2025-04-09T20:03:48","slug":"cierre-de-fabi-el-resultado-de-decisiones-politicas-que-erosionan-la-actividad-economica","status":"publish","type":"post","link":"https:\/\/cdnoticias.com\/index.php\/2025\/04\/09\/cierre-de-fabi-el-resultado-de-decisiones-politicas-que-erosionan-la-actividad-economica\/","title":{"rendered":"Cierre de FABI: \u201cel resultado de decisiones pol\u00edticas que erosionan la actividad econ\u00f3mica\u201d"},"content":{"rendered":"<p>La UCR de Olavarr\u00eda y la Juventud Radical de Olavarr\u00eda se\u00f1alaron \u201clas pol\u00edticas nacionales y provinciales que estamos atravesando\u201d. Expresaron preocupaci\u00f3n por el cierre de la empresa.<!--more--><\/p>\n<hr \/>\n<p>Desde la <strong>Uni\u00f3n C\u00edvica Radical y la Juventud Radical de Olavarr\u00eda<\/strong> expresaron <strong>\u201cnuestra preocupaci\u00f3n ante el cierre de la F\u00e1brica de Bolsas Industriales<\/strong>, una medida que dejar\u00e1 a m\u00e1s de 100 familias sin sustento econ\u00f3mico\u201d.<\/p>\n<blockquote><p>\u201cLamentablemente esto es producto de la ca\u00edda de ventas debido a las pol\u00edticas nacionales y provinciales que estamos atravesando, a lo cual, Olavarr\u00eda no es ajena\u201d defini\u00f3 la agrupaci\u00f3n partidaria.<\/p><\/blockquote>\n<p>A su vez, plante\u00f3 que \u201cesto se suma a los <strong>96 empleados de Cerro Negro despedidos<\/strong> y a la <strong>p\u00e9rdida de 200 puestos de trabajo en el sector minero y de canteras<\/strong>, ya sea por despidos, retiros voluntarios o jubilaciones anticipadas que se dieron en estos \u00faltimos meses\u201d.<\/p>\n<p>\u201cLa acumulaci\u00f3n de p\u00e9rdidas de empleo en Olavarr\u00eda<strong> no es una fatalidad inevitable, sino el resultado de decisiones pol\u00edticas que erosionan la actividad econ\u00f3mica<\/strong> y la capacidad de nuestras industrias para prosperar\u201d.<\/p>\n","protected":false},"excerpt":{"rendered":"<p>La UCR de Olavarr\u00eda y la Juventud Radical de Olavarr\u00eda se\u00f1alaron \u201clas pol\u00edticas nacionales y provinciales que estamos atravesando\u201d. Expresaron<\/p>\n","protected":false},"author":4,"featured_media":92136,"comment_status":"closed","ping_status":"closed","sticky":false,"template":"","format":"standard","meta":{"_jetpack_memberships_contains_paid_content":false,"footnotes":""},"categories":[4,1],"tags":[],"class_list":["post-168602","post","type-post","status-publish","format-standard","has-post-thumbnail","hentry","category-politica","category-portada"],"jetpack_featured_media_url":"https:\/\/i0.wp.com\/cdnoticias.com\/wp-content\/uploads\/2023\/08\/ucr-comite2.jpg?fit=1072%2C597&ssl=1","jetpack_sharing_enabled":true,"_links":{"self":[{"href":"https:\/\/cdnoticias.com\/index.php\/wp-json\/wp\/v2\/posts\/168602","targetHints":{"allow":["GET"]}}],"collection":[{"href":"https:\/\/cdnoticias.com\/index.php\/wp-json\/wp\/v2\/posts"}],"about":[{"href":"https:\/\/cdnoticias.com\/index.php\/wp-json\/wp\/v2\/types\/post"}],"author":[{"embeddable":true,"href":"https:\/\/cdnoticias.com\/index.php\/wp-json\/wp\/v2\/users\/4"}],"replies":[{"embeddable":true,"href":"https:\/\/cdnoticias.com\/index.php\/wp-json\/wp\/v2\/comments?post=168602"}],"version-history":[{"count":0,"href":"https:\/\/cdnoticias.com\/index.php\/wp-json\/wp\/v2\/posts\/168602\/revisions"}],"wp:featuredmedia":[{"embeddable":true,"href":"https:\/\/cdnoticias.com\/index.php\/wp-json\/wp\/v2\/media\/92136"}],"wp:attachment":[{"href":"https:\/\/cdnoticias.com\/index.php\/wp-json\/wp\/v2\/media?parent=168602"}],"wp:term":[{"taxonomy":"category","embeddable":true,"href":"https:\/\/cdnoticias.com\/index.php\/wp-json\/wp\/v2\/categories?post=168602"},{"taxonomy":"post_tag","embeddable":true,"href":"https:\/\/cdnoticias.com\/index.php\/wp-json\/wp\/v2\/tags?post=168602"}],"curies":[{"name":"wp","href":"https:\/\/api.w.org\/{rel}","templated":true}]}}