{"id":168581,"date":"2025-04-09T09:57:50","date_gmt":"2025-04-09T12:57:50","guid":{"rendered":"https:\/\/cdnoticias.com\/?p=168581"},"modified":"2025-04-09T12:51:24","modified_gmt":"2025-04-09T15:51:24","slug":"guillermo-lascano-cerraran-empresas-y-abriran-otras","status":"publish","type":"post","link":"https:\/\/cdnoticias.com\/index.php\/2025\/04\/09\/guillermo-lascano-cerraran-empresas-y-abriran-otras\/","title":{"rendered":"Guillermo Lascano: \u201cCerrar\u00e1n empresas y abrir\u00e1n otras\u201d"},"content":{"rendered":"<p>El dirigente de La Libertad Avanza en Olavarr\u00eda habl\u00f3 de \u201cfactores de producci\u00f3n\u201d y \u201cun nuevo modelo\u201d sin mencionar directamente el cierre de FABI.<!--more--><\/p>\n<hr \/>\n<p><strong>A unas 12 horas del cierre de la empresa FABI en Hinojo<\/strong>, con el despido de 100 trabajadores directos, <strong>el dirigente de La Libertad Avanza de Olavarr\u00eda Guillermo Lascano<\/strong> se expres\u00f3 en una red social sobre<strong> \u201cfactores de producci\u00f3n\u201d<\/strong> y <strong>\u201cun nuevo modelo distinto del anterior, a la larga m\u00e1s eficiente<\/strong>\u201d.<\/p>\n<blockquote><p>Sin hacer menci\u00f3n directa de lo sucedido en el plano local, el tambi\u00e9n director de PAMI Olavarr\u00eda afirm\u00f3 \u201ccerrar\u00e1n empresas y abrir\u00e1n otras\u201d.<\/p><\/blockquote>\n<p><em>\u201cEl trabajo &#8211; trabajador &#8211; ir\u00e1 adapt\u00e1ndose a los cambios<\/em>, incorporando nuevas habilidades y\/o moviliz\u00e1ndose al lugar -f\u00edsico- si as\u00ed lo requiere, donde se concrete el exceso de demanda\u201d public\u00f3.<\/p>\n<p>En el cierre, donde plante\u00f3<strong> \u201cla necesidad de Olavarr\u00eda cuente con un m\u00e1ster plan\u201d<\/strong> mencion\u00f3 a <strong>Javier y Karina Milei, y tambi\u00e9n a Federico Sturzenegger y a Sebasti\u00e1n Pareja.<\/strong><\/p>\n<blockquote class=\"twitter-tweet\">\n<p lang=\"es\" dir=\"ltr\">Cerrar\u00e1n empresas y abrir\u00e1n otras. El Capital, recurso siempre escaso, ir\u00e1 de un lado a otro, en b\u00fasqueda de las mejores condiciones&#8230; &quot;optimice su contribuci\u00f3n marginal&quot;&#8230;, siempre de acuerdo a las preferencias del consumidor.<\/p>\n<p>&mdash; GUILLERMO LASCANO (@guillelascano) <a href=\"https:\/\/twitter.com\/guillelascano\/status\/1909736205530308863?ref_src=twsrc%5Etfw\">April 8, 2025<\/a><\/p><\/blockquote>\n<p> <script async src=\"https:\/\/platform.twitter.com\/widgets.js\" charset=\"utf-8\"><\/script><\/p>\n","protected":false},"excerpt":{"rendered":"<p>El dirigente de La Libertad Avanza en Olavarr\u00eda habl\u00f3 de \u201cfactores de producci\u00f3n\u201d y \u201cun nuevo modelo\u201d sin mencionar directamente<\/p>\n","protected":false},"author":4,"featured_media":94881,"comment_status":"closed","ping_status":"closed","sticky":false,"template":"","format":"standard","meta":{"_jetpack_memberships_contains_paid_content":false,"footnotes":""},"categories":[4,1],"tags":[],"class_list":["post-168581","post","type-post","status-publish","format-standard","has-post-thumbnail","hentry","category-politica","category-portada"],"jetpack_featured_media_url":"https:\/\/i0.wp.com\/cdnoticias.com\/wp-content\/uploads\/2023\/08\/guillermo-lascano.jpg?fit=800%2C445&ssl=1","jetpack_sharing_enabled":true,"_links":{"self":[{"href":"https:\/\/cdnoticias.com\/index.php\/wp-json\/wp\/v2\/posts\/168581","targetHints":{"allow":["GET"]}}],"collection":[{"href":"https:\/\/cdnoticias.com\/index.php\/wp-json\/wp\/v2\/posts"}],"about":[{"href":"https:\/\/cdnoticias.com\/index.php\/wp-json\/wp\/v2\/types\/post"}],"author":[{"embeddable":true,"href":"https:\/\/cdnoticias.com\/index.php\/wp-json\/wp\/v2\/users\/4"}],"replies":[{"embeddable":true,"href":"https:\/\/cdnoticias.com\/index.php\/wp-json\/wp\/v2\/comments?post=168581"}],"version-history":[{"count":0,"href":"https:\/\/cdnoticias.com\/index.php\/wp-json\/wp\/v2\/posts\/168581\/revisions"}],"wp:featuredmedia":[{"embeddable":true,"href":"https:\/\/cdnoticias.com\/index.php\/wp-json\/wp\/v2\/media\/94881"}],"wp:attachment":[{"href":"https:\/\/cdnoticias.com\/index.php\/wp-json\/wp\/v2\/media?parent=168581"}],"wp:term":[{"taxonomy":"category","embeddable":true,"href":"https:\/\/cdnoticias.com\/index.php\/wp-json\/wp\/v2\/categories?post=168581"},{"taxonomy":"post_tag","embeddable":true,"href":"https:\/\/cdnoticias.com\/index.php\/wp-json\/wp\/v2\/tags?post=168581"}],"curies":[{"name":"wp","href":"https:\/\/api.w.org\/{rel}","templated":true}]}}