{"id":168577,"date":"2025-04-09T09:20:17","date_gmt":"2025-04-09T12:20:17","guid":{"rendered":"https:\/\/cdnoticias.com\/?p=168577"},"modified":"2025-04-09T09:20:18","modified_gmt":"2025-04-09T12:20:18","slug":"cierre-de-fabi-el-bloque-union-por-la-patria-senalo-aceleracion-del-proceso-de-desindustrializacion","status":"publish","type":"post","link":"https:\/\/cdnoticias.com\/index.php\/2025\/04\/09\/cierre-de-fabi-el-bloque-union-por-la-patria-senalo-aceleracion-del-proceso-de-desindustrializacion\/","title":{"rendered":"Cierre de FABI: el bloque Uni\u00f3n por la Patria se\u00f1al\u00f3 \u201caceleraci\u00f3n del proceso de desindustrializaci\u00f3n\u201d"},"content":{"rendered":"<p>Los concejales expresaron \u201csolidaridad con todos los trabajadores afectados y sus familias\u201d para apuntar a que \u201cel ajuste de Milei golpea a Olavarr\u00eda\u201d.<!--more--><\/p>\n<hr \/>\n<p>El <strong>bloque de concejales de Uni\u00f3n por la Patria<\/strong> se refiri\u00f3 al <strong>cierre de FABI<\/strong> y lament\u00f3 que<strong> \u201cse pierden m\u00e1s de 150 empleos\u201d<\/strong>, en referencia a los 100 empleados de la planta y otros 50 trabajadores indirectos. <strong>\u201cEl ajuste de Milei golpea a Olavarr\u00eda\u201d<\/strong> consider\u00f3.<\/p>\n<blockquote><p>\u201cDesde el bloque Uni\u00f3n por la Patria expresamos nuestra solidaridad con todos los trabajadores afectados y sus familias, y advertimos con preocupaci\u00f3n una aceleraci\u00f3n del proceso de desindustrializaci\u00f3n que comienza a provocar despidos masivos, como el sucedido semanas atr\u00e1s en Cerro Negro\u201d se\u00f1al\u00f3 la bancada que preside Federico Aguilera en el HCD.<\/p><\/blockquote>\n<p>Se remarc\u00f3 que <strong>\u201cFABI era el mayor empleador de Hinojo<\/strong>. Su cierre despu\u00e9s de 65 a\u00f1os de historia implica un duro golpe para la localidad y todo el partido de Olavarr\u00eda\u201d.<\/p>\n<p>Los concejales de Uni\u00f3n por la Patria expusieron que \u201clamentablemente, <strong>los propietarios de la empresa manifestaron su intenci\u00f3n de desmantelar completamente la f\u00e1brica<\/strong> y trasladar las maquinarias a Chile, pa\u00eds de origen del holding papelero y forestal CPMC. Este grupo empresario que est\u00e1 entre los m\u00e1s importantes de Chile <strong>decidi\u00f3 abandonar Argentina<\/strong> ante la ca\u00edda de las ventas y la flexibilizaci\u00f3n importadora que los alienta a producir en otras plantas que el holding posee en Sudam\u00e9rica\u201d.<\/p>\n<p>Finalmente, definieron que \u201cel cierre de FABI en Hinojo es una nueva <strong>demostraci\u00f3n del efecto devastador que tienen sobre la industria nacional y el empleo de calidad las pol\u00edticas llevadas a cabo por el gobierno de Javier Milei<\/strong>, siguiendo las recetas del neoliberalismo que ya fracasaron en nuestro pa\u00eds en muchas oportunidades\u201d.<\/p>\n","protected":false},"excerpt":{"rendered":"<p>Los concejales expresaron \u201csolidaridad con todos los trabajadores afectados y sus familias\u201d para apuntar a que \u201cel ajuste de Milei<\/p>\n","protected":false},"author":4,"featured_media":166540,"comment_status":"closed","ping_status":"closed","sticky":false,"template":"","format":"standard","meta":{"_jetpack_memberships_contains_paid_content":false,"footnotes":""},"categories":[4,1],"tags":[],"class_list":["post-168577","post","type-post","status-publish","format-standard","has-post-thumbnail","hentry","category-politica","category-portada"],"jetpack_featured_media_url":"https:\/\/i0.wp.com\/cdnoticias.com\/wp-content\/uploads\/2025\/03\/HCD-bloque-union-por-la-patria.jpg?fit=1000%2C556&ssl=1","jetpack_sharing_enabled":true,"_links":{"self":[{"href":"https:\/\/cdnoticias.com\/index.php\/wp-json\/wp\/v2\/posts\/168577","targetHints":{"allow":["GET"]}}],"collection":[{"href":"https:\/\/cdnoticias.com\/index.php\/wp-json\/wp\/v2\/posts"}],"about":[{"href":"https:\/\/cdnoticias.com\/index.php\/wp-json\/wp\/v2\/types\/post"}],"author":[{"embeddable":true,"href":"https:\/\/cdnoticias.com\/index.php\/wp-json\/wp\/v2\/users\/4"}],"replies":[{"embeddable":true,"href":"https:\/\/cdnoticias.com\/index.php\/wp-json\/wp\/v2\/comments?post=168577"}],"version-history":[{"count":0,"href":"https:\/\/cdnoticias.com\/index.php\/wp-json\/wp\/v2\/posts\/168577\/revisions"}],"wp:featuredmedia":[{"embeddable":true,"href":"https:\/\/cdnoticias.com\/index.php\/wp-json\/wp\/v2\/media\/166540"}],"wp:attachment":[{"href":"https:\/\/cdnoticias.com\/index.php\/wp-json\/wp\/v2\/media?parent=168577"}],"wp:term":[{"taxonomy":"category","embeddable":true,"href":"https:\/\/cdnoticias.com\/index.php\/wp-json\/wp\/v2\/categories?post=168577"},{"taxonomy":"post_tag","embeddable":true,"href":"https:\/\/cdnoticias.com\/index.php\/wp-json\/wp\/v2\/tags?post=168577"}],"curies":[{"name":"wp","href":"https:\/\/api.w.org\/{rel}","templated":true}]}}