{"id":168572,"date":"2025-04-09T08:49:03","date_gmt":"2025-04-09T11:49:03","guid":{"rendered":"https:\/\/cdnoticias.com\/?p=168572"},"modified":"2025-04-09T08:49:05","modified_gmt":"2025-04-09T11:49:05","slug":"tenia-pedido-de-captura-y-lo-encontraron-en-el-parque-helios-eseverri","status":"publish","type":"post","link":"https:\/\/cdnoticias.com\/index.php\/2025\/04\/09\/tenia-pedido-de-captura-y-lo-encontraron-en-el-parque-helios-eseverri\/","title":{"rendered":"Ten\u00eda pedido de captura y lo encontraron en el Parque Helios Eseverri"},"content":{"rendered":"<p>Es un hombre de 44 a\u00f1os imputado por \u201cencubrimiento\u201d y \u201cportaci\u00f3n ilegal de arma de fuego\u201d.<!--more--><\/p>\n<hr \/>\n<p>Este martes fue <strong>arrestado un hombre de 44 a\u00f1os<\/strong> para quien se hab\u00eda <strong>emitido una orden de captura<\/strong>. Personal de <strong>Polic\u00eda Local<\/strong> dio con el buscado <strong>en el Parque Helios Eseverri.<\/strong><\/p>\n<blockquote><p>Tras ser identificado, se estableci\u00f3 que Sergio Nicol\u00e1s Salguero era buscado por el Juzgado Correccional de Olavarr\u00eda desde el 4 de abril. Ese d\u00eda se hab\u00eda emitido una orden de captura en una causa penal por \u201cencubrimiento en concurso ideal con portaci\u00f3n ilegal de arma de fuego de uso civil\u201d.<\/p><\/blockquote>\n<p>El hombre fue <strong>aprehendido<\/strong> y <strong>notificado de la citaci\u00f3n judicial.<\/strong><\/p>\n","protected":false},"excerpt":{"rendered":"<p>Es un hombre de 44 a\u00f1os imputado por \u201cencubrimiento\u201d y \u201cportaci\u00f3n ilegal de arma de fuego\u201d.<\/p>\n","protected":false},"author":4,"featured_media":168573,"comment_status":"closed","ping_status":"closed","sticky":false,"template":"","format":"standard","meta":{"_jetpack_memberships_contains_paid_content":false,"footnotes":""},"categories":[14,1],"tags":[],"class_list":["post-168572","post","type-post","status-publish","format-standard","has-post-thumbnail","hentry","category-policiales","category-portada"],"jetpack_featured_media_url":"https:\/\/i0.wp.com\/cdnoticias.com\/wp-content\/uploads\/2025\/04\/parque-eseverri-captura-activa.jpg?fit=800%2C446&ssl=1","jetpack_sharing_enabled":true,"_links":{"self":[{"href":"https:\/\/cdnoticias.com\/index.php\/wp-json\/wp\/v2\/posts\/168572","targetHints":{"allow":["GET"]}}],"collection":[{"href":"https:\/\/cdnoticias.com\/index.php\/wp-json\/wp\/v2\/posts"}],"about":[{"href":"https:\/\/cdnoticias.com\/index.php\/wp-json\/wp\/v2\/types\/post"}],"author":[{"embeddable":true,"href":"https:\/\/cdnoticias.com\/index.php\/wp-json\/wp\/v2\/users\/4"}],"replies":[{"embeddable":true,"href":"https:\/\/cdnoticias.com\/index.php\/wp-json\/wp\/v2\/comments?post=168572"}],"version-history":[{"count":0,"href":"https:\/\/cdnoticias.com\/index.php\/wp-json\/wp\/v2\/posts\/168572\/revisions"}],"wp:featuredmedia":[{"embeddable":true,"href":"https:\/\/cdnoticias.com\/index.php\/wp-json\/wp\/v2\/media\/168573"}],"wp:attachment":[{"href":"https:\/\/cdnoticias.com\/index.php\/wp-json\/wp\/v2\/media?parent=168572"}],"wp:term":[{"taxonomy":"category","embeddable":true,"href":"https:\/\/cdnoticias.com\/index.php\/wp-json\/wp\/v2\/categories?post=168572"},{"taxonomy":"post_tag","embeddable":true,"href":"https:\/\/cdnoticias.com\/index.php\/wp-json\/wp\/v2\/tags?post=168572"}],"curies":[{"name":"wp","href":"https:\/\/api.w.org\/{rel}","templated":true}]}}