{"id":168562,"date":"2025-04-09T07:51:38","date_gmt":"2025-04-09T10:51:38","guid":{"rendered":"https:\/\/cdnoticias.com\/?p=168562"},"modified":"2025-04-09T11:54:24","modified_gmt":"2025-04-09T14:54:24","slug":"roberto-chiste-quico-q-e-p-d","status":"publish","type":"post","link":"https:\/\/cdnoticias.com\/index.php\/2025\/04\/09\/roberto-chiste-quico-q-e-p-d\/","title":{"rendered":"Roberto Chiste &#8220;Quico&#8221; (Q.E.P.D.)"},"content":{"rendered":"<p>Falleci\u00f3 en Olavarr\u00eda el d\u00eda 8 de abril de 2025 a los 73 a\u00f1os de edad.<\/p>\n<p>Su esposa Nelida Moyano. Sus hijos Nelson, Natalia y Julieta Chiste. Su hijo pol\u00edtico Yamil Martin. Sus nietos Sol, Bel\u00e9n, Braian, Lola, Lautaro y Santiago. Su hermana Norma. Sus hermanos pol\u00edticos. Sus sobrinos y dem\u00e1s deudos participan su fallecimiento.<\/p>\n<p>Sin velatorio. Responso: a confirmar. Inhumaci\u00f3n: Crematorio Pinos de Paz, el 10 de abril a las 12:30. Servicio adherido a Coopelectric.<\/p>\n<p>Vecino de Barrio Roca Merlo.<\/p>\n<p>Nacido en Olavarr\u00eda.<\/p>\n<p>Actividad que desarrollaba: Jubilado transportista.<\/p>\n","protected":false},"excerpt":{"rendered":"<p>Falleci\u00f3 en Olavarr\u00eda el d\u00eda 8 de abril de 2025 a los 73 a\u00f1os de edad. Su esposa Nelida Moyano.<\/p>\n","protected":false},"author":4,"featured_media":51544,"comment_status":"closed","ping_status":"closed","sticky":false,"template":"","format":"standard","meta":{"_jetpack_memberships_contains_paid_content":false,"footnotes":""},"categories":[10],"tags":[],"class_list":["post-168562","post","type-post","status-publish","format-standard","has-post-thumbnail","hentry","category-necrologicas"],"jetpack_featured_media_url":"https:\/\/i0.wp.com\/cdnoticias.com\/wp-content\/uploads\/2022\/04\/necrologicas-390-x-240.jpg?fit=390%2C240&ssl=1","jetpack_sharing_enabled":true,"_links":{"self":[{"href":"https:\/\/cdnoticias.com\/index.php\/wp-json\/wp\/v2\/posts\/168562","targetHints":{"allow":["GET"]}}],"collection":[{"href":"https:\/\/cdnoticias.com\/index.php\/wp-json\/wp\/v2\/posts"}],"about":[{"href":"https:\/\/cdnoticias.com\/index.php\/wp-json\/wp\/v2\/types\/post"}],"author":[{"embeddable":true,"href":"https:\/\/cdnoticias.com\/index.php\/wp-json\/wp\/v2\/users\/4"}],"replies":[{"embeddable":true,"href":"https:\/\/cdnoticias.com\/index.php\/wp-json\/wp\/v2\/comments?post=168562"}],"version-history":[{"count":0,"href":"https:\/\/cdnoticias.com\/index.php\/wp-json\/wp\/v2\/posts\/168562\/revisions"}],"wp:featuredmedia":[{"embeddable":true,"href":"https:\/\/cdnoticias.com\/index.php\/wp-json\/wp\/v2\/media\/51544"}],"wp:attachment":[{"href":"https:\/\/cdnoticias.com\/index.php\/wp-json\/wp\/v2\/media?parent=168562"}],"wp:term":[{"taxonomy":"category","embeddable":true,"href":"https:\/\/cdnoticias.com\/index.php\/wp-json\/wp\/v2\/categories?post=168562"},{"taxonomy":"post_tag","embeddable":true,"href":"https:\/\/cdnoticias.com\/index.php\/wp-json\/wp\/v2\/tags?post=168562"}],"curies":[{"name":"wp","href":"https:\/\/api.w.org\/{rel}","templated":true}]}}