{"id":168553,"date":"2025-04-08T20:08:04","date_gmt":"2025-04-08T23:08:04","guid":{"rendered":"https:\/\/cdnoticias.com\/?p=168553"},"modified":"2025-04-08T20:08:13","modified_gmt":"2025-04-08T23:08:13","slug":"elecciones-en-unicen-el-rector-aba-buscara-un-segundo-mandato-junto-a-alicia-spinello","status":"publish","type":"post","link":"https:\/\/cdnoticias.com\/index.php\/2025\/04\/08\/elecciones-en-unicen-el-rector-aba-buscara-un-segundo-mandato-junto-a-alicia-spinello\/","title":{"rendered":"Elecciones en Unicen: el rector Aba buscar\u00e1 un segundo mandato junto a Alicia Spinello"},"content":{"rendered":"\n<p>Es la f\u00f3rmula que actualmente gestiona los destinos de la universidad. La novedad fue confirmada este martes.<\/p>\n\n\n\n<hr class=\"wp-block-separator aligncenter has-alpha-channel-opacity\"\/>\n\n\n\n<p>A poco m\u00e1s de<strong> un mes de las elecciones en el rectorado de Unicen, ya se conocen los binomios que se enfrentar\u00e1n para asumir en los cargos m\u00e1s importantes en la universidad: en las \u00faltimas horas, se confirm\u00f3 que el actual rector Marcelo Aba buscar\u00e1 la reelecci\u00f3n junto a su actual vicerrectora, Alicia Spinello.<\/strong><\/p>\n\n\n\n<p>La noticia la dio a conocer Diario El Eco en di\u00e1logo con fuentes cercanas a la f\u00f3rmula. De esta manera, <strong>tanto el actual rector como la vicerrectora buscar\u00e1n un segundo mandato para definir los destinos de la universidad en este complejo contexto.<\/strong><\/p>\n\n\n\n<p><strong>Aba y Spinello asumieron en 2021, en plena pandemia<\/strong>, y adem\u00e1s de gestionar en ese contexto, el \u00faltimo a\u00f1o y medio lo hicieron bajo el violento desfinanciamiento universitario de la gesti\u00f3n nacional de Javier Milei, que moviliz\u00f3 y gener\u00f3 importantes acciones de la comunidad.<\/p>\n\n\n\n<p><strong>La f\u00f3rmula oficial enfrentar\u00e1 a la decana de la Facultad de Derecho, Laura Giosa, que compartir\u00e1 f\u00f3rmula con su par de Exactas, Silvia Stipcich.<\/strong><\/p>\n\n\n\n<figure class=\"wp-block-embed is-type-wp-embed is-provider-central-de-noticias-olavarr-a wp-block-embed-central-de-noticias-olavarr-a\"><div class=\"wp-block-embed__wrapper\">\n<blockquote class=\"wp-embedded-content\" data-secret=\"EgCce8LAZr\"><a href=\"https:\/\/cdnoticias.com\/index.php\/2025\/03\/30\/laura-giosa-queremos-trasladar-esta-forma-de-trabajo-que-hemos-instaurado-en-las-unidades-academicas-al-rectorado\/\">Laura Giosa: \u201cqueremos trasladar esta forma de trabajo que hemos instaurado en las unidades acad\u00e9micas al Rectorado\u201d<\/a><\/blockquote><iframe loading=\"lazy\" class=\"wp-embedded-content\" sandbox=\"allow-scripts\" security=\"restricted\" style=\"position: absolute; visibility: hidden;\" title=\"&#8220;Laura Giosa: \u201cqueremos trasladar esta forma de trabajo que hemos instaurado en las unidades acad\u00e9micas al Rectorado\u201d&#8221; &#8212; Central de Noticias | Olavarr\u00eda\" src=\"https:\/\/cdnoticias.com\/index.php\/2025\/03\/30\/laura-giosa-queremos-trasladar-esta-forma-de-trabajo-que-hemos-instaurado-en-las-unidades-academicas-al-rectorado\/embed\/#?secret=YkpgAnKCuO#?secret=EgCce8LAZr\" data-secret=\"EgCce8LAZr\" width=\"600\" height=\"338\" frameborder=\"0\" marginwidth=\"0\" marginheight=\"0\" scrolling=\"no\"><\/iframe>\n<\/div><\/figure>\n\n\n\n<p><strong>Las elecciones de la Unicen se desarrollar\u00e1n el pr\u00f3ximo 14 de mayo y el rol de Olavarr\u00eda ser\u00e1 clave para definir a las autoridades que gestionar\u00e1n la universidad por los pr\u00f3ximos cuatro a\u00f1os<\/strong>: no s\u00f3lo por la cantidad de votos que aportan desde los diversos claustros de las tres unidades acad\u00e9micas, sino tambi\u00e9n por las situaciones particulares de cada una de las facultades, que<strong> por ahora tendr\u00e1n elecciones de decano en su totalidad.<\/strong><\/p>\n","protected":false},"excerpt":{"rendered":"<p>Es la f\u00f3rmula que actualmente gestiona los destinos de la universidad. La novedad fue confirmada este martes. A poco m\u00e1s<\/p>\n","protected":false},"author":2,"featured_media":168554,"comment_status":"closed","ping_status":"closed","sticky":false,"template":"","format":"standard","meta":{"_jetpack_memberships_contains_paid_content":false,"footnotes":""},"categories":[5,1],"tags":[],"class_list":["post-168553","post","type-post","status-publish","format-standard","has-post-thumbnail","hentry","category-informacion-general","category-portada"],"jetpack_featured_media_url":"https:\/\/i0.wp.com\/cdnoticias.com\/wp-content\/uploads\/2025\/04\/Rector-Vicerrectora.jpg?fit=1280%2C853&ssl=1","jetpack_sharing_enabled":true,"_links":{"self":[{"href":"https:\/\/cdnoticias.com\/index.php\/wp-json\/wp\/v2\/posts\/168553","targetHints":{"allow":["GET"]}}],"collection":[{"href":"https:\/\/cdnoticias.com\/index.php\/wp-json\/wp\/v2\/posts"}],"about":[{"href":"https:\/\/cdnoticias.com\/index.php\/wp-json\/wp\/v2\/types\/post"}],"author":[{"embeddable":true,"href":"https:\/\/cdnoticias.com\/index.php\/wp-json\/wp\/v2\/users\/2"}],"replies":[{"embeddable":true,"href":"https:\/\/cdnoticias.com\/index.php\/wp-json\/wp\/v2\/comments?post=168553"}],"version-history":[{"count":0,"href":"https:\/\/cdnoticias.com\/index.php\/wp-json\/wp\/v2\/posts\/168553\/revisions"}],"wp:featuredmedia":[{"embeddable":true,"href":"https:\/\/cdnoticias.com\/index.php\/wp-json\/wp\/v2\/media\/168554"}],"wp:attachment":[{"href":"https:\/\/cdnoticias.com\/index.php\/wp-json\/wp\/v2\/media?parent=168553"}],"wp:term":[{"taxonomy":"category","embeddable":true,"href":"https:\/\/cdnoticias.com\/index.php\/wp-json\/wp\/v2\/categories?post=168553"},{"taxonomy":"post_tag","embeddable":true,"href":"https:\/\/cdnoticias.com\/index.php\/wp-json\/wp\/v2\/tags?post=168553"}],"curies":[{"name":"wp","href":"https:\/\/api.w.org\/{rel}","templated":true}]}}